{"id":665453,"date":"2026-07-19T01:14:27","date_gmt":"2026-07-19T01:14:27","guid":{"rendered":"https:\/\/www.europesays.com\/es\/665453\/"},"modified":"2026-07-19T01:14:27","modified_gmt":"2026-07-19T01:14:27","slug":"eeuu-lanza-nuevos-ataques-aereos-contra-iran-tras-la-muerte-de-dos-soldados","status":"publish","type":"post","link":"https:\/\/www.europesays.com\/es\/665453\/","title":{"rendered":"EEUU lanza nuevos ataques a\u00e9reos contra Ir\u00e1n tras la muerte de dos soldados"},"content":{"rendered":"<p>    <img src=\"https:\/\/www.europesays.com\/es\/wp-content\/uploads\/2026\/07\/2026-07-19T003A203A13Z-91766699.jpg\" width=\"1024\" height=\"682\" alt=\"\" loading=\"eager\" decoding=\"sync\" fetchpriority=\"high\"\/><\/p>\n<p>            afp_tickers        <\/p>\n<p>        Este contenido fue publicado en    <\/p>\n<p>        19 julio 2026 &#8211; 02:20\n<\/p>\n<p>Estados Unidos lanz\u00f3 en la madrugada del domingo una serie de ataques para \u00abcastigar\u00bb a Ir\u00e1n, despu\u00e9s de informar las primeras muertes de militares estadounidenses desde que se reanudaron las hostilidades con la Rep\u00fablica isl\u00e1mica.<\/p>\n<p>\u00abLas fuerzas estadounidenses han comenzado a lanzar nuevos ataques a\u00e9reos contra Ir\u00e1n por orden del comandante en jefe\u00bb, el presidente Donald Trump, escribi\u00f3 el mando estadounidense para Oriente Medio (Centcom) en X.<\/p>\n<p>\u00abEstos ataques tienen como objetivo reducir a\u00fan m\u00e1s la capacidad de Ir\u00e1n de amenazar la navegaci\u00f3n comercial en el estrecho de Ormuz y castigar r\u00e1pidamente a las fuerzas del Cuerpo de la Guardia Revolucionaria Isl\u00e1mica que lanzaron ataques contra militares estadounidenses en Jordania anoche\u00bb, a\u00f1adi\u00f3.<\/p>\n<p>Las agencias de prensa iran\u00edes Mehr y Tasnim informaron, al mismo tiempo, de ataques estadounidenses en Sirik, un puerto situado frente al estrecho de Ormuz, en el sur del pa\u00eds.<\/p>\n<p>La agencia oficial Irna dio cuenta de un \u00abataque militar enemigo estadounidense cerca de Hajiabad\u00bb, en la misma provincia meridional de Hormozg\u00e1n.<\/p>\n<p>El Centcom hab\u00eda anunciado m\u00e1s temprano la muerte de dos militares estadounidenses, los primeros desde la reanudaci\u00f3n de las hostilidades del 7 de julio, y la desaparici\u00f3n de un tercero en \u00abataques con misiles y drones iran\u00edes\u00bb el viernes en Jordania.<\/p>\n<p>En total, el n\u00famero de militares estadounidenses muertos desde el inicio de la guerra, en febrero, asciende a 16.<\/p>\n<p>La guerra, iniciada el 28 de febrero por la ofensiva israeloestadounidense contra Ir\u00e1n, hab\u00eda quedado en suspenso tras el alto el fuego de abril. Pero desde la reanudaci\u00f3n de las hostilidades la primera semana de julio, la violencia alcanz\u00f3 niveles sin precedentes.<\/p>\n<p>\u2013 \u00abLecci\u00f3n inolvidable\u00bb \u2013<\/p>\n<p>El l\u00edder supremo iran\u00ed, Mojtaba Jamenei, amenaz\u00f3 este s\u00e1bado con infligir una \u00ablecci\u00f3n inolvidable\u00bb a Estados Unidos tras la reanudaci\u00f3n de sus ataques contra Ir\u00e1n.<\/p>\n<p>\u00abAhora que el enemigo estadounidense busca incitar a la guerra (\u2026) debe saber que la querida naci\u00f3n iran\u00ed y el frente de la resistencia tienen lecciones inolvidables que ofrecerle\u00bb, afirm\u00f3 el ayatol\u00e1 en un mensaje escrito citado por la televisi\u00f3n estatal.<\/p>\n<p>\u00abLa violaci\u00f3n repetida\u00bb del memor\u00e1ndum de entendimiento \u00abha demostrado una vez m\u00e1s a todos que la firma del presidente estadounidense no vale nada\u00bb, a\u00f1adi\u00f3.<\/p>\n<p>Seg\u00fan un balance del Ministerio iran\u00ed de Salud, los bombardeos estadounidenses han causado al menos 50 muertos y m\u00e1s de 500 heridos desde el 27 de junio.<\/p>\n<p>Teher\u00e1n anunci\u00f3 el s\u00e1bado haber atacado una base a\u00e9rea utilizada por Estados Unidos en Jordania, as\u00ed como instalaciones militares e infraestructuras civiles en Kuwait.\u00a0<\/p>\n<p>Bar\u00e9in, que alberga una importante base naval estadounidense, tambi\u00e9n fue atacado.<\/p>\n<p>\u2013 Da\u00f1os en Kuwait \u2013<\/p>\n<p>Seg\u00fan las autoridades kuwait\u00edes, los ataques da\u00f1aron gravemente una instalaci\u00f3n petrolera y provocaron un incendio, as\u00ed como el cierre de varias unidades de producci\u00f3n en una central el\u00e9ctrica y de desalinizaci\u00f3n de agua.<\/p>\n<p>Otra instalaci\u00f3n similar ya hab\u00eda sido alcanzada el d\u00eda anterior.<\/p>\n<p>Por su parte, el Consejo de Cooperaci\u00f3n del Golfo, que agrupa a seis pa\u00edses de la regi\u00f3n, conden\u00f3 los ataques iran\u00edes contra infraestructuras civiles y dijo que constituyen \u00abcr\u00edmenes de guerra\u00bb.<\/p>\n<p>\u00abEl miedo a posibles cortes de electricidad es evidente, a la vista de los llamamientos generales a reducir el consumo y apagar los aparatos no esenciales\u00bb, declar\u00f3 a la AFP Ali Mahmoud, un egipcio de 46 a\u00f1os que trabaja en un proveedor de electricidad kuwait\u00ed.<\/p>\n<p>En Ir\u00e1n, las autoridades de la provincia de Hormozg\u00e1n afirmaron que los ataques estadounidenses hab\u00edan \u00abdestruido por completo\u00bb una estaci\u00f3n de bombeo de agua de mar y un transformador el\u00e9ctrico de una planta de desalinizaci\u00f3n.<\/p>\n<p>Paralelamente a estos bombardeos, tambi\u00e9n se producen incidentes mar\u00edtimos en el estrecho de Ormuz.<\/p>\n<p>La reapertura de esta v\u00eda estrat\u00e9gica por parte de Ir\u00e1n hab\u00eda sido uno de los principales logros del acuerdo destinado a conducir a la paz, pero el tr\u00e1fico mar\u00edtimo vuelve a estar pr\u00e1cticamente paralizado.<\/p>\n<p>Casi una quinta parte del comercio mundial de hidrocarburos transitaba por este estrecho antes de la guerra.\u00a0<\/p>\n<p>Con el nuevo bloqueo de Teher\u00e1n, Washington reimpuso el bloqueo a los puertos de Ir\u00e1n, que hab\u00eda levantado siguiendo el acuerdo marco.<\/p>\n<p>Los Guardianes de la Revoluci\u00f3n, el ej\u00e9rcito ideol\u00f3gico de Ir\u00e1n, advirtieron que los ataques \u00abcontinuar\u00edan hasta que vuelva la calma a la costa sur y al estrecho de Ormuz\u00bb.<\/p>\n<p>burx-roc\/gmo\/cr\/lb<\/p>\n","protected":false},"excerpt":{"rendered":"afp_tickers Este contenido fue publicado en 19 julio 2026 &#8211; 02:20 Estados Unidos lanz\u00f3 en la madrugada del&hellip;\n","protected":false},"author":2,"featured_media":665454,"comment_status":"","ping_status":"","sticky":false,"template":"","format":"standard","meta":{"footnotes":""},"categories":[42],"tags":[635,11642,17,18,82,636,11643,14686,13,14,4437,11,61,62,63,64,19,20,9,10,15,16,14690,88,90,12,22917,21,22,3191,84622,65,66,67],"class_list":["post-665453","post","type-post","status-publish","format-standard","has-post-thumbnail","category-internacional","tag-armed-conflict","tag-armed-forces","tag-breaking-news","tag-breakingnews","tag-business","tag-conflict","tag-defence","tag-energy-and-resource","tag-featured-news","tag-featurednews","tag-government","tag-headlines","tag-internacional","tag-international","tag-international-news","tag-internationalnews","tag-latest-news","tag-latestnews","tag-news","tag-noticias","tag-noticias-destacadas","tag-noticiasdestacadas","tag-oil-and-gas-upstream-activities","tag-politics","tag-ticker","tag-titulares","tag-transport","tag-ultimas-noticias","tag-ultimasnoticias","tag-war","tag-waterway-and-maritime-transport","tag-world","tag-world-news","tag-worldnews"],"share_on_mastodon":{"url":"","error":"Validation failed: Text character limit of 500 exceeded"},"_links":{"self":[{"href":"https:\/\/www.europesays.com\/es\/wp-json\/wp\/v2\/posts\/665453","targetHints":{"allow":["GET"]}}],"collection":[{"href":"https:\/\/www.europesays.com\/es\/wp-json\/wp\/v2\/posts"}],"about":[{"href":"https:\/\/www.europesays.com\/es\/wp-json\/wp\/v2\/types\/post"}],"author":[{"embeddable":true,"href":"https:\/\/www.europesays.com\/es\/wp-json\/wp\/v2\/users\/2"}],"replies":[{"embeddable":true,"href":"https:\/\/www.europesays.com\/es\/wp-json\/wp\/v2\/comments?post=665453"}],"version-history":[{"count":0,"href":"https:\/\/www.europesays.com\/es\/wp-json\/wp\/v2\/posts\/665453\/revisions"}],"wp:featuredmedia":[{"embeddable":true,"href":"https:\/\/www.europesays.com\/es\/wp-json\/wp\/v2\/media\/665454"}],"wp:attachment":[{"href":"https:\/\/www.europesays.com\/es\/wp-json\/wp\/v2\/media?parent=665453"}],"wp:term":[{"taxonomy":"category","embeddable":true,"href":"https:\/\/www.europesays.com\/es\/wp-json\/wp\/v2\/categories?post=665453"},{"taxonomy":"post_tag","embeddable":true,"href":"https:\/\/www.europesays.com\/es\/wp-json\/wp\/v2\/tags?post=665453"}],"curies":[{"name":"wp","href":"https:\/\/api.w.org\/{rel}","templated":true}]}}