{"id":665522,"date":"2026-07-19T02:25:18","date_gmt":"2026-07-19T02:25:18","guid":{"rendered":"https:\/\/www.europesays.com\/es\/665522\/"},"modified":"2026-07-19T02:25:18","modified_gmt":"2026-07-19T02:25:18","slug":"a-prision-el-presunto-autor-del-homicidio-de-una-mujer-y-su-hijo-en-hinojedo-en-2024","status":"publish","type":"post","link":"https:\/\/www.europesays.com\/es\/665522\/","title":{"rendered":"A prisi\u00f3n el presunto autor del homicidio de una mujer y su hijo en Hinojedo en 2024"},"content":{"rendered":"<p style=\"\">Un hombre de 28 a\u00f1os, vecino del municipio c\u00e1ntabro de Miengo, ha ingresado en prisi\u00f3n acusado del homicidio de una mujer de 81 a\u00f1os y  &#8230; de su hijo, de 41, en la localidad de Hinojedo en 2024, ha informado la Guardia Civil en un comunicado.<\/p>\n<p class=\"v-d-p\" style=\"\"><a href=\"https:\/\/www.eldiariomontanes.es\/region\/besaya\/crimen-hinojedo-sigue-bajo-secreto-sumario-ano-20250507071830-nt.html\" target=\"_self\" data-voc-vtm-id=\"in-text-traffic\" data-mrf-link=\"www.eldiariomontanes.es\" rel=\"nofollow noopener\">Despu\u00e9s de una investigaci\u00f3n en la que ha sido crucial el hallazgo de unos restos biol\u00f3gicos<\/a> en los escenarios en los que aparecieron los cuerpos, el instituto armado detuvo al presunto homicida.<\/p>\n<p class=\"v-d-p\" style=\"\">La Guardia Civil encontr\u00f3 al hijo ahorcado en un cobertizo situado junta a la vivienda unifamiliar en la que resid\u00eda con su madre, que fue hallada despu\u00e9s dentro de la casa, con signos de haber sido estrangulada posiblemente con un cable o una cuerda.<\/p>\n<p class=\"v-d-p\" style=\"\">La primera hip\u00f3tesis de los investigadores, tras el hallazgo de los cuerpos, apuntaba a que el hijo hab\u00eda matado a la madre y despu\u00e9s se hab\u00eda suicidado.<\/p>\n<p class=\"v-a-t\">\nEl acusado ha ingresado en prisi\u00f3n provisional comunicada y sin fianza\n<\/p>\n<p class=\"v-d-p\" style=\"\">Sin embargo, con el paso del tiempo las hip\u00f3tesis se centraron en un posible homicidio ya que entre las muestras biol\u00f3gicas halladas en la casa, hab\u00eda una que no se pudo identificar y que no formaba parte de los archivos de la Guardia Civil.<\/p>\n<p class=\"v-d-p\" style=\"\">El resto de las muestras halladas pertenec\u00edan a personas del entorno de los fallecidos.<\/p>\n<p class=\"v-d-p\" style=\"\">Las pesquisas condujeron a un hombre que hab\u00eda estado realizando una instalaci\u00f3n en la vivienda a finales de 2023 y hab\u00eda vuelto a la casa en diferentes ocasiones para hacer reparaciones relacionadas con ese trabajo.<\/p>\n<p class=\"v-d-p\" style=\"\">Fue localizado la semana pasada y se pudo comprobar que las pruebas biol\u00f3gicas correspond\u00edan a esta persona.<\/p>\n<p class=\"v-d-p\" style=\"\">La investigaci\u00f3n ha estado dirigida por el la magistrada de la Secci\u00f3n Civil y de Instrucci\u00f3n del Tribunal de Instancia Plaza 7 de Torrelavega desde que ocurrieron los hechos.<\/p>\n<p class=\"v-d-p\" style=\"\">El detenido ha pasado este s\u00e1bado a disposici\u00f3n judicial y, tras declarar ante el titular del la plaza n\u00famero 5 de Torrelavega, en funciones de guardia, ha ingresado en prisi\u00f3n.<\/p>\n<p class=\"v-d-p\" style=\"\">Seg\u00fan han informado a Efe fuentes judiciales, el magistrado ha acordado prisi\u00f3n provisional comunicada y sin fianza para el detenido.<\/p>\n","protected":false},"excerpt":{"rendered":"Un hombre de 28 a\u00f1os, vecino del municipio c\u00e1ntabro de Miengo, ha ingresado en prisi\u00f3n acusado del homicidio&hellip;\n","protected":false},"author":2,"featured_media":665523,"comment_status":"","ping_status":"","sticky":false,"template":"","format":"standard","meta":{"footnotes":""},"categories":[8],"tags":[1382,1697,17,18,25,24,13,14,11,30,121270,24733,19,20,2461,9,10,15,16,15039,16733,23,12,21,22],"class_list":["post-665522","post","type-post","status-publish","format-standard","has-post-thumbnail","category-espana","tag-1382","tag-autor","tag-breaking-news","tag-breakingnews","tag-es","tag-espana","tag-featured-news","tag-featurednews","tag-headlines","tag-hijo","tag-hinojedo","tag-homicidio","tag-latest-news","tag-latestnews","tag-mujer","tag-news","tag-noticias","tag-noticias-destacadas","tag-noticiasdestacadas","tag-presunto","tag-prision","tag-spain","tag-titulares","tag-ultimas-noticias","tag-ultimasnoticias"],"share_on_mastodon":{"url":"https:\/\/pubeurope.com\/@es\/116944275189018818","error":""},"_links":{"self":[{"href":"https:\/\/www.europesays.com\/es\/wp-json\/wp\/v2\/posts\/665522","targetHints":{"allow":["GET"]}}],"collection":[{"href":"https:\/\/www.europesays.com\/es\/wp-json\/wp\/v2\/posts"}],"about":[{"href":"https:\/\/www.europesays.com\/es\/wp-json\/wp\/v2\/types\/post"}],"author":[{"embeddable":true,"href":"https:\/\/www.europesays.com\/es\/wp-json\/wp\/v2\/users\/2"}],"replies":[{"embeddable":true,"href":"https:\/\/www.europesays.com\/es\/wp-json\/wp\/v2\/comments?post=665522"}],"version-history":[{"count":0,"href":"https:\/\/www.europesays.com\/es\/wp-json\/wp\/v2\/posts\/665522\/revisions"}],"wp:featuredmedia":[{"embeddable":true,"href":"https:\/\/www.europesays.com\/es\/wp-json\/wp\/v2\/media\/665523"}],"wp:attachment":[{"href":"https:\/\/www.europesays.com\/es\/wp-json\/wp\/v2\/media?parent=665522"}],"wp:term":[{"taxonomy":"category","embeddable":true,"href":"https:\/\/www.europesays.com\/es\/wp-json\/wp\/v2\/categories?post=665522"},{"taxonomy":"post_tag","embeddable":true,"href":"https:\/\/www.europesays.com\/es\/wp-json\/wp\/v2\/tags?post=665522"}],"curies":[{"name":"wp","href":"https:\/\/api.w.org\/{rel}","templated":true}]}}