{"id":665544,"date":"2026-07-19T02:47:24","date_gmt":"2026-07-19T02:47:24","guid":{"rendered":"https:\/\/www.europesays.com\/es\/665544\/"},"modified":"2026-07-19T02:47:24","modified_gmt":"2026-07-19T02:47:24","slug":"las-protestas-contra-zelenski-crecen-en-ucrania-tras-destituir-al-ministro-de-defensa-fedorov","status":"publish","type":"post","link":"https:\/\/www.europesays.com\/es\/665544\/","title":{"rendered":"Las protestas contra Zelenski crecen en Ucrania tras destituir al ministro de Defensa Fedorov"},"content":{"rendered":"<p class=\"c-paragraph\">Las autoridades <a href=\"https:\/\/www.20minutos.es\/tags\/lugares\/ucrania.html\" title=\"Ucrania\" rel=\"nofollow noopener\" target=\"_blank\">ucranianas<\/a> est\u00e1n tratando de contener la crisis provocada por la destituci\u00f3n del popular ministro de Defensa <b>Mijailo Fedorov<\/b>, pero las protestas van en aumento en medio de las peticiones de dimisi\u00f3n del comandante del ej\u00e9rcito, Oleksandr Sirski.<\/p>\n<p class=\"c-paragraph\">El nombramiento del reputado oficial de operaciones especiales Yevgueni Jmara como ministro interino y<b> la promesa de Zelenski <\/b>de \u00abcontinuar con todos los programas activos\u00bb para fortalecer el ej\u00e9rcito han hecho poco por calmar las preocupaciones de miles de manifestantes que participaron en concentraciones el viernes por la noche y se preparaban para unirse a nuevas manifestaciones anunciadas para este s\u00e1bado en m\u00e1s de 20 ciudades.<\/p>\n<p class=\"c-paragraph\">Alrededor de <b>5.000 personas se congregaron a unos 500 metros del edificio<\/b> de la Presidencia en Kiev, mientras que entre mil y dos mil asistieron a una manifestaci\u00f3n en el centro de Le\u00f3polis, muchos de ellos j\u00f3venes representantes de la clase media.<\/p>\n<p>Sirski, bajo presi\u00f3n<\/p>\n<p class=\"c-paragraph\">El general <b>Oleksandr Sirski<\/b> fue blanco de la indignaci\u00f3n entre los manifestantes que exigieron su dimisi\u00f3n inmediata tras revelarse su conflicto con F\u00e9dorov.<\/p>\n<p class=\"c-paragraph\"><b>\u00ab\u00c9l es el principal obst\u00e1culo para los cambios positivos\u00bb<\/b>, declar\u00f3 Mar\u00eda, una estudiante universitaria de 17 a\u00f1os, mientras sosten\u00eda una pancarta que dec\u00eda \u00ab\u00a1Fuera Sirski!\u00bb.<\/p>\n<p class=\"c-paragraph\">\u00abFedorov dej\u00f3 claro que<b> ya no puede trabajar con Sirski<\/b> porque este \u00faltimo est\u00e1 bloqueando las reformas que F\u00e9dorov quiere implementar\u00bb, declar\u00f3 Mijailo Kmet, especialista en inform\u00e1tica que asisti\u00f3 a la manifestaci\u00f3n con su hija de un a\u00f1o.<\/p>\n<p class=\"c-paragraph\">Kmet y otros manifestantes tambi\u00e9n responsabilizan a Sirski de<b> la violencia contra los nuevos reclutas <\/b>en algunas unidades y de su supuesta dependencia de m\u00e9todos que provocan numerosas bajas entre los soldados.<\/p>\n<p class=\"c-paragraph\">\u00abNo tenemos tanta gente como Rusia. No nos queda otra opci\u00f3n que tratar con respeto a los miembros del ej\u00e9rcito y usar m\u00e1s drones\u00bb, subray\u00f3 Kmet, quien se\u00f1al\u00f3 que cree que <b>el presidente a\u00fan puede destituir a Sirski y reponer a Fedorov.<\/b><\/p>\n<p>Reacci\u00f3n \u00abinadecuada\u00bb<\/p>\n<p class=\"c-paragraph\">La reacci\u00f3n del presidente ante la ola de cr\u00edticas provocada por su inesperada decisi\u00f3n de destituir a F\u00e9dorov ha sido \u00abinadecuada\u00bb hasta el momento, declar\u00f3 <b>Yeva Galagan<\/b>, de 27 a\u00f1os, mientras que los manifestantes instaron a las autoridades a \u00abescucharlos\u00bb.<\/p>\n<p class=\"c-paragraph\">Para Galagan, cuya madre se uni\u00f3 al ej\u00e9rcito al comienzo de la invasi\u00f3n rusa hace casi cuatro a\u00f1os y medio, la destituci\u00f3n de Fedorov representa <b>un duro golpe para las esperanzas de reformas en el Ej\u00e9rcito.<\/b><\/p>\n<p class=\"c-paragraph\">A pesar de su asociaci\u00f3n con exitosos ataques de largo alcance contra Rusia, la capacidad de Jmara como gestor de defensa<b> sigue siendo una inc\u00f3gnita.<\/b><\/p>\n<p class=\"c-paragraph\">Aunque Jmara demuestre ser un administrador capaz, se perder\u00e1 un tiempo precioso en <b>un momento vital para la defensa de Ucrania<\/b>, declar\u00f3 Sofia Onishchenko, una residente desplazada de una aldea en la regi\u00f3n de Jarkov destruida por los ataques rusos.<\/p>\n<p class=\"c-paragraph\">\u00abMe temo que esto provocar\u00e1 que otras ciudades sufran la misma suerte\u00bb, se\u00f1al\u00f3, expresando su cr\u00edtica a que \u00ablos ministros <b>cambien con m\u00e1s frecuencia que los soldados en las trincheras\u00bb.<\/b><\/p>\n<p>Zelenski habla con los comandantes<\/p>\n<p class=\"c-paragraph\">Seg\u00fan los analistas, la crisis actual se percibe en el extranjero como un asunto interno que debe resolver el presidente, a diferencia de las <b>manifestaciones de julio de 2025<\/b> contra las medidas adoptadas contra los organismos anticorrupci\u00f3n, que provocaron la presi\u00f3n de la Uni\u00f3n Europea (UE).<\/p>\n<p class=\"c-paragraph\">Si bien el futuro de Fedorov sigue siendo incierto, Serg\u00ed Bezkrestnov, exasesor de Fedorov en materia de drones, ha aceptado la invitaci\u00f3n de Zelenski para c<b>onvertirse en asesor presidencial <\/b>en un intento por contener la crisis.<\/p>\n<p class=\"c-paragraph\">La situaci\u00f3n en el ej\u00e9rcito tambi\u00e9n fue tema de conversaci\u00f3n entre Zelenski y <b>varios altos mandos militares el viernes y el s\u00e1bado.<\/b><\/p>\n<p class=\"c-paragraph\">Algunos oficiales ya han expresado abiertamente su preocupaci\u00f3n, destacando que Sirski se apoya en<b> la lealtad personal y el \u00abcontrol manual\u00bb<\/b> en vez de fomentar la iniciativa y un enfoque sist\u00e9mico.<\/p>\n<p class=\"c-paragraph\">\u00abLas Fuerzas Armadas necesitan cambios urgentes; de lo contrario, podr\u00edamos ser derrotados\u00bb, declar\u00f3 el subcomandante del XI Cuerpo, el general <b>Sergi Sobko.<\/b><\/p>\n<p class=\"c-paragraph\">Seg\u00fan diputados que dialogaron con Zelenski sobre el tema, el presidente est\u00e1 considerando destituir a Sirski. Sin embargo, tambi\u00e9n existe preocupaci\u00f3n por el p<b>osible impacto en la delicada situaci\u00f3n en el frente<\/b>, donde Ucrania enfrenta una presi\u00f3n constante por parte de Rusia.<\/p>\n<p class=\"c-paragraph\">\u00abRusia se est\u00e1 preparando para<b> movilizar a 500.000 personas en oto\u00f1o\u00bb<\/b>, se\u00f1al\u00f3 el s\u00e1bado el coronel Andr\u00ed Kovalenko, del Consejo Nacional de Seguridad y Defensa. \u00abTodos necesitaremos unidad y eficacia\u00bb, subray\u00f3.<\/p>\n","protected":false},"excerpt":{"rendered":"Las autoridades ucranianas est\u00e1n tratando de contener la crisis provocada por la destituci\u00f3n del popular ministro de Defensa&hellip;\n","protected":false},"author":2,"featured_media":665545,"comment_status":"","ping_status":"","sticky":false,"template":"","format":"standard","meta":{"footnotes":""},"categories":[42],"tags":[17,18,19913,17142,13,14,11,61,62,63,64,4207,19,20,9,10,15,16,2315,12,21,22,65,66,67,2318],"class_list":["post-665544","post","type-post","status-publish","format-standard","has-post-thumbnail","category-internacional","tag-breaking-news","tag-breakingnews","tag-contra","tag-crecen","tag-featured-news","tag-featurednews","tag-headlines","tag-internacional","tag-international","tag-international-news","tag-internationalnews","tag-las","tag-latest-news","tag-latestnews","tag-news","tag-noticias","tag-noticias-destacadas","tag-noticiasdestacadas","tag-protestas","tag-titulares","tag-ultimas-noticias","tag-ultimasnoticias","tag-world","tag-world-news","tag-worldnews","tag-zelenski"],"share_on_mastodon":{"url":"https:\/\/pubeurope.com\/@es\/116944361625842376","error":""},"_links":{"self":[{"href":"https:\/\/www.europesays.com\/es\/wp-json\/wp\/v2\/posts\/665544","targetHints":{"allow":["GET"]}}],"collection":[{"href":"https:\/\/www.europesays.com\/es\/wp-json\/wp\/v2\/posts"}],"about":[{"href":"https:\/\/www.europesays.com\/es\/wp-json\/wp\/v2\/types\/post"}],"author":[{"embeddable":true,"href":"https:\/\/www.europesays.com\/es\/wp-json\/wp\/v2\/users\/2"}],"replies":[{"embeddable":true,"href":"https:\/\/www.europesays.com\/es\/wp-json\/wp\/v2\/comments?post=665544"}],"version-history":[{"count":0,"href":"https:\/\/www.europesays.com\/es\/wp-json\/wp\/v2\/posts\/665544\/revisions"}],"wp:featuredmedia":[{"embeddable":true,"href":"https:\/\/www.europesays.com\/es\/wp-json\/wp\/v2\/media\/665545"}],"wp:attachment":[{"href":"https:\/\/www.europesays.com\/es\/wp-json\/wp\/v2\/media?parent=665544"}],"wp:term":[{"taxonomy":"category","embeddable":true,"href":"https:\/\/www.europesays.com\/es\/wp-json\/wp\/v2\/categories?post=665544"},{"taxonomy":"post_tag","embeddable":true,"href":"https:\/\/www.europesays.com\/es\/wp-json\/wp\/v2\/tags?post=665544"}],"curies":[{"name":"wp","href":"https:\/\/api.w.org\/{rel}","templated":true}]}}