{"id":665552,"date":"2026-07-19T02:57:17","date_gmt":"2026-07-19T02:57:17","guid":{"rendered":"https:\/\/www.europesays.com\/es\/665552\/"},"modified":"2026-07-19T02:57:17","modified_gmt":"2026-07-19T02:57:17","slug":"espana-a-por-el-oro-en-budapest-abc","status":"publish","type":"post","link":"https:\/\/www.europesays.com\/es\/665552\/","title":{"rendered":"\u00a1Espa\u00f1a, a por el oro en Budapest! &#8211; ABC"},"content":{"rendered":"<ol>\n<li><a href=\"https:\/\/news.google.com\/rss\/articles\/CBMilgFBVV95cUxPRTVwUmdtbTZYNENYdHVaaHF5VEVEeWlvX2FQS2IwbGlrNVdUd3NvQ1h6aTZIbXNpMU9DeEZObTU1amVrN2V6R3ZGOGZ2QVV1d01TbGVKbTVwNVU2NktXaENSUmVETWpTWUJVTW8zQTFWQTNLTld4X1p6NWR4UzliMFZZUk1NOHpRX3BiTW0yUElMcnRtU2c?oc=5\" target=\"_blank\" rel=\"nofollow noopener\">\u00a1Espa\u00f1a, a por el oro en Budapest!<\/a>&nbsp;&nbsp;ABC<\/li>\n<li><a href=\"https:\/\/news.google.com\/rss\/articles\/CBMitwFBVV95cUxNUThzdXpReXdMUU8xcG1FYW91WUdYWFAwYUhBSE5xeFFxT2VxV1lyYTBtUzN3cnZYajczWFVCNERCUVRlQXlqM3ZxVFM1MTB6V0JNTVNoY2p3YTZzbDVidnVsREk1dGk5UzE4VEY1YmxrYnhBMzlXSzN1bkhxS25nVHNjckxLTGlyWGh1Y05FNjBERTRDVnNXTWoxdmJSY1RvVmRNVTQ2X3cwa0t2d1FmcGpYbkhKanc?oc=5\" target=\"_blank\" rel=\"nofollow noopener\">Espa\u00f1a da un paso al frente en Budapest y el f\u00fatbol sala ya mira a las medallas<\/a>&nbsp;&nbsp;ABC<\/li>\n<li><a href=\"https:\/\/news.google.com\/rss\/articles\/CBMiwgFBVV95cUxNamZTbHd2V0VUS1dQU3VaUUo0S0FqeTN2SFZuUjVOV0lSV1laUWZMMWRxR1JwZ19namwxaW1oUnl2RVBaSjFPVXlqcmdHalZmUDZ6QzMzd3hISTFOME41OHg5MW9vR2NiUGhjT25US3o0VVlhOUNPOW83TXVzRzRWMXoxeDRCREJJLXkzZXloNUZWSTV1VnNOZ2h4bjJyTnl5Mkw1Z2pVRTdjNGI4UXhEcDJGZjlEc2JnZkJTd3V1bVBkQQ?oc=5\" target=\"_blank\" rel=\"nofollow noopener\">Espa\u00f1a acaricia las finales en FISEC y mantiene intacto el sue\u00f1o de las medallas<\/a>&nbsp;&nbsp;ABC<\/li>\n<li><a href=\"https:\/\/news.google.com\/rss\/articles\/CBMiwAFBVV95cUxNRGJLTDBoS2U3Vl9UOTZaeWctX2VPajF2NVp1Q1pqampmWk9xbDlXZkd0TmdYak1Oa3F0NXhXMVFqUEd0eXhxMWxQRjN0c3gzaV9FYjZDSG9ZMmUxZUJCT3ZkQjUteEdLT0FJREIwdDAwOEFFSGhsenR1YjNCai1YWjBRcjVFNXRiM3N4M2s3MFlaeTYzSUZ0d2lZaTlmNlAzS05HeGJ2a2xJeExwdmdZZmtDb2RNb2poTVA0NFpsV3g?oc=5\" target=\"_blank\" rel=\"nofollow noopener\">El Colegio Virgen del Carmen lidera el estreno espa\u00f1ol en los Juegos FISEC de Budapest<\/a>&nbsp;&nbsp;ABC<\/li>\n<li><a href=\"https:\/\/news.google.com\/rss\/articles\/CBMi0AFBVV95cUxQT2xZdEpHRnlVdGQtT0xPMGtranIzYXNINFNJVEdvU3RzN3BIMlkxaWR3WmtNOFFmZlhOaTZyRnYwcWdQSEpUYjN0eVZCcVdGdW1Ea2tMbThBR0hhQWlyWHFHSzBzaW80X2M4V0lxSEhmZTY0NzMxTEZyT1dsajMzb09iNnpjT1MtMmV0S085dXRsWHdGbWZGSUJHd01CeFB2NXhWZzJfNGpmTUtoWGZvVHFSUThVUWlISmEyVERUc3hnck9FbjhYZHZrcVpGWm1a?oc=5\" target=\"_blank\" rel=\"nofollow noopener\">La delegaci\u00f3n espa\u00f1ola aterriza en Budapest para participar en la 76\u00ba edici\u00f3n de los Juegos FISEC<\/a>&nbsp;&nbsp;ABC<\/li>\n<\/ol>\n","protected":false},"excerpt":{"rendered":"\u00a1Espa\u00f1a, a por el oro en Budapest!&nbsp;&nbsp;ABC Espa\u00f1a da un paso al frente en Budapest y el f\u00fatbol&hellip;\n","protected":false},"author":2,"featured_media":665553,"comment_status":"","ping_status":"","sticky":false,"template":"","format":"standard","meta":{"footnotes":""},"categories":[269],"tags":[299,298,11165,168,25,24,3371,23,167],"class_list":["post-665552","post","type-post","status-publish","format-standard","has-post-thumbnail","category-baloncesto","tag-baloncesto","tag-basketball","tag-budapest","tag-deportes","tag-es","tag-espana","tag-oro","tag-spain","tag-sports"],"share_on_mastodon":{"url":"https:\/\/pubeurope.com\/@es\/116944401110281861","error":""},"_links":{"self":[{"href":"https:\/\/www.europesays.com\/es\/wp-json\/wp\/v2\/posts\/665552","targetHints":{"allow":["GET"]}}],"collection":[{"href":"https:\/\/www.europesays.com\/es\/wp-json\/wp\/v2\/posts"}],"about":[{"href":"https:\/\/www.europesays.com\/es\/wp-json\/wp\/v2\/types\/post"}],"author":[{"embeddable":true,"href":"https:\/\/www.europesays.com\/es\/wp-json\/wp\/v2\/users\/2"}],"replies":[{"embeddable":true,"href":"https:\/\/www.europesays.com\/es\/wp-json\/wp\/v2\/comments?post=665552"}],"version-history":[{"count":0,"href":"https:\/\/www.europesays.com\/es\/wp-json\/wp\/v2\/posts\/665552\/revisions"}],"wp:featuredmedia":[{"embeddable":true,"href":"https:\/\/www.europesays.com\/es\/wp-json\/wp\/v2\/media\/665553"}],"wp:attachment":[{"href":"https:\/\/www.europesays.com\/es\/wp-json\/wp\/v2\/media?parent=665552"}],"wp:term":[{"taxonomy":"category","embeddable":true,"href":"https:\/\/www.europesays.com\/es\/wp-json\/wp\/v2\/categories?post=665552"},{"taxonomy":"post_tag","embeddable":true,"href":"https:\/\/www.europesays.com\/es\/wp-json\/wp\/v2\/tags?post=665552"}],"curies":[{"name":"wp","href":"https:\/\/api.w.org\/{rel}","templated":true}]}}