{"id":6656,"date":"2025-07-27T09:17:08","date_gmt":"2025-07-27T09:17:08","guid":{"rendered":"https:\/\/www.europesays.com\/es\/6656\/"},"modified":"2025-07-27T09:17:08","modified_gmt":"2025-07-27T09:17:08","slug":"uno-tiene-miedo-de-convertirse-en-una-caricatura-pero-con-60-anos-estoy-mas-vivo-que-nunca","status":"publish","type":"post","link":"https:\/\/www.europesays.com\/es\/6656\/","title":{"rendered":"\u00abUno tiene miedo de convertirse en una caricatura, pero con 60 a\u00f1os estoy m\u00e1s vivo que nunca\u00bb"},"content":{"rendered":"<p style=\"\"><strong>Mikel Erentxun (Caracas, 1965)<\/strong> es un de los m\u00fasicos espa\u00f1oles que han logrado llevar una trayectoria m\u00e1s coherente a lo largo de sus cuarenta a\u00f1os de carrera. Con apenas 19 a\u00f1os form\u00f3 <strong>Duncan Dhu<\/strong> junto a <strong>Diego Vasallo y Juan Ram\u00f3n Viles<\/strong>.  &#8230; Aquel tr\u00edo se redujo luego a un d\u00fao tras la marcha de Viles y se convirti\u00f3 en un referente dentro del pop nacional. Paralelamente a esto, Erentxun comenz\u00f3 a partir de 1993 una etapa en solitario que ahora vive una etapa de madurez despu\u00e9s de haber publicado discos tan aplaudidos por la cr\u00edtica y el p\u00fablico como &#8216;Septiempre&#8217;. Este domingo actuar\u00e1 en <strong>T\u00edo Pepe Festival <\/strong>dentro de la gira Duncan Dhu Tour 2025, con la que est\u00e1 celebrando cuatro d\u00e9cadas de esta banda. En la Bodega las Copas de Jerez de la Frontera, Erentxun repasar\u00e1 grandes \u00e9xitos y otros temas menos conocidos de este conjunto. <\/p>\n<p class=\"voc-p\" style=\"\"><strong>\u2014\u00bfHab\u00eda actuado antes en T\u00edo Pepe Festival?<\/strong><\/p>\n<p class=\"voc-p\" style=\"\">\u2014Es la primera vez que act\u00fao. Me han hablado muy bien del festival. Adem\u00e1s, me encanta Jerez. Es una ciudad preciosa.<\/p>\n<p class=\"voc-p\" style=\"\">\u2014\u00bfQu\u00e9 diferencia al p\u00fablico del sur con respecto al del norte?<\/p>\n<p class=\"voc-p\" style=\"\">\u2014El p\u00fablico andaluz en general es m\u00e1s caliente. Se nota por el calor que hace. El del norte es un poco m\u00e1s introvertido. Es una gozada tocar aqu\u00ed en Andaluc\u00eda.<\/p>\n<p class=\"voc-p\" style=\"\">\u2014Han pasado cuarenta a\u00f1os de Duncan Dhu, \u00bfc\u00f3mo vivi\u00f3 el nacimiento del grupo?<\/p>\n<p class=\"voc-p\" style=\"\">\u2014Ya es historia. Ocurri\u00f3 hace tanto que forma parte casi de una memoria olvidada. Es incre\u00edble que aquello que empezamos tres chavales en San Sebasti\u00e1n, sin ning\u00fan \u00e1nimo de lucro, fuera creciendo tanto. De repente, un d\u00eda nos dimos cuenta de que se convirti\u00f3 en nuestro oficio. Hab\u00eda mucha frescura, inocencia y juventud. Lo recuerdo con mucho cari\u00f1o. \u00c9ramos un poco los raros de la clase. En vez de hacer deporte, quer\u00edamos hacer m\u00fasica. Mis hermanas mayores ten\u00edan tocadiscos. Mi padre tocaba el piano, hab\u00eda tambi\u00e9n una guitarra en mi casa. Eran todo facilidades. La m\u00fasica est\u00e1 en mi casa desde que tengo uso de raz\u00f3n. La educaci\u00f3n que uno tiene es fundamental. Lo que uno escucha de ni\u00f1o te marca para toda la vida. Yo nac\u00ed escuchando a los Beatles, Lou Reed, David Bowie, Cat Stevens, Simon &amp; Garfunkel&#8230; Mi preferido era Elvis Presley. Quer\u00eda ser como \u00e9l. Es culpable de que me dedique a la m\u00fasica. Empec\u00e9 de hecho tocando las canciones de Elvis. Este es fundamental por la est\u00e9tica y por ese punto de rebeld\u00eda. Luego ha habido artistas que me han influido m\u00e1s, como los Beatles o Bob Dylan. <\/p>\n<p class=\"voc-p\" style=\"\">\u2014\u00bfSe plante\u00f3 en alg\u00fan momento haber hecho esta gira con Diego Vasallo?<\/p>\n<p class=\"voc-p\" style=\"\">\u2014Cuando surgi\u00f3 la idea y nos dimos cuenta de los cuarenta a\u00f1os del nacimiento discogr\u00e1fico de Duncan Dhu, lo habl\u00e9 con Diego, pero no le motivaba. \u00c9l est\u00e1 con su nuevo disco y me dijo que saliera yo solo como Duncan Dhu. Esta es una gira de Mikel Erentxun haciendo las canciones de Duncan Dhu. Se parece mucho, pero no es Duncan Dhu. La gira est\u00e1 funcionando muy bien porque mezclo canciones muy conocidas con otras que no son tanto. No es un mero karaoke. Toco canciones que no se conocen de Duncan Dhu o que nunca han sonado en un escenario. He logrado tocar un repertorio que suene muy bien. Hay temas de &#8216;Cresp\u00fasculo&#8217;, un disco que nunca tuvo una gira. Tambi\u00e9n toco canciones de &#8216;Autobiograf\u00eda&#8217;, un doble \u00e1lbum al que le tengo mucho cari\u00f1o y no es tan conocido. &#8216;Crep\u00fasculo&#8217; tiene cl\u00e1sicos como &#8216;Siempre&#8217;, &#8216;Desnuda&#8217; o &#8216;Y la tarde est\u00e1 muriendo&#8217;. La gente agradece no s\u00f3lo escuchar los cl\u00e1sicos, sino los temas menos conocidos. Tenemos unas 200 canciones. <\/p>\n<p class=\"voc-p\" style=\"\">\u2014\u00bfQu\u00e9 le parece que los Beatles hicieran m\u00e1s de 250 canciones en menos de 10 a\u00f1os?<\/p>\n<p class=\"voc-p\" style=\"\">\u2014Lo de los Beatles es incre\u00edble, ya que no hay ning\u00fan grupo que hiciera tantas canciones y tan distintas en menos tiempo. <\/p>\n<p class=\"voc-p\" style=\"\">\u2014\u00bfSe imagina un biopic de Duncan Dhu?<\/p>\n<p class=\"voc-p\" style=\"\">\u2014He visto este a\u00f1o el biopic de Bob Dylan y me ha encantado. Tambi\u00e9n me gust\u00f3 &#8216;En la cuerda floja&#8217;, el biopic de Johnny Cash. Nosotros no somos tan importantes para que saliera una pel\u00edcula. En cuarenta a\u00f1os han pasado muchas cosas interesantes, pero una pel\u00edcula sobre nosotros ser\u00eda muy aburrida.<\/p>\n<p class=\"voc-p\" style=\"\">\u2014\u00bfEn qu\u00e9 se diferencia ese Mikel Erentxun de 1985 al de 2025?<\/p>\n<p class=\"voc-p\" style=\"\">\u2014Tengo cuarenta a\u00f1os m\u00e1s. Me he casado dos veces, tengo cinco hijos, he estudiado la carrera de arquitectura y he viajado por todo el mundo. En 1985 me caracterizaba la inocencia. Ahora soy una persona m\u00e1s madura. Me arrepiento de pocas cosas en mi vida. Si empezara de nuevo, lo har\u00eda todo pr\u00e1cticamente igual. En el terreno profesional estoy muy contento por mi carrera con Duncan y en solitario. Adem\u00e1s, he recibido el Premio Ondas hace dos a\u00f1os. Uno tiene miedo de convertirse en una caricatura o en un dinosaurio, pero con 60 a\u00f1os estoy m\u00e1s vivo que nunca. Esta gira es un par\u00e9ntesis en mi carrera musical porque estoy escribiendo nuevos temas. <\/p>\n<p class=\"voc-p\" style=\"\">\u2014Sus \u00faltimos dos discos, &#8216;Septiembre&#8217; y &#8216;Navidad&#8217;, tienen un profundo sello de autor.<\/p>\n<p class=\"voc-p\" style=\"\">\u2014Efectivamente. Esa es la prueba de que sigo investigando. &#8216;Septiembre&#8217; es un disco doble donde toqu\u00e9 el piano por primera vez en mi vida y lo grab\u00e9 con un equipo de gente muy joven. &#8216;Navidad&#8217; se centra en la Navidad, pero se puede escuchar todo el a\u00f1o. Ya estoy preparando un nuevo disco totalmente distinto a &#8216;Septiembre&#8217;. La gira de Duncan Dhu es muy visceral, pero tengo la mente muy libre para escribir canciones para el nuevo disco. Imagino que cuando lo haga me encontrar\u00e9 con muchos nuevos temas donde poder elegir. Grabar discos de Navidad es una tradici\u00f3n anglosajona. En Espa\u00f1a los discos de Navidad no forman parte de la tradici\u00f3n del rock&amp;roll. Raphael tiene varios \u00e1lbumes navide\u00f1os, pero no era habitual que un artista como yo hiciera un disco as\u00ed. S\u00f3lo hicimos un concierto en Madrid el pasado 23 de diciembre y fue un \u00e9xito. Este a\u00f1o tocar\u00e9 de nuevo el 23 de diciembre en Madrid y meter\u00e9 alguna canci\u00f3n nueva. Quiero que este concierto de Navidad en Madrid se convierta en una tradici\u00f3n.<\/p>\n","protected":false},"excerpt":{"rendered":"Mikel Erentxun (Caracas, 1965) es un de los m\u00fasicos espa\u00f1oles que han logrado llevar una trayectoria m\u00e1s coherente&hellip;\n","protected":false},"author":2,"featured_media":6657,"comment_status":"","ping_status":"","sticky":false,"template":"","format":"standard","meta":{"footnotes":""},"categories":[170],"tags":[988,5488,5487,146,147,5485,25,24,5486,5484,184,185,1050,23,1852],"class_list":{"0":"post-6656","1":"post","2":"type-post","3":"status-publish","4":"format-standard","5":"has-post-thumbnail","7":"category-musica","8":"tag-anos","9":"tag-caricatura","10":"tag-convertirse","11":"tag-entertainment","12":"tag-entretenimiento","13":"tag-erentxun","14":"tag-es","15":"tag-espana","16":"tag-miedo","17":"tag-mikel","18":"tag-music","19":"tag-musica","20":"tag-nunca","21":"tag-spain","22":"tag-vivo"},"share_on_mastodon":{"url":"","error":""},"_links":{"self":[{"href":"https:\/\/www.europesays.com\/es\/wp-json\/wp\/v2\/posts\/6656","targetHints":{"allow":["GET"]}}],"collection":[{"href":"https:\/\/www.europesays.com\/es\/wp-json\/wp\/v2\/posts"}],"about":[{"href":"https:\/\/www.europesays.com\/es\/wp-json\/wp\/v2\/types\/post"}],"author":[{"embeddable":true,"href":"https:\/\/www.europesays.com\/es\/wp-json\/wp\/v2\/users\/2"}],"replies":[{"embeddable":true,"href":"https:\/\/www.europesays.com\/es\/wp-json\/wp\/v2\/comments?post=6656"}],"version-history":[{"count":0,"href":"https:\/\/www.europesays.com\/es\/wp-json\/wp\/v2\/posts\/6656\/revisions"}],"wp:featuredmedia":[{"embeddable":true,"href":"https:\/\/www.europesays.com\/es\/wp-json\/wp\/v2\/media\/6657"}],"wp:attachment":[{"href":"https:\/\/www.europesays.com\/es\/wp-json\/wp\/v2\/media?parent=6656"}],"wp:term":[{"taxonomy":"category","embeddable":true,"href":"https:\/\/www.europesays.com\/es\/wp-json\/wp\/v2\/categories?post=6656"},{"taxonomy":"post_tag","embeddable":true,"href":"https:\/\/www.europesays.com\/es\/wp-json\/wp\/v2\/tags?post=6656"}],"curies":[{"name":"wp","href":"https:\/\/api.w.org\/{rel}","templated":true}]}}