{"id":665617,"date":"2026-07-19T04:07:13","date_gmt":"2026-07-19T04:07:13","guid":{"rendered":"https:\/\/www.europesays.com\/es\/665617\/"},"modified":"2026-07-19T04:07:13","modified_gmt":"2026-07-19T04:07:13","slug":"laporta-antes-de-la-final-ahora-es-el-momento-de-lamine","status":"publish","type":"post","link":"https:\/\/www.europesays.com\/es\/665617\/","title":{"rendered":"Laporta, antes de la final: \u00abAhora es el momento de Lamine\u00bb"},"content":{"rendered":"<p class=\"ft-text\"><strong>Joan Laporta se mostr\u00f3 optimista de cara a la final del Mundial entre Espa\u00f1a y Argentina<\/strong>. El presidente del FC Barcelona, presente en Little Spain (Nueva York) en la v\u00edspera del encuentro, asegur\u00f3 que tiene <strong>\u00abmuy buenas sensaciones\u00bb<\/strong> y conf\u00eda en que la selecci\u00f3n de Luis de la Fuente imponga su estilo para conquistar el t\u00edtulo.<\/p>\n<p class=\"ft-text\">\u00abTengo buenas sensaciones, muy buenas. La sensaci\u00f3n es ganadora\u00bb, afirm\u00f3 Laporta, convencido de que Espa\u00f1a llevar\u00e1 la iniciativa. <strong>\u00abLa Selecci\u00f3n Espa\u00f1ola tendr\u00e1 la pelota. El estilo de juego es muy parecido al del Bar\u00e7a<\/strong>. Hay ocho jugadores nuestros y ese estilo genuino tambi\u00e9n se ha contagiado a la selecci\u00f3n\u00bb, destac\u00f3, elogiando adem\u00e1s el trabajo de Luis de la Fuente.<\/p>\n<p class=\"ft-text\">El m\u00e1ximo dirigente azulgrana cree que la clave estar\u00e1 en repetir la actuaci\u00f3n ofrecida ante Francia. <strong>\u00abPuede salir un partido como el otro d\u00eda y eso nos puede dar muchas opciones\u00bb<\/strong>, se\u00f1al\u00f3, antes de advertir sobre la principal fortaleza de la Albiceleste. \u00abLa baza de Argentina es un juego muy intenso. <strong>Espero que solo se quede en un juego duro y que no vaya m\u00e1s all\u00e1<\/strong>. Eso depende mucho del \u00e1rbitro, que no sea permisivo\u00bb, insisti\u00f3.<\/p>\n<p><img decoding=\"async\" src=\"https:\/\/www.europesays.com\/es\/wp-content\/uploads\/2026\/07\/ceb3f0e2-fa9c-4b63-8380-9b3c4dfbdd64_alta-libre-aspect-ratio_default_0_x1000y444.jpg\" width=\"1200\" height=\"800\" alt=\"Lamine Yamal of Spain looks on during the FIFA World Cup 2026 Semi Final match between France and Spain at Dallas Stadium on July 14, 2026 in Arlington, Texas. AFP7 14\/07\/2026 ONLY FOR USE IN SPAIN\" class=\"ft-helper-img-rd\" loading=\"lazy\" fetchpriority=\"auto\"\/><\/p>\n<p class=\"ft-helper-fontColor-quaternary ft-helper-fontSize-body-S ft-helper-spacer-t-xxs\">Lamine Yamal, en un partido del Mundial  \/ AFP7 v\u00eda Europa Press \/ AFP7 v\u00eda Europa Press<\/p>\n<p>La oferta por Juli\u00e1n<\/p>\n<p class=\"ft-text\">Adem\u00e1s del Mundial, <strong>Laporta<\/strong> sigue centrado en mejorar la plantilla del FC Barcelona para la pr\u00f3xima temporada. El presidente azulgrana volvi\u00f3 a hablar sobre <strong>Juli\u00e1n<\/strong> <strong>\u00c1lvarez<\/strong> tras la afirmaci\u00f3n del Atleti sobre su negativa a venderlo: \u00abRespeto la opini\u00f3n de todos. Nosotros estamos ah\u00ed con una oferta porque nuestro entrenador lo tien<strong>e. Es una oferta muy buena e importante; no es ilimitada en el tiempo. Daremos un plazo de hasta final de mes.<\/strong> Hay tantos casos que se ha dicho que no y ha terminado viniendo. Cuando un jugador quiere salir&#8230; puente de plata. <strong>Un club grande no puede permitirse tener jugadores a disgusto.<\/strong> En nuestro caso no se dar\u00eda nunca\u00bb.<\/p>\n<p>Messi vs Lamine Yamal<\/p>\n<p class=\"ft-text\">Laporta tambi\u00e9n tuvo palabras para Lionel Messi, al que defini\u00f3 como \u00abel mejor jugador de la historia del f\u00fatbol\u00bb. Aun as\u00ed, considera que la mejor manera de neutralizar al capit\u00e1n argentino pasa por monopolizar la posesi\u00f3n<strong>. \u00abEs un jugador determinante, pero se contrarresta teniendo la pelota, con las triangulaciones<\/strong>, los cambios de juego y dejando que sean los argentinos los que corran\u00bb, explic\u00f3.<\/p>\n<p><img decoding=\"async\" src=\"https:\/\/www.europesays.com\/es\/wp-content\/uploads\/2026\/07\/69a38d12-7a5a-4644-839d-a419660829fc_alta-libre-aspect-ratio_default_0.jpg\" width=\"1200\" height=\"800\" alt=\"Las fotos virales de Messi y Lamine Yamal\" class=\"ft-helper-img-rd\" loading=\"lazy\" fetchpriority=\"auto\"\/><\/p>\n<p class=\"ft-helper-fontColor-quaternary ft-helper-fontSize-body-S ft-helper-spacer-t-xxs\">Las fotos virales de Messi y Lamine Yamal  \/ JOAN MONFORT &#8211; SPORT<\/p>\n<p class=\"ft-text\">El presidente azulgrana aprovech\u00f3 la ocasi\u00f3n para lanzar un mensaje sobre el relevo generacional entre Messi y Lamine Yamal. \u00abClaro que es muy dif\u00edcil parar a Leo, pero tambi\u00e9n es muy dif\u00edcil parar a Lamine. <strong>Creo y quiero que ma\u00f1ana sea el partido de Lamine y que ya se consagre, porque es ley del f\u00fatbol.<\/strong> Hay jugadores que son referencia en un momento determinado y ahora toca un cambio\u00bb, afirm\u00f3.<\/p>\n<p class=\"ft-text\">Adem\u00e1s, record\u00f3 <strong>la ic\u00f3nica fotograf\u00eda de SPORT de Messi con un beb\u00e9 Lamine Yamal,<\/strong> una imagen que considera un s\u00edmbolo del trabajo de La Masia. <strong>\u00abEs un orgullo que dos jugadores formados en casa puedan ser campeones del mundo.<\/strong> Messi nos ha dado a\u00f1os de gloria y forma parte del pasado glorioso de la historia del Bar\u00e7a. <strong>Ahora creo que es el momento de Lamine<\/strong>\u00ab, asegur\u00f3.<\/p>\n<p class=\"ft-text\">Por \u00faltimo, Laporta destac\u00f3 la fortaleza mental del extremo azulgrana pese a su juventud. \u00abLamine es un genio. Me gusta su actitud porque no se inmuta ante estos eventos.<strong> Es muy valiente, muy maduro para la edad que tiene. Estoy convencido de que esta noche dormir\u00e1 tranquilo y ma\u00f1ana solo pensar\u00e1 en jugar un partido de f\u00fatbol\u00bb,<\/strong> concluy\u00f3.<\/p>\n","protected":false},"excerpt":{"rendered":"Joan Laporta se mostr\u00f3 optimista de cara a la final del Mundial entre Espa\u00f1a y Argentina. El presidente&hellip;\n","protected":false},"author":2,"featured_media":665618,"comment_status":"","ping_status":"","sticky":false,"template":"","format":"standard","meta":{"footnotes":""},"categories":[268],"tags":[808,168,25,24,1058,280,282,4467,11680,1737,2812,281,23,167],"class_list":["post-665617","post","type-post","status-publish","format-standard","has-post-thumbnail","category-futbol","tag-ahora","tag-deportes","tag-es","tag-espana","tag-final","tag-football","tag-futbol","tag-joan-laporta","tag-lamine","tag-laporta","tag-momento","tag-soccer","tag-spain","tag-sports"],"share_on_mastodon":{"url":"https:\/\/pubeurope.com\/@es\/116944676972963369","error":""},"_links":{"self":[{"href":"https:\/\/www.europesays.com\/es\/wp-json\/wp\/v2\/posts\/665617","targetHints":{"allow":["GET"]}}],"collection":[{"href":"https:\/\/www.europesays.com\/es\/wp-json\/wp\/v2\/posts"}],"about":[{"href":"https:\/\/www.europesays.com\/es\/wp-json\/wp\/v2\/types\/post"}],"author":[{"embeddable":true,"href":"https:\/\/www.europesays.com\/es\/wp-json\/wp\/v2\/users\/2"}],"replies":[{"embeddable":true,"href":"https:\/\/www.europesays.com\/es\/wp-json\/wp\/v2\/comments?post=665617"}],"version-history":[{"count":0,"href":"https:\/\/www.europesays.com\/es\/wp-json\/wp\/v2\/posts\/665617\/revisions"}],"wp:featuredmedia":[{"embeddable":true,"href":"https:\/\/www.europesays.com\/es\/wp-json\/wp\/v2\/media\/665618"}],"wp:attachment":[{"href":"https:\/\/www.europesays.com\/es\/wp-json\/wp\/v2\/media?parent=665617"}],"wp:term":[{"taxonomy":"category","embeddable":true,"href":"https:\/\/www.europesays.com\/es\/wp-json\/wp\/v2\/categories?post=665617"},{"taxonomy":"post_tag","embeddable":true,"href":"https:\/\/www.europesays.com\/es\/wp-json\/wp\/v2\/tags?post=665617"}],"curies":[{"name":"wp","href":"https:\/\/api.w.org\/{rel}","templated":true}]}}