{"id":66585,"date":"2025-08-23T09:32:08","date_gmt":"2025-08-23T09:32:08","guid":{"rendered":"https:\/\/www.europesays.com\/es\/66585\/"},"modified":"2025-08-23T09:32:08","modified_gmt":"2025-08-23T09:32:08","slug":"arena-blanca-finisima-y-aguas-de-un-intenso-color-turquesa","status":"publish","type":"post","link":"https:\/\/www.europesays.com\/es\/66585\/","title":{"rendered":"arena blanca fin\u00edsima y aguas de un intenso color turquesa"},"content":{"rendered":"<p>El conocido <strong>m\u00fasico y colaborador del programa La Revuelta<\/strong>, <a title=\"El restaurante mallorqu\u00edn que ha conquistado a Grison de &#039;La Revuelta&#039;: \u00abAqu\u00ed siempre tendr\u00e1s tu casa\u00bb\" href=\"https:\/\/www.ultimahora.es\/xaloc\/gastronomia\/2025\/08\/20\/2452629\/restaurante-mallorquin-conquistado-grison-revuelta-aqui-siempre-tendras-casa.html?utm_source=Related&amp;utm_medium=internal\" data-model=\"Noticia\" data-value=\"2452629\" rel=\"nofollow noopener\" target=\"_blank\">Grison, ha elegido la espectacular playa de Ses Covetes en Mallorca<\/a> para disfrutar de unos d\u00edas de descanso durante este verano de 2025. El carism\u00e1tico beatboxer ha sido fotografiado por varios seguidores mientras disfrutaba del entorno privilegiado que ofrece este rinc\u00f3n del sur de la isla balear, caracterizado por su<strong> arena blanca fin\u00edsima y aguas<\/strong> de un intenso color turquesa que invitan al ba\u00f1o incluso en los d\u00edas m\u00e1s calurosos.<\/p>\n<p>Situada estrat\u00e9gicamente entre la localidad de Sa R\u00e0pita y el famoso arenal de Es Trenc, Ses Covetes forma parte del <strong>\u00c1rea Natural de Especial Inter\u00e9s de Es Trenc\u2013Es Salobrar<\/strong> de Campos, una zona protegida que conserva gran parte de su belleza natural original. Este enclave mallorqu\u00edn no es solo un para\u00edso para los amantes de las playas v\u00edrgenes, sino que tambi\u00e9n atesora un importante valor hist\u00f3rico: su nombre proviene de unas antiguas cuevas funerarias prehist\u00f3ricas descubiertas en una zona rocosa cercana, donde antiguamente se extra\u00eda piedra arenisca o mar\u00e8s, material muy utilizado en la construcci\u00f3n tradicional de la isla.<\/p>\n<p>Grison, quien ha ganado popularidad por su participaci\u00f3n junto a David Broncano primero en \u00ab<a href=\"https:\/\/www.ultimahora.es\/etiqueta\/La+Resistencia.html?utm_source=Inline-tag&amp;utm_medium=internal\" rel=\"nofollow noopener\" target=\"_blank\">La Resistencia<\/a>\u00bb y ahora en \u00abLa Revuelta\u00bb, no ha dudado en <strong>compartir algunos momentos de su escapada con los<\/strong> seguidores que lo han reconocido en la playa. Con su caracter\u00edstica sonrisa y cercano trato, el m\u00fasico ha demostrado que incluso los rostros m\u00e1s conocidos de la televisi\u00f3n espa\u00f1ola buscan en Mallorca ese equilibrio perfecto entre belleza natural y tranquilidad que ofrece Ses Covetes.<\/p>\n<p>Un para\u00edso natural con historia en el sur de Mallorca<\/p>\n<p>La historia de Ses Covetes como destino tur\u00edstico se remonta a <strong>finales del siglo XIX, cuando la zona comenz\u00f3<\/strong> a desarrollarse como una modesta colonia de veraneo para familias mallorquinas. Este origen ha permitido que, a diferencia de otros enclaves de la isla, Ses Covetes haya mantenido un delicado equilibrio entre la tradici\u00f3n local, la protecci\u00f3n medioambiental y el disfrute tur\u00edstico, evitando la masificaci\u00f3n que caracteriza a otras zonas costeras de Mallorca.<\/p>\n<p>Actualmente, y pese a su condici\u00f3n de \u00e1rea protegida, Ses Covetes cuenta con diversos servicios que hacen m\u00e1s c\u00f3moda la estancia de los visitantes. La playa dispone de <strong>alquiler de hamacas y sombrillas, as\u00ed como una variada<\/strong> oferta gastron\u00f3mica en los chiringuitos y restaurantes ubicados en las inmediaciones, donde se pueden degustar platos t\u00edpicos mallorquines y mediterr\u00e1neos sin perder de vista el mar.<\/p>\n<p>Para quienes deseen visitar este rinc\u00f3n que ha conquistado a Grison, el acceso es relativamente sencillo. Ses Covetes se encuentra a unos 11 km de la localidad de Campos y a aproximadamente 8,9 km desde Sa R\u00e0pita. Los visitantes pueden llegar <strong>tanto en veh\u00edculo privado \u2014con diversas zonas de aparcamiento<\/strong> habilitadas, aunque suelen llenarse r\u00e1pidamente en temporada alta\u2014 como en transporte p\u00fablico, con l\u00edneas regulares de autob\u00fas que conectan con los principales n\u00facleos tur\u00edsticos de la isla.<\/p>\n<p>\u00bfQu\u00e9 hace especial a la playa de Ses Covetes?<\/p>\n<p>Lo que distingue a Ses Covetes de otras playas mallorquinas es su extraordinaria combinaci\u00f3n de elementos naturales. Con una extensi\u00f3n de <strong>poco m\u00e1s de 100 metros de longitud, esta peque\u00f1a<\/strong> cala conecta directamente con la playa de Es Trenc, formando juntas varios kil\u00f3metros de costa pr\u00e1cticamente virgen. El contraste entre la arena blanca, de textura extremadamente fina, y el azul intenso del Mediterr\u00e1neo crea un paisaje que muchos comparan con destinos caribe\u00f1os.<\/p>\n<p>La playa est\u00e1 flanqueada por dunas naturales y vegetaci\u00f3n aut\u00f3ctona, que forman parte del ecosistema protegido. Esta protecci\u00f3n medioambiental ha <strong>permitido conservar la belleza natural del entorno y la<\/strong> calidad excepcional de sus aguas, que han recibido repetidamente la Bandera Azul, certificaci\u00f3n que reconoce la excelencia de las playas europeas.<\/p>\n<p>Otro aspecto destacable es la escasa profundidad de sus aguas en los primeros metros, lo que la convierte en un lugar ideal para familias con ni\u00f1os peque\u00f1os. Adem\u00e1s, la orientaci\u00f3n de la playa la protege de los vientos fuertes, por lo que <strong>suele presentar un oleaje suave y agradable durante gran<\/strong> parte del a\u00f1o.<\/p>\n<p>Grison: del beatbox a La Revuelta<\/p>\n<p>Jorge Ib\u00e1\u00f1ez Gin\u00e9s, conocido art\u00edsticamente como Grison, se ha convertido en uno de los rostros m\u00e1s reconocibles de la televisi\u00f3n espa\u00f1ola actual. Nacido en Alicante, este <strong>m\u00fasico y productor salt\u00f3 a la fama nacional como<\/strong> integrante de la banda de \u00abLa Resistencia\u00bb, programa presentado por David Broncano en Movistar Plus+, donde destac\u00f3 por sus habilidades como beatboxer y su particular sentido del humor.<\/p>\n<p>En 2023, Grison dio el salto junto a Broncano y gran parte del equipo a Televisi\u00f3n Espa\u00f1ola para formar parte de \u00abLa Revuelta\u00bb, programa que ha conseguido revolucionar las audiencias del access prime time. Su papel como <strong>colaborador musical y humor\u00edstico le ha granjeado el cari\u00f1o<\/strong> del p\u00fablico, consolid\u00e1ndose como una de las figuras m\u00e1s queridas del formato.<\/p>\n<p>Adem\u00e1s de su faceta televisiva, Grison mantiene una activa carrera musical que combina con sus apariciones en pantalla. Su elecci\u00f3n de Ses Covetes como destino vacacional muestra su preferencia por lugares tranquilos y de belleza natural, lejos del bullicio medi\u00e1tico que le rodea habitualmente.<\/p>\n<p>Aunque Mallorca recibe turismo durante todo el a\u00f1o, los expertos recomiendan <strong>visitar Ses Covetes entre los meses de mayo y<\/strong> octubre, cuando las temperaturas son m\u00e1s agradables para disfrutar del ba\u00f1o. Los meses de julio y agosto, coincidiendo con la temporada alta tur\u00edstica, suelen presentar mayor afluencia de visitantes, por lo que quienes busquen tranquilidad deber\u00edan optar por junio o septiembre.<\/p>\n<p>El clima en esta zona de Mallorca es t\u00edpicamente mediterr\u00e1neo, con veranos calurosos y secos e inviernos suaves. La temperatura media del agua en los meses estivales <strong>oscila entre los 24\u00b0C y 26\u00b0C, ideal para<\/strong> disfrutar de largos ba\u00f1os en sus cristalinas aguas turquesas.<\/p>\n<p>Ses Covetes representa una opci\u00f3n perfecta que combina lo mejor de la isla: naturaleza protegida, aguas cristalinas y ese ambiente aut\u00e9nticamente mediterr\u00e1neo que ha convertido a las Baleares en uno de los destinos tur\u00edsticos m\u00e1s codiciados de Europa.<\/p>\n","protected":false},"excerpt":{"rendered":"El conocido m\u00fasico y colaborador del programa La Revuelta, Grison, ha elegido la espectacular playa de Ses Covetes&hellip;\n","protected":false},"author":2,"featured_media":66586,"comment_status":"","ping_status":"","sticky":false,"template":"","format":"standard","meta":{"footnotes":""},"categories":[174],"tags":[255,25068,146,147,25,24,256,27013,27014,23,25069,12647,6027],"class_list":{"0":"post-66585","1":"post","2":"type-post","3":"status-publish","4":"format-standard","5":"has-post-thumbnail","7":"category-famosos","8":"tag-celebrities","9":"tag-consejos-para-viajar","10":"tag-entertainment","11":"tag-entretenimiento","12":"tag-es","13":"tag-espana","14":"tag-famosos","15":"tag-la-resistencia","16":"tag-playas-de-mallorca","17":"tag-spain","18":"tag-turismo-en-baleares","19":"tag-verano-en-mallorca","20":"tag-viajar"},"share_on_mastodon":{"url":"","error":""},"_links":{"self":[{"href":"https:\/\/www.europesays.com\/es\/wp-json\/wp\/v2\/posts\/66585","targetHints":{"allow":["GET"]}}],"collection":[{"href":"https:\/\/www.europesays.com\/es\/wp-json\/wp\/v2\/posts"}],"about":[{"href":"https:\/\/www.europesays.com\/es\/wp-json\/wp\/v2\/types\/post"}],"author":[{"embeddable":true,"href":"https:\/\/www.europesays.com\/es\/wp-json\/wp\/v2\/users\/2"}],"replies":[{"embeddable":true,"href":"https:\/\/www.europesays.com\/es\/wp-json\/wp\/v2\/comments?post=66585"}],"version-history":[{"count":0,"href":"https:\/\/www.europesays.com\/es\/wp-json\/wp\/v2\/posts\/66585\/revisions"}],"wp:featuredmedia":[{"embeddable":true,"href":"https:\/\/www.europesays.com\/es\/wp-json\/wp\/v2\/media\/66586"}],"wp:attachment":[{"href":"https:\/\/www.europesays.com\/es\/wp-json\/wp\/v2\/media?parent=66585"}],"wp:term":[{"taxonomy":"category","embeddable":true,"href":"https:\/\/www.europesays.com\/es\/wp-json\/wp\/v2\/categories?post=66585"},{"taxonomy":"post_tag","embeddable":true,"href":"https:\/\/www.europesays.com\/es\/wp-json\/wp\/v2\/tags?post=66585"}],"curies":[{"name":"wp","href":"https:\/\/api.w.org\/{rel}","templated":true}]}}