{"id":665855,"date":"2026-07-19T08:11:27","date_gmt":"2026-07-19T08:11:27","guid":{"rendered":"https:\/\/www.europesays.com\/es\/665855\/"},"modified":"2026-07-19T08:11:27","modified_gmt":"2026-07-19T08:11:27","slug":"la-hija-de-jose-luis-gil-desmiente-los-rumores-sobre-el-regreso-del-actor-a-la-que-se-avecina","status":"publish","type":"post","link":"https:\/\/www.europesays.com\/es\/665855\/","title":{"rendered":"La hija de Jos\u00e9 Luis Gil desmiente los rumores sobre el regreso del actor a &#8216;La que se avecina&#8217;"},"content":{"rendered":"<p style=\"\">Las especulaciones sobre un posible regreso del actor Jos\u00e9 Luis Gil a &#8216;La que se avecina&#8217; han sido desmentidas por su entorno m\u00e1s cercano. Despu\u00e9s  &#8230; de que varias publicaciones difundieran en redes sociales que el int\u00e9rprete volver\u00eda a dar vida a Enrique Pastor, su hija, Irene Gil, ha salido al paso para aclarar que esa posibilidad no es real debido al estado de salud del actor.<\/p>\n<p class=\"v-d-p\" style=\"\">Desde que sufri\u00f3 un ictus isqu\u00e9mico a finales de 2021, permanece centrado en su recuperaci\u00f3n y alejado de los focos. \u00abToca desmentir&#8230; Ahora entiendo los mensajes y las preguntas; parece que sigue habiendo gente que necesita un clic a cualquier precio\u00ab, se\u00f1ala Irene en una publicaci\u00f3n en su cuenta de Instagram acompa\u00f1ando con una fotograf\u00eda del actor. <\/p>\n<p class=\"v-d-p\" style=\"\">De esta manera, ha querido zanjar cualquier duda y aclarar el impacto que genera en la familia. \u00abNos encantar\u00eda que volviese, le encantar\u00eda volver, pero no se puede. Bastante duro es asumirlo, como para adem\u00e1s tener que compaginar el dolor y la pena con gestionar estas publicaciones\u00bb, asegura. <\/p>\n<p class=\"v-d-p\" style=\"\">Adem\u00e1s de negar los rumores, ha aprovechado la ocasi\u00f3n para recordar con afecto la etapa que su padre vivi\u00f3 en la producci\u00f3n creada por Laura y Alberto Caballero. Seg\u00fan explica, aquellos a\u00f1os forman parte de un recuerdo muy especial para toda la familia, tanto por el ambiente de trabajo como por los v\u00ednculos personales que surgieron durante el rodaje. \u00abFue muy feliz trabajando con ellos: compartiendo jornadas largas de trabajo, risas, nervios y talento, un honor, as\u00ed lo vivimos en casa\u00bb.<\/p>\n<p class=\"v-d-p\" style=\"\">En su publicaci\u00f3n tambi\u00e9n dedica unas palabras de agradecimiento al equipo de la serie y a los espectadores que contin\u00faan enviando mensajes de apoyo. Destaca que el cari\u00f1o recibido durante todo este tiempo supone un importante respaldo para Jos\u00e9 Luis Gil y para quienes le acompa\u00f1an en su proceso de recuperaci\u00f3n. \u00abEs un orgullo sentir tanto cari\u00f1o y saber que os ha hecho tan felices\u00bb, concluye. <\/p>\n","protected":false},"excerpt":{"rendered":"Las especulaciones sobre un posible regreso del actor Jos\u00e9 Luis Gil a &#8216;La que se avecina&#8217; han sido&hellip;\n","protected":false},"author":2,"featured_media":665856,"comment_status":"","ping_status":"","sticky":false,"template":"","format":"standard","meta":{"footnotes":""},"categories":[91],"tags":[1339,7746,10278,146,147,25,24,1510,3983,2467,7820,2596,11491,57,23],"class_list":["post-665855","post","type-post","status-publish","format-standard","has-post-thumbnail","category-entretenimiento","tag-actor","tag-avecina","tag-desmiente","tag-entertainment","tag-entretenimiento","tag-es","tag-espana","tag-gil","tag-hija","tag-jose","tag-luis","tag-regreso","tag-rumores","tag-sobre","tag-spain"],"share_on_mastodon":{"url":"https:\/\/pubeurope.com\/@es\/116945635405107498","error":""},"_links":{"self":[{"href":"https:\/\/www.europesays.com\/es\/wp-json\/wp\/v2\/posts\/665855","targetHints":{"allow":["GET"]}}],"collection":[{"href":"https:\/\/www.europesays.com\/es\/wp-json\/wp\/v2\/posts"}],"about":[{"href":"https:\/\/www.europesays.com\/es\/wp-json\/wp\/v2\/types\/post"}],"author":[{"embeddable":true,"href":"https:\/\/www.europesays.com\/es\/wp-json\/wp\/v2\/users\/2"}],"replies":[{"embeddable":true,"href":"https:\/\/www.europesays.com\/es\/wp-json\/wp\/v2\/comments?post=665855"}],"version-history":[{"count":0,"href":"https:\/\/www.europesays.com\/es\/wp-json\/wp\/v2\/posts\/665855\/revisions"}],"wp:featuredmedia":[{"embeddable":true,"href":"https:\/\/www.europesays.com\/es\/wp-json\/wp\/v2\/media\/665856"}],"wp:attachment":[{"href":"https:\/\/www.europesays.com\/es\/wp-json\/wp\/v2\/media?parent=665855"}],"wp:term":[{"taxonomy":"category","embeddable":true,"href":"https:\/\/www.europesays.com\/es\/wp-json\/wp\/v2\/categories?post=665855"},{"taxonomy":"post_tag","embeddable":true,"href":"https:\/\/www.europesays.com\/es\/wp-json\/wp\/v2\/tags?post=665855"}],"curies":[{"name":"wp","href":"https:\/\/api.w.org\/{rel}","templated":true}]}}