{"id":66591,"date":"2025-08-23T09:35:08","date_gmt":"2025-08-23T09:35:08","guid":{"rendered":"https:\/\/www.europesays.com\/es\/66591\/"},"modified":"2025-08-23T09:35:08","modified_gmt":"2025-08-23T09:35:08","slug":"me-he-enganchado-a-esta-adictiva-serie-de-suspense-espanola-de-prime-video-rodada-en-valencia-con-solo-8-capitulos-que-se-ven-en-un-fin-de-semana","status":"publish","type":"post","link":"https:\/\/www.europesays.com\/es\/66591\/","title":{"rendered":"Me he enganchado a esta adictiva serie de suspense espa\u00f1ola de Prime Video rodada en Valencia, con s\u00f3lo 8 cap\u00edtulos que se ven en un fin de semana"},"content":{"rendered":"<p data-journey-content=\"true\" data-node-id=\"2\" class=\"body-dropcap css-1ogdqci emevuu60\">El verano resulta una \u00e9poca perfecta para rescatar aquellas series que, por diferentes motivos, se quedaron atr\u00e1s. Cuando tu trabajo consiste en ver constantemente estrenos, hay un mont\u00f3n de t\u00edtulos que se quedan relegados a un segundo plano y que se van uniendo a esa lista de &#8216;Para ver en el futuro&#8217;. Muchas veces ni les llega esa oportunidad porque hay tantas producciones acumuladas que toca hacer selecci\u00f3n. Eso es lo que me estaba ocurriendo con la ficci\u00f3n de la que voy a hablar y es que hace dos a\u00f1os que lleg\u00f3 a una cadena convencional y hasta estas vacaciones hab\u00eda permanecido en pista de salida, pero sin arrancar definitivamente. Siempre hab\u00eda otra favorita que la adelantaba por la derecha.<\/p>\n<p data-journey-content=\"true\" data-node-id=\"3\" class=\"css-i9p093 emevuu60\">Sin embargo, s\u00f3lo hizo falta una calurosa y apacible tarde para caer en sus redes. No me cuesta reconocer que este ha sido mi placer culpable durante estos d\u00edas y no, no es una producci\u00f3n de culto. Y es que me he enganchado a esta adictiva serie de suspense espa\u00f1ola de <a href=\"https:\/\/www.cosmopolitan.com\/es\/famosos\/peliculas-series\/a32398080\/amazon-prime-video-series-mas-vistas\/\" data-vars-ga-outbound-link=\"https:\/\/www.cosmopolitan.com\/es\/famosos\/peliculas-series\/a32398080\/amazon-prime-video-series-mas-vistas\/\" data-vars-ga-ux-element=\"Hyperlink\" data-vars-ga-call-to-action=\"Prime Video\" data-node-id=\"3.1\" class=\"body-link css-103hk4r emevuu60\" rel=\"nofollow noopener\" target=\"_blank\">Prime Video<\/a> rodada en Valencia y con s\u00f3lo 8 cap\u00edtulos que se ven en un fin de semana. Este t\u00edtulo aterriz\u00f3 en pantalla precedida de una gran pol\u00e9mica que gener\u00f3 una especie de morbo por conocer si, realmente, esas cr\u00edticas estaban fundamentadas. As\u00ed que all\u00e1 fuimos con la mente en blanco. <\/p>\n<p><img draggable=\"true\" alt=\"protagonista\" title=\"Esc\u00e1ndalo\" loading=\"lazy\" width=\"2500\" height=\"1407\" decoding=\"async\" data-nimg=\"1\" style=\"color:transparent;width:100%;height:auto;\"   src=\"https:\/\/www.europesays.com\/es\/wp-content\/uploads\/2025\/08\/escandalo-alexandra-68a6f844dc7a0.jpg\" class=\"css-0 e1g79fud0\"\/><\/p>\n<p>Add Productora<\/p>\n<p data-journey-content=\"true\" data-node-id=\"5\" class=\"css-i9p093 emevuu60\">Me refiero a &#8216;Esc\u00e1ndalo. Relato de una obsesi\u00f3n&#8217;, una serie creada y dirigida por Aurora Guerra, que antes de acabar en esta plataforma tuvo su puesta de largo en Mediaset. Cuando se dieron detalles de la trama, todo el mundo se escandaliz\u00f3 porque la historia est\u00e1 centrada en la relaci\u00f3n de una mujer madura con un menor de edad. Evidentemente, esto es un delito, pero, evidentemente tambi\u00e9n, debemos comprender que estamos ante una ficci\u00f3n y, a veces, en esta se muestran situaciones ilegales, terribles e inc\u00f3modas.<\/p>\n<p data-journey-content=\"true\" data-node-id=\"7\" class=\"css-i9p093 emevuu60\">Alexandra Jim\u00e9nez es la encargada de interpretar a la protagonista en esta \u00abtragedia griega del siglo XX\u00bb, como ella misma defini\u00f3 a la serie en una <a href=\"https:\/\/www.lavanguardia.com\/series\/20230111\/8672440\/alexandra-jimenez-escandalo-retrato-obsesion-serie-telecinco.html\" target=\"_blank\" rel=\"nofollow noopener\" data-vars-ga-outbound-link=\"https:\/\/www.lavanguardia.com\/series\/20230111\/8672440\/alexandra-jimenez-escandalo-retrato-obsesion-serie-telecinco.html\" data-vars-ga-ux-element=\"Hyperlink\" data-vars-ga-call-to-action=\"entrevista para &#039;La Vanguardia&#039;.\" data-node-id=\"7.1\" class=\"body-link css-103hk4r emevuu60\">entrevista para &#8216;La Vanguardia&#8217;.<\/a> \u00abTiene tintes de cuento de terror con la estructura de un amor prohibido entre una adulta y un menor que genera un conflicto. Estamos hablando de un delito y, al mismo tiempo, de un sentimiento irracional y totalmente desbocado de un personaje que va sin freno\u00bb. Su personaje est\u00e1 atravesando por un momento vital terrible dentro de un matrimonio que no funciona y desconectada de su propia hija. De pronto, un chaval, interpretado por Fernando Lindez, aparece como un salvavidas que le devuelve la ilusi\u00f3n. Sin embargo, la situaci\u00f3n, como era previsible, poco a poco se va volviendo insostenible y tiene consecuencias dram\u00e1ticas que no desvelaremos para no estropear la experiencia.<\/p>\n<p><img draggable=\"true\" alt=\"escena\" title=\"Esc\u00e1ndalo\" loading=\"lazy\" width=\"2500\" height=\"1528\" decoding=\"async\" data-nimg=\"1\" style=\"color:transparent;width:100%;height:auto;\"   src=\"https:\/\/www.europesays.com\/es\/wp-content\/uploads\/2025\/08\/escandalo-pareja-68a6f86b4c92a.jpg\" class=\"css-0 e1g79fud0\"\/><\/p>\n<p>Add Productora<\/p>\n<p data-journey-content=\"true\" data-node-id=\"9\" class=\"css-i9p093 emevuu60\">En &#8216;Esc\u00e1ndalo. Relato de una obsesi\u00f3n&#8217;, Alexandra Jim\u00e9nez demuestra que es tan buena encarando un drama como una comedia con una actuaci\u00f3n perfecta en la que se muestra completamente fuera de control. \u00abNo se trata de denunciar algo espec\u00edfico, sino de ahondar en un comportamiento demasiado complejo, en una historia de autodestrucci\u00f3n, inadecuado e indecente de cara a la sociedad\u00bb, dijo la actriz en la misma charla. Ella es el centro de esta historia que pone el foco en la salud mental, la violencia psicol\u00f3gica y las relaciones t\u00f3xicas  y, s\u00ed, no es perfecta, pero tiene todos los ingredientes de un buen <a href=\"https:\/\/www.lavanguardia.com\/series\/20230111\/8672440\/alexandra-jimenez-escandalo-retrato-obsesion-serie-telecinco.html\" data-vars-ga-outbound-link=\"https:\/\/www.lavanguardia.com\/series\/20230111\/8672440\/alexandra-jimenez-escandalo-retrato-obsesion-serie-telecinco.html\" data-vars-ga-ux-element=\"Hyperlink\" data-vars-ga-call-to-action=\"&#039;culebr\u00f3n&#039;\" data-node-id=\"9.1\" class=\"body-link css-103hk4r emevuu60\" rel=\"nofollow noopener\" target=\"_blank\">&#8216;culebr\u00f3n&#8217;<\/a> para engancharte. No le pedimos m\u00e1s.<\/p>\n<p>M\u00e1s recomendaciones<img src=\"https:\/\/www.europesays.com\/es\/wp-content\/uploads\/2025\/08\/1755941708_196_e1694454-d386-417e-a277-82b27730d178_1561538111.jpg\" alt=\"Headshot of Marieta Taibo\" title=\"Headshot of Marieta Taibo\" width=\"100%\" height=\"100%\" decoding=\"async\" loading=\"lazy\" class=\"css-o0wq4v ev8dhu53\"\/><\/p>\n<p><a href=\"https:\/\/www.linkedin.com\/in\/marieta-taibo-gonz%C3%A1lez-88563485\/?originalSubdomain=es\" rel=\"nofollow noopener\" target=\"_blank\">Marieta Taib\u00f3 <\/a>es editora de actualidad y cultura en Cosmopolitan y experta cine y series de televisi\u00f3n desde hace m\u00e1s de una d\u00e9cada. Cuando no est\u00e1 escribiendo, la encontrar\u00e1s delante de la pantalla analizando los \u00faltimos estrenos de Netflix, Prime Video, HBO Max, Disney+ y el resto de plataformas en \u2018streaming\u2019 para recomendar aquellos t\u00edtulos interesantes o que lo van a petar. Entre cr\u00edtica y noticias de ficci\u00f3n televisiva, entrevista a actores. En su grabadora encontrar\u00e1s charlas de sus entrevistas con Blanca Su\u00e1rez, Mario Casas, \u00darsula Corber\u00f3, Ana de Armas, Miguel \u00c1ngel Silvestre, Leonardo Sbaraglia, Lily Collins, s\u00ed, \u2018Emily in Paris\u2019 o Christina Hendricks, la pelirroja de \u2018Mad Men\u2019, por citar algunos nombres. Fuera de la pantalla, adem\u00e1s, te recomendar\u00e1 los mejores planes de ocio y gastro. En otras etapas profesionales, tambi\u00e9n ha escrito de moda y belleza. De hecho, es autora del ensayo \u2018La cara secreta del negocio de la belleza\u2019, de la editorial Almuzara. Marieta Taibo es Licenciada en periodismo por la Universidad Complutense de Madrid y cuenta con el Curso Superior de Marketing y Comunicaci\u00f3n de Moda y Lujo de la revista Elle y la Universidad Complutense. Sus primeros pasos como redactora fueron en la secci\u00f3n de econom\u00eda de La revista de actualidad La Clave hasta que dio el salto a la de sociedad y cultura, su verdadera pasi\u00f3n. Posteriormente, trabaj\u00f3 en El Confidencial, y luego en la revista femenina AR como coordinadora de la agenda cultural y cabeza de la secci\u00f3n de cine. De ah\u00ed, dio el salto a las revistas Supertele y TP y en ellas estuvo diez a\u00f1os escribiendo de pel\u00edculas y series, labor que compaginaba como colaboradora de la revista Babylon Magazine haciendo reportajes en profundidad sobre cultura, hasta que lleg\u00f3 a Cosmopolitan hace seis a\u00f1os.<\/p>\n","protected":false},"excerpt":{"rendered":"El verano resulta una \u00e9poca perfecta para rescatar aquellas series que, por diferentes motivos, se quedaron atr\u00e1s. Cuando&hellip;\n","protected":false},"author":2,"featured_media":66592,"comment_status":"","ping_status":"","sticky":false,"template":"","format":"standard","meta":{"footnotes":""},"categories":[171],"tags":[253,146,147,25,24,23,214],"class_list":{"0":"post-66591","1":"post","2":"type-post","3":"status-publish","4":"format-standard","5":"has-post-thumbnail","7":"category-tv","8":"tag-discover","9":"tag-entertainment","10":"tag-entretenimiento","11":"tag-es","12":"tag-espana","13":"tag-spain","14":"tag-tv"},"share_on_mastodon":{"url":"","error":""},"_links":{"self":[{"href":"https:\/\/www.europesays.com\/es\/wp-json\/wp\/v2\/posts\/66591","targetHints":{"allow":["GET"]}}],"collection":[{"href":"https:\/\/www.europesays.com\/es\/wp-json\/wp\/v2\/posts"}],"about":[{"href":"https:\/\/www.europesays.com\/es\/wp-json\/wp\/v2\/types\/post"}],"author":[{"embeddable":true,"href":"https:\/\/www.europesays.com\/es\/wp-json\/wp\/v2\/users\/2"}],"replies":[{"embeddable":true,"href":"https:\/\/www.europesays.com\/es\/wp-json\/wp\/v2\/comments?post=66591"}],"version-history":[{"count":0,"href":"https:\/\/www.europesays.com\/es\/wp-json\/wp\/v2\/posts\/66591\/revisions"}],"wp:featuredmedia":[{"embeddable":true,"href":"https:\/\/www.europesays.com\/es\/wp-json\/wp\/v2\/media\/66592"}],"wp:attachment":[{"href":"https:\/\/www.europesays.com\/es\/wp-json\/wp\/v2\/media?parent=66591"}],"wp:term":[{"taxonomy":"category","embeddable":true,"href":"https:\/\/www.europesays.com\/es\/wp-json\/wp\/v2\/categories?post=66591"},{"taxonomy":"post_tag","embeddable":true,"href":"https:\/\/www.europesays.com\/es\/wp-json\/wp\/v2\/tags?post=66591"}],"curies":[{"name":"wp","href":"https:\/\/api.w.org\/{rel}","templated":true}]}}