{"id":666197,"date":"2026-07-19T12:50:21","date_gmt":"2026-07-19T12:50:21","guid":{"rendered":"https:\/\/www.europesays.com\/es\/666197\/"},"modified":"2026-07-19T12:50:21","modified_gmt":"2026-07-19T12:50:21","slug":"fernanfloo-youtuber-antes-de-la-velada-del-ano-vi-entrenar-para-enfrentarme-a-plex-mientras-cuido-de-mi-hijo-ha-sido-una-locura","status":"publish","type":"post","link":"https:\/\/www.europesays.com\/es\/666197\/","title":{"rendered":"Fernanfloo, youtuber, antes de La Velada del A\u00f1o VI: \u00abEntrenar para enfrentarme a Plex mientras cuido de mi hijo ha sido una locura\u00bb"},"content":{"rendered":"<p class=\"ft-text\">Luis Fernando Flores Alvarado, conocido mundialmente como Fernanfloo (33 a\u00f1os), es uno de los creadores de contenido m\u00e1s importantes de habla hispana. El salvadore\u00f1o ha publicado m\u00e1s de 570 v\u00eddeos, supera los 10.000 millones de visualizaciones y re\u00fane una comunidad de m\u00e1s de 50 millones de suscriptores en YouTube. &#8216;Fernan&#8217; se remonta a sus or\u00edgenes, en &#8216;El Salvador&#8217;, lugar en el que vive y es feliz. En la final del Mundial apoya a Argentina, pero su &#8216;foco&#8217; est\u00e1 puesto en una sola cosa: ganar a Plex en La Velada del A\u00f1o VI.<\/p>\n<p class=\"ft-text\">La participaci\u00f3n de Fernanfloo ilustra tambi\u00e9n la evoluci\u00f3n de los formatos nacidos en internet: eventos capaces de movilizar audiencias globales y de activar industrias como la producci\u00f3n audiovisual, la m\u00fasica, el deporte o los videojuegos.<\/p>\n<p class=\"ft-text\"><strong>Pregunta: Buenos d\u00edas <\/strong><strong>Fernan<\/strong><strong>, eres uno de los creadores m\u00e1s influyentes de habla hispana. Marcaste una \u00e9poca en YouTube y tienes m\u00e1s de 50 millones de seguidores. \u00bfComo se gestiona eso?<\/strong><\/p>\n<p class=\"ft-text\">Respuesta: Mi primer canal fue en 2007, pero no me fue muy bien y hasta 2011 no decid\u00ed abrir el canal que todos conoc\u00e9is, el de \u2018Fernanfloo\u2019. Despu\u00e9s de un a\u00f1o, pegu\u00e9 \u2018el pelotazo\u2019 y fue para arriba. Todo se descontrol\u00f3. Empec\u00e9 a crecer much\u00edsimo en muy poco tiempo y cada v\u00eddeo llegaba a millones de personas. Fue un cambio enorme en mi vida, porque pas\u00e9 de crear contenido como un &#8216;hobby&#8217; a convertirme en uno de los creadores m\u00e1s seguidos de habla hispana.<\/p>\n<p class=\"ft-text\"><strong>P: \u00bfNaciste en El Salvador, c\u00f3mo fue tu infancia?<\/strong><\/p>\n<p class=\"ft-text\">R: Mi infancia fue normal. Vengo de una familia en la que no me faltaba nada, pero tampoco me sobraba. \u00cdbamos justos. Con el cari\u00f1o de nuestros padres, recuerdo una infancia s\u00faper feliz, amena, porque hice b\u00e1squet, pero de la mano de los videojuegos, que es a lo que le he dedicado la vida.<\/p>\n<p class=\"ft-text\">Vivo en El Salvador. No me quiero ir de all\u00ed porque tengo toda mi familia y amigos. Soy una persona muy casera. Despu\u00e9s de irme tres semanas, mi cuerpo me pide volver.<\/p>\n<p class=\"ft-text\"><strong>Lleg\u00f3 un momento en que lo dejaste en YouTube.<\/strong><\/p>\n<p class=\"ft-text\">Ahora mismo me encuentro muy tranquilo. Cuando dej\u00e9 de hacer contenido, te da la ansiedad de: \u2018La gente me va a olvidar\u2019, \u2018\u00bfqu\u00e9 va a pasar?\u2019, \u2018voy a hacer un v\u00eddeo y no va a ser lo mismo\u2026\u2019. Pero el tiempo me ha demostrado que no es as\u00ed, la gente me espera y ya no me quemo la cabeza. Pueden pasar siete meses sin subir un v\u00eddeo y no pasa nada. Empez\u00f3 como hobby, despu\u00e9s se volvi\u00f3 un trabajo, y cuando algo se vuelve trabajo te empiezas a desesperar. Cuando era un hobby y lo disfrutabas, alegrabas a la gente los d\u00edas, le hac\u00edas re\u00edr y ve\u00edas el feedback. Me alegraba la vida, me enamor\u00e9 del contenido, de la gente y de YouTube.<\/p>\n<p><img decoding=\"async\" src=\"https:\/\/www.europesays.com\/es\/wp-content\/uploads\/2026\/07\/ff9b8d4d-f532-467a-99d2-096e82fa1556_alta-libre-aspect-ratio_default_0_x960y360.jpg\" width=\"1200\" height=\"675\" alt=\"Fernanfloo es uno de los youtubers hispanohablantes m\u00e1s grandes del mundo.\" class=\"ft-helper-img-rd\" loading=\"lazy\" fetchpriority=\"auto\"\/><\/p>\n<p class=\"ft-helper-fontColor-quaternary ft-helper-fontSize-body-S ft-helper-spacer-t-xxs\">Fernanfloo es uno de los youtubers hispanohablantes m\u00e1s grandes del mundo.  \/ Fernanfloo | Youtube<\/p>\n<blockquote class=\"ft-mol-quote\" data-aida-quote=\"\"><p>\u00abTodo lo que tengo est\u00e1 en El Salvador. Es mi lugar\u00bb<\/p>\n<p class=\"ft-mol-quote__author--name\">Fernanfloo<\/p>\n<p class=\"ft-mol-quote__author--status\">\u2014 Youtuber y luchador de La Velada del A\u00f1o VI<\/p>\n<\/blockquote>\n<p class=\"ft-text\"><strong>Compaginar YouTube con La Velada del A\u00f1o VI no debe ser f\u00e1cil. \u00bfC\u00f3mo surgi\u00f3 la llamada de Ibai?<\/strong><\/p>\n<p class=\"ft-text\">Yo estaba en un aeropuerto. Ven\u00eda de M\u00e1laga. Estaba con los chicos de TUMANAG3R. Me dijo mi equipo que Ibai estaba interesado en que participara en La Velada. Y la llamada me pill\u00f3 en medio del jet lag, con mucha sorpresa, felicidad en cierto punto. Y si me hubieran contado c\u00f3mo iba a ser la etapa de preparaci\u00f3n siendo padre, sin dormir por la madrugada, con mi esposa embarazada\u2026 as\u00ed surgi\u00f3.<\/p>\n<p class=\"ft-text\"><strong>Eres padre, \u00bfes dif\u00edcil llevar la rutina?<\/strong><\/p>\n<p class=\"ft-text\">No lo s\u00e9 ni yo (se r\u00ede). Tienes que tener disciplina y marcarte unos horarios. Si tienes que compaginar La Velada, ser pap\u00e1 y crear contenido, es imposible. No hay debate. Me levanto a las seis de la ma\u00f1ana. Pas\u00e9 de levantarme normalmente a las once a levantarme a las seis por la preparaci\u00f3n. Mi esposa es quien se encarga de poner al hijo a dormir y yo, por la ma\u00f1ana, nos organizamos. Por la tarde entrenamos y, al volver, por la noche, ya subo alg\u00fan v\u00eddeo. Normalmente ya quedo muy cansado por la noche. Tampoco soy un creador que suba tanto contenido.<\/p>\n<blockquote class=\"ft-mol-quote\" data-aida-quote=\"\"><p>\u00abTienes que tener disciplina y marcarte unos horarios. Si tienes que compaginar La Velada, ser pap\u00e1 y crear contenido, es imposible. No hay debate\u00bb<\/p><\/blockquote>\n<p><img decoding=\"async\" src=\"https:\/\/www.europesays.com\/es\/wp-content\/uploads\/2026\/07\/a7ce46df-7931-4b22-a7bc-eff070f16805_alta-libre-aspect-ratio_default_0_x960y360.jpg\" width=\"1200\" height=\"675\" alt=\"Fernanfloo se llev\u00f3 el combate de 'La Velada del A\u00f1o 3' ante su amigo Luzu.\" class=\"ft-helper-img-rd\" loading=\"lazy\" fetchpriority=\"auto\"\/><\/p>\n<p class=\"ft-helper-fontColor-quaternary ft-helper-fontSize-body-S ft-helper-spacer-t-xxs\">Fernanfloo se llev\u00f3 el combate de &#8216;La Velada del A\u00f1o 3&#8217; ante su amigo Luzu.  \/ Sport.es<\/p>\n<p class=\"ft-text\"><strong>Y por lo que hace a tu dieta, \u00bfqu\u00e9 alimentaci\u00f3n est\u00e1s siguiendo y dispones de ayuda?<\/strong><\/p>\n<p class=\"ft-text\">Como mi rival es Plex, \u00e9l ten\u00eda que bajar y yo subir como diez kilos. Como de todo, lo que me ponen en la mesa. He subido cinco kilos, me he quedado corto, pero mi metabolismo lo quema todo. Y m\u00e1s teniendo en cuenta que el boxeo es un deporte con mucho cardio. Lo que ingieres, lo quemas. Tienes que comer m\u00e1s del doble. Me hubiese gustado comer un poco m\u00e1s. Faltan pocos d\u00edas para La Velada y me voy a hinchar a comer lo que encuentre por aqu\u00ed, una paella\u2026<\/p>\n<p class=\"ft-text\"><strong>\u00bfQu\u00e9 aprendiste de tu combate con Luzu y qu\u00e9 aplicar\u00edas ahora?<\/strong><\/p>\n<p class=\"ft-text\">Son dos personas distintas, no puedes replicar el combate. Contra Luzu (youtuber) aprend\u00ed de cero y ya lo he aprendido; solamente me faltar\u00e1 pulirlo contra Plex. El combate se plantea de manera distinta. Antes era ir alej\u00e1ndome en el ring; ahora, con Plex, como el peque\u00f1o soy yo, tendr\u00e9 que entrar m\u00e1s. He ido aplicando la t\u00e9cnica del \u2018cabeceo\u2019 (un movimiento defensivo fundamental que consiste en esquivar los golpes del rival dibujando una peque\u00f1a &#8216;V&#8217; o &#8216;U&#8217; con la cintura y las rodillas, no solo con el cuello. Te convierte en un blanco m\u00f3vil y crea \u00e1ngulos para contragolpear de forma explosiva).<\/p>\n<p class=\"ft-text\">Tratar\u00e9 de entrar en su zona e incomodarlo. Al final, Plex es m\u00e1s alto, intentar\u00e9 entrar en su zona. Ser\u00e1 un combate espectacular.<\/p>\n<p class=\"ft-text\"><strong>\u00bfCu\u00e1ntos meses llevas de preparaci\u00f3n?<\/strong><\/p>\n<p class=\"ft-text\">Llevo tres o cuatro meses de preparaci\u00f3n. Est\u00e1 bien, porque con Luzu fueron dos meses. No era padre, pod\u00eda dedicarle el cien por cien y ten\u00eda m\u00e1s tiempo.<\/p>\n<p><img decoding=\"async\" src=\"https:\/\/www.europesays.com\/es\/wp-content\/uploads\/2026\/07\/e74b8c1a-8cf1-4c2c-9a20-bb2ff3be5b2c_alta-libre-aspect-ratio_default_0.jpg\" width=\"1200\" height=\"800\" alt=\"Vista general durante la quinta edici\u00f3n de La Velada del A\u00f1o en el Estadio de La Cartuja, a 26 de julio de 2025 en Sevilla (Andaluc\u00eda, Espa\u00f1a). El creador de contenidos, Ibai Llanos, ha organizado la quinta Velada del A\u00f1o. El Estadio La Cartuja alberga a unos 75.000 espectadores, una cifra que volver\u00e1 a ser hist\u00f3rica. El Santiago Bernab\u00e9u ya acogi\u00f3 un n\u00famero similar en la pasada edici\u00f3n de La Velada, unos 80.000 espectadores, convirtiendo el evento en el de mayor aforo de la historia en Espa\u00f1a para una cita box\u00edstica: super\u00f3 un r\u00e9cord establecido hace casi 100 a\u00f1os en el combate entre Paulino Uzcudun y Primo Carnera en el Estadio Ol\u00edmpico de Montju\u00efc en 1930. Con un pico de 3,85 millones de dispositivos conectados, La Velada del A\u00f1o posee, en su cuarta edici\u00f3n, el r\u00e9cord de la emisi\u00f3n m\u00e1s vista de la historia en cualquier idioma en Twitch, la gran plataforma de streaming. Es, sin duda, el mayor evento jam\u00e1s concebido en internet, y copa el top 3 de emisiones m\u00e1s vistas en la plataforma. El objetivo, un a\u00f1o m\u00e1s: volver a hacer historia. 26 JULIO 2025 Joaquin Corchero \/ Europa Press 26\/07\/2025. Joaquin Corchero;category_code_new;\" class=\"ft-helper-img-rd\" loading=\"lazy\" fetchpriority=\"auto\"\/><\/p>\n<p class=\"ft-helper-fontColor-quaternary ft-helper-fontSize-body-S ft-helper-spacer-t-xxs\">El Estadio de la Cartuja, preparado para La Velada del A\u00f1o VI.  \/ Joaquin Corchero \/ Europa Press<\/p>\n<blockquote class=\"ft-mol-quote\" data-aida-quote=\"\"><p>El boxeo es un deporte con mucho cardio. Como de todo, lo que me ponen en la mesa. He subido cinco kilos, me he quedado corto, pero mi metabolismo lo quema todo.<\/p>\n<p class=\"ft-mol-quote__author--name\">Fernanfloo<\/p>\n<p class=\"ft-mol-quote__author--status\">\u2014 Rival de Plex en La Velada del A\u00f1o VI<\/p>\n<\/blockquote>\n<p class=\"ft-text\"><strong>\u00bfTe gusta el f\u00fatbol? \u00bfCon qui\u00e9n vas en la final?<\/strong><\/p>\n<p class=\"ft-text\">No soy muy fan, pero siempre que viene el Mundial estoy muy dentro. Mi esposa me dice que \u2018me vuelve a conocer\u2019 porque nunca me ha visto en un Mundial. Apoyaba a Portugal porque soy \u2018bicholover\u2019 (fan\u00e1tico de Cristiano), por su disciplina. Pero como soy de Sudam\u00e9rica, voy con Argentina. Sin embargo, voy con Espa\u00f1a, aunque Messi me ha sorprendido. <\/p>\n<p class=\"ft-text\">Pensaba que estaba \u2018viejito\u2019, pero se ha echado el equipo a sus espaldas. Espa\u00f1a lo que tiene es que juega en equipo, pero como Leo tenga su d\u00eda\u2026<\/p>\n<p class=\"ft-text\"><strong>\u00bfC\u00f3mo fichaste por TuManag3r?<\/strong><\/p>\n<p class=\"ft-text\">Nos encontramos y me encant\u00f3 su ideolog\u00eda. Me trataron muy bien y decid\u00ed formar parte para cambiar la ind\u00fastria.<\/p>\n<p class=\"ft-text\"><strong>\u2018Fernan\u2019, para terminar, def\u00ednete con una palabra.<\/strong><\/p>\n<p class=\"ft-text\">Crack.<\/p>\n","protected":false},"excerpt":{"rendered":"Luis Fernando Flores Alvarado, conocido mundialmente como Fernanfloo (33 a\u00f1os), es uno de los creadores de contenido m\u00e1s&hellip;\n","protected":false},"author":2,"featured_media":666198,"comment_status":"","ping_status":"","sticky":false,"template":"","format":"standard","meta":{"footnotes":""},"categories":[174],"tags":[1611,255,168,146,147,121412,25,24,256,121411,2313,23,2352,32030,5269],"class_list":["post-666197","post","type-post","status-publish","format-standard","has-post-thumbnail","category-famosos","tag-ano","tag-celebrities","tag-deportes","tag-entertainment","tag-entretenimiento","tag-entrevistas-de-sport","tag-es","tag-espana","tag-famosos","tag-fernanfloo","tag-fuera-de-juego","tag-spain","tag-velada","tag-vi","tag-youtuber"],"share_on_mastodon":{"url":"https:\/\/pubeurope.com\/@es\/116946733709818297","error":""},"_links":{"self":[{"href":"https:\/\/www.europesays.com\/es\/wp-json\/wp\/v2\/posts\/666197","targetHints":{"allow":["GET"]}}],"collection":[{"href":"https:\/\/www.europesays.com\/es\/wp-json\/wp\/v2\/posts"}],"about":[{"href":"https:\/\/www.europesays.com\/es\/wp-json\/wp\/v2\/types\/post"}],"author":[{"embeddable":true,"href":"https:\/\/www.europesays.com\/es\/wp-json\/wp\/v2\/users\/2"}],"replies":[{"embeddable":true,"href":"https:\/\/www.europesays.com\/es\/wp-json\/wp\/v2\/comments?post=666197"}],"version-history":[{"count":0,"href":"https:\/\/www.europesays.com\/es\/wp-json\/wp\/v2\/posts\/666197\/revisions"}],"wp:featuredmedia":[{"embeddable":true,"href":"https:\/\/www.europesays.com\/es\/wp-json\/wp\/v2\/media\/666198"}],"wp:attachment":[{"href":"https:\/\/www.europesays.com\/es\/wp-json\/wp\/v2\/media?parent=666197"}],"wp:term":[{"taxonomy":"category","embeddable":true,"href":"https:\/\/www.europesays.com\/es\/wp-json\/wp\/v2\/categories?post=666197"},{"taxonomy":"post_tag","embeddable":true,"href":"https:\/\/www.europesays.com\/es\/wp-json\/wp\/v2\/tags?post=666197"}],"curies":[{"name":"wp","href":"https:\/\/api.w.org\/{rel}","templated":true}]}}