{"id":666407,"date":"2026-07-19T15:41:14","date_gmt":"2026-07-19T15:41:14","guid":{"rendered":"https:\/\/www.europesays.com\/es\/666407\/"},"modified":"2026-07-19T15:41:14","modified_gmt":"2026-07-19T15:41:14","slug":"el-betis-recibe-su-pellizco-por-juan-cruz","status":"publish","type":"post","link":"https:\/\/www.europesays.com\/es\/666407\/","title":{"rendered":"El Betis recibe su pellizco por Juan Cruz"},"content":{"rendered":"<p>El extremo se ha marchado del CD Legan\u00e9s en calidad de cedido al M\u00e1laga CF. El club verdiblanco posee el 40 por ciento del pase del hispano-argentino y, por tanto, se embolsa una cantidad de dinero no demasiado importante, pero que nunca viene mal a las arcas verdiblancas<\/p>\n<p class=\"parrafo\">El<strong> Real Betis <\/strong>tiene una hoja de ruta con todos los canteranos a los que termina dando salida: <strong>mantener una parte del pase del jugador o un porcentaje de una futura plusval\u00eda<\/strong>. Estrategia que tiene como objetivo el continuar recaudando dinero a pesar de que el futbolista ya lleve fuera varias temporadas. Uno de los casos m\u00e1s claros es el de<strong> Juan Cruz<\/strong> por el cual el club verdiblanco ha recibido un peque\u00f1o pellizco una vez se ha culminando su cesi\u00f3n al <strong>M\u00e1laga CF <\/strong>ya que el extremo deseaba salir del <strong>CD Legan\u00e9s<\/strong>.<\/p>\n<p>Juan Cruz, muy cerca de ser cedido por el CD Legan\u00e9s al M\u00e1laga CF<\/p>\n<p class=\"parrafo\"><a href=\"https:\/\/www.estadiodeportivo.com\/futbol\/malaga\/malaga-aprieta-para-cerrar-llegada-juan-cruz-regreso-inesperado-20260716-542508.html\" target=\"_blank\" class=\"intext-link\" rel=\"nofollow noopener\">Las negociaciones entre el <strong>CD Legan\u00e9s<\/strong> y el <strong>M\u00e1laga CF<\/strong> por <strong>Juan Cruz <\/strong><\/a>se han cerrado en las \u00faltimas horas, y el extremo, ex del <strong>Real Betis<\/strong>, se ha unido al equipo de la Costa del Sol que acaba de ascender a <strong>Primera divisi\u00f3n<\/strong>. Los t\u00e9rminos en los que se ha cerrado la operaci\u00f3n es el de una cesi\u00f3n por la que el <strong>M\u00e1laga CF<\/strong> va a pagar unos <strong>500.000 euros <\/strong>al <strong>CD Legan\u00e9s <\/strong>seg\u00fan apunta As. A ello, hay que a\u00f1adirle que el <strong>CD Legan\u00e9s<\/strong> ha logrado introducir una opci\u00f3n de compra para el <strong>M\u00e1laga CF<\/strong>, que se convierte en obligaci\u00f3n en caso de que el club de La Rosaleda consiga la permanencia en <strong>Primera divisi\u00f3n<\/strong>.<\/p>\n<p><a class=\"elementos-rel-t2\" href=\"https:\/\/www.estadiodeportivo.com\/futbol\/malaga\/malaga-aprieta-para-cerrar-llegada-juan-cruz-regreso-inesperado-20260716-542508.html\" title=\"El M\u00e1laga aprieta para cerrar la llegada de Juan Cruz: un regreso inesperado\" rel=\"nofollow noopener\" target=\"_blank\"><\/p>\n<p class=\"titular titulo-4\">El M\u00e1laga aprieta para cerrar la llegada de Juan Cruz: un regreso inesperado<\/p>\n<p><img decoding=\"async\" src=\"https:\/\/www.europesays.com\/es\/wp-content\/uploads\/2026\/07\/aa2ad77d-5885-48fa-9973-dbe0b4468eb7_320x180.jpeg\" alt=\"El M\u00e1laga aprieta para cerrar la llegada de Juan Cruz: un regreso inesperado\"\/><\/a><a class=\"elementos-rel-t2\" href=\"https:\/\/www.estadiodeportivo.com\/futbol\/malaga\/juan-cruz-ausencia-amistoso-del-leganes-para-acelerar-regreso-malaga-20260717-542540.html\" title=\"Juan Cruz, ausente en el segundo amistoso del Legan\u00e9s, acelera su regreso al M\u00e1laga\" rel=\"nofollow noopener\" target=\"_blank\"><\/p>\n<p class=\"titular titulo-4\">Juan Cruz, ausente en el segundo amistoso del Legan\u00e9s, acelera su regreso al M\u00e1laga<\/p>\n<p><img decoding=\"async\" src=\"https:\/\/www.europesays.com\/es\/wp-content\/uploads\/2026\/07\/59f9d6b0-1afa-4128-b952-6608bee81f88_320x180.png\" alt=\"Juan Cruz, ausente en el segundo amistoso del Legan\u00e9s, acelera su regreso al M\u00e1laga\"\/><\/a><\/p>\n<p class=\"parrafo\">Dicho esto, el <strong>Real Betis<\/strong> no ha perdido de vista la operaci\u00f3n entre <strong>CD Legan\u00e9s <\/strong>y <strong>M\u00e1laga CF<\/strong> por <strong>Juan Cruz <\/strong>ya que una vez se ha cerrado se lleva una modesta cantidad de dinero porque el club verdiblanco sigue manteniendo un<strong> 40 por ciento del pase <\/strong>del extremo. Aunque sea una cesi\u00f3n, el <strong>Real Betis <\/strong>se embolsa ese <strong>40 por ciento de unos 500.000 euros<\/strong> lo que lleva a la caja b\u00e9tica un total de <strong>200.000 euros<\/strong>. Una cantidad que nunca viene mal.<\/p>\n<p><img decoding=\"async\" src=\"https:\/\/www.europesays.com\/es\/wp-content\/uploads\/2026\/07\/e1ed6f4a-8b67-4fb9-a710-ef719df2564a_800x450.jpeg\" loading=\"lazy\"\/><\/p>\n<p class=\"parrafo\">El <strong>Real Betis <\/strong>maniobr\u00f3 bien cuando en el verano de 2024 vendi\u00f3 a<strong> Juan Cruz<\/strong> al<strong> CD Legan\u00e9s<\/strong> a cambio de<strong> 1 mill\u00f3n de euros<\/strong>, ya que el club verdiblanco a\u00f1adi\u00f3 que <strong>ya fuera cesi\u00f3n o traspaso se llevar\u00eda un 40 por ciento del dinero de la futura operaci\u00f3n<\/strong>.<\/p>\n<p>Assane Diao, Jes\u00fas Rodr\u00edguez o Mateo Flores, otros ejemplos en los que el Real Betis se guarda un porcentaje<\/p>\n<p class=\"parrafo\">Esta estrategia de guardarse un parte del pase de sus canteranos vendidos la lleva aplicando el <strong>Real Betis <\/strong>varias temporadas, siendo alguno de los casos m\u00e1s reconocidos los de <strong>Assane Diao<\/strong>, <strong>Jes\u00fas Rodr\u00edguez<\/strong> o<strong> Mateo Flores<\/strong>.<\/p>\n<p class=\"parrafo\">Por ejemplo, en la operaci\u00f3n por la cual el <strong>Real Betis<\/strong> vendi\u00f3 a <strong>Assane Diao <\/strong>al <strong>Como 1907<\/strong>, el club verdiblanco se guard\u00f3 un<strong> 20 por ciento<\/strong> del pase del extremo. Igualmente, con el<strong> Como 1907<\/strong>, el <strong>Real Betis <\/strong>recibir\u00e1 un <strong>12 por ciento de la plusval\u00eda <\/strong>de un futuro traspaso de <strong>Jes\u00fas Rodr\u00edguez<\/strong>. Y en el caso de<strong> Mateo Flores<\/strong>, el <strong>Real Betis<\/strong> mantiene un <strong>50 por ciento del pase<\/strong> del centrocampista al cual vendi\u00f3 al <strong>FC Arouca<\/strong> de Portugal hace unas pocas semanas.<\/p>\n<p class=\"parrafo\">De esta forma, el <strong>Real Betis<\/strong> se sigue asegurando ganar peque\u00f1as cantidades de dinero con algunos canteranos que van cambiando de equipo.<\/p>\n","protected":false},"excerpt":{"rendered":"El extremo se ha marchado del CD Legan\u00e9s en calidad de cedido al M\u00e1laga CF. El club verdiblanco&hellip;\n","protected":false},"author":2,"featured_media":666408,"comment_status":"","ping_status":"","sticky":false,"template":"","format":"standard","meta":{"footnotes":""},"categories":[93],"tags":[13893,168,25,24,284,285,282,13895,1963,1945,286,7640,23,167],"class_list":["post-666407","post","type-post","status-publish","format-standard","has-post-thumbnail","category-deportes","tag-c-d-leganes","tag-deportes","tag-es","tag-espana","tag-estadio-deportivo","tag-fichajes","tag-futbol","tag-juan-cruz","tag-malaga-cf","tag-primera-division","tag-real-betis-balompie","tag-segunda-division","tag-spain","tag-sports"],"share_on_mastodon":{"url":"https:\/\/pubeurope.com\/@es\/116947406132904938","error":""},"_links":{"self":[{"href":"https:\/\/www.europesays.com\/es\/wp-json\/wp\/v2\/posts\/666407","targetHints":{"allow":["GET"]}}],"collection":[{"href":"https:\/\/www.europesays.com\/es\/wp-json\/wp\/v2\/posts"}],"about":[{"href":"https:\/\/www.europesays.com\/es\/wp-json\/wp\/v2\/types\/post"}],"author":[{"embeddable":true,"href":"https:\/\/www.europesays.com\/es\/wp-json\/wp\/v2\/users\/2"}],"replies":[{"embeddable":true,"href":"https:\/\/www.europesays.com\/es\/wp-json\/wp\/v2\/comments?post=666407"}],"version-history":[{"count":0,"href":"https:\/\/www.europesays.com\/es\/wp-json\/wp\/v2\/posts\/666407\/revisions"}],"wp:featuredmedia":[{"embeddable":true,"href":"https:\/\/www.europesays.com\/es\/wp-json\/wp\/v2\/media\/666408"}],"wp:attachment":[{"href":"https:\/\/www.europesays.com\/es\/wp-json\/wp\/v2\/media?parent=666407"}],"wp:term":[{"taxonomy":"category","embeddable":true,"href":"https:\/\/www.europesays.com\/es\/wp-json\/wp\/v2\/categories?post=666407"},{"taxonomy":"post_tag","embeddable":true,"href":"https:\/\/www.europesays.com\/es\/wp-json\/wp\/v2\/tags?post=666407"}],"curies":[{"name":"wp","href":"https:\/\/api.w.org\/{rel}","templated":true}]}}