{"id":666423,"date":"2026-07-19T15:52:12","date_gmt":"2026-07-19T15:52:12","guid":{"rendered":"https:\/\/www.europesays.com\/es\/666423\/"},"modified":"2026-07-19T15:52:12","modified_gmt":"2026-07-19T15:52:12","slug":"juan-silvestre-campeon-del-i-gp-de-golf-adaptado-de-ffaa","status":"publish","type":"post","link":"https:\/\/www.europesays.com\/es\/666423\/","title":{"rendered":"Juan Silvestre, campe\u00f3n del I GP de Golf Adaptado de FFAA"},"content":{"rendered":"<p>El resultado supone un reconocimiento al esfuerzo, la dedicaci\u00f3n y el excelente nivel competitivo de Juan Silvestre mostrado en La Faisanera<img fetchpriority=\"high\" decoding=\"async\" class=\"size-full wp-image-332272\" src=\"https:\/\/www.europesays.com\/es\/wp-content\/uploads\/2026\/07\/Juan-Silvestre-campeon-del-I-Gran-Premio-de-Golf-Adaptado-por-Equipos-de-FFAA.jpeg\" alt=\"Juan Silvestre, Golf adaptado, La Faisanera, Federacion de Golf de la Comunidad Valenciana, \" width=\"1500\" height=\"1000\"  \/>La competici\u00f3n ha reunido a algunos de los mejores jugadores de golf adaptado del panorama nacional<\/p>\n<p style=\"text-align: justify;\">La <strong>Federaci\u00f3n de Golf de la Comunitat Valenciana<\/strong> celebra el brillante triunfo de <strong>Juan Silvestre<\/strong>, quien se ha proclamado campe\u00f3n individual del <strong>I Gran Premio de Golf Adaptado por Equipos de Federaciones Auton\u00f3micas<\/strong> celebrado en el complejo segoviano de La Faisanera; una competici\u00f3n que ha reunido a algunos de los mejores jugadores de golf adaptado del panorama nacional.<\/p>\n<p style=\"text-align: justify;\">Silvestre firm\u00f3 una destacada actuaci\u00f3n durante el campeonato, imponi\u00e9ndose en la clasificaci\u00f3n individual y logrando un importante \u00e9xito para la Federaci\u00f3n de Golf de la Comunitat Valenciana en la primera edici\u00f3n de este novedoso torneo.<\/p>\n<p style=\"text-align: justify;\">Este resultado supone un reconocimiento al esfuerzo, la dedicaci\u00f3n y el excelente nivel competitivo de <strong>Juan Silvestre<\/strong>; adem\u00e1s de poner en valor el trabajo que la Federaci\u00f3n realiza para fomentar el desarrollo del golf adaptado; y promover un deporte cada vez m\u00e1s inclusivo.<\/p>\n<p style=\"text-align: justify;\">La <strong>Federaci\u00f3n de Golf de la Comunitat Valenciana<\/strong> quiso felicitar a Juan Silvestre por este magn\u00edfico logro; as\u00ed como reconocer el esfuerzo de todos los deportistas y federaciones participantes; que han contribuido al \u00e9xito de un campeonato llamado a convertirse en una referencia del golf adaptado en Espa\u00f1a.<\/p>\n<p style=\"text-align: justify;\"><strong>Puede seguir a OpenGolf en <\/strong><a style=\"color: #008000;\" href=\"https:\/\/www.facebook.com\/opengolfes.es\/\" rel=\"nofollow noopener\" target=\"_blank\"><strong>Facebook<\/strong><\/a><strong>; <\/strong><a style=\"color: #008000;\" href=\"https:\/\/twitter.com\/opengolf_news\" rel=\"nofollow noopener\" target=\"_blank\"><strong>Twitter<\/strong><\/a><strong>; <\/strong><a style=\"color: #008000;\" href=\"https:\/\/www.linkedin.com\/in\/fernando-molina-b1455a14\/\" rel=\"nofollow noopener\" target=\"_blank\"><strong>LinkedIn<\/strong><\/a><strong> y suscribi\u00e9ndose a trav\u00e9s de este enlace a nuestra <\/strong><a style=\"color: #008000;\" href=\"https:\/\/opengolf.es\/newsletters.php\" rel=\"nofollow noopener\" target=\"_blank\"><strong>Newsletter Semanal<\/strong><\/a><\/p>\n<p><script async src=\"https:\/\/platform.twitter.com\/widgets.js\" charset=\"utf-8\"><\/script><\/p>\n","protected":false},"excerpt":{"rendered":"El resultado supone un reconocimiento al esfuerzo, la dedicaci\u00f3n y el excelente nivel competitivo de Juan Silvestre mostrado&hellip;\n","protected":false},"author":2,"featured_media":666424,"comment_status":"","ping_status":"","sticky":false,"template":"","format":"standard","meta":{"footnotes":""},"categories":[275],"tags":[168,25,24,104402,329,26583,121436,121437,23,167],"class_list":["post-666423","post","type-post","status-publish","format-standard","has-post-thumbnail","category-golf","tag-deportes","tag-es","tag-espana","tag-federacion-de-golf-de-la-comunidad-valenciana","tag-golf","tag-golf-adaptado","tag-juan-silvestre","tag-la-faisanera","tag-spain","tag-sports"],"share_on_mastodon":{"url":"https:\/\/pubeurope.com\/@es\/116947449460372420","error":""},"_links":{"self":[{"href":"https:\/\/www.europesays.com\/es\/wp-json\/wp\/v2\/posts\/666423","targetHints":{"allow":["GET"]}}],"collection":[{"href":"https:\/\/www.europesays.com\/es\/wp-json\/wp\/v2\/posts"}],"about":[{"href":"https:\/\/www.europesays.com\/es\/wp-json\/wp\/v2\/types\/post"}],"author":[{"embeddable":true,"href":"https:\/\/www.europesays.com\/es\/wp-json\/wp\/v2\/users\/2"}],"replies":[{"embeddable":true,"href":"https:\/\/www.europesays.com\/es\/wp-json\/wp\/v2\/comments?post=666423"}],"version-history":[{"count":0,"href":"https:\/\/www.europesays.com\/es\/wp-json\/wp\/v2\/posts\/666423\/revisions"}],"wp:featuredmedia":[{"embeddable":true,"href":"https:\/\/www.europesays.com\/es\/wp-json\/wp\/v2\/media\/666424"}],"wp:attachment":[{"href":"https:\/\/www.europesays.com\/es\/wp-json\/wp\/v2\/media?parent=666423"}],"wp:term":[{"taxonomy":"category","embeddable":true,"href":"https:\/\/www.europesays.com\/es\/wp-json\/wp\/v2\/categories?post=666423"},{"taxonomy":"post_tag","embeddable":true,"href":"https:\/\/www.europesays.com\/es\/wp-json\/wp\/v2\/tags?post=666423"}],"curies":[{"name":"wp","href":"https:\/\/api.w.org\/{rel}","templated":true}]}}