{"id":666464,"date":"2026-07-19T16:21:22","date_gmt":"2026-07-19T16:21:22","guid":{"rendered":"https:\/\/www.europesays.com\/es\/666464\/"},"modified":"2026-07-19T16:21:22","modified_gmt":"2026-07-19T16:21:22","slug":"el-refugio-de-broncano-esta-a-180-kilometros-de-madrid-es-un-destino-gastronomico-con-parcelas-enormes-y-mucha-naturaleza","status":"publish","type":"post","link":"https:\/\/www.europesays.com\/es\/666464\/","title":{"rendered":"El refugio de Broncano est\u00e1 a 180 kil\u00f3metros de Madrid: es un destino gastron\u00f3mico con parcelas enormes y mucha naturaleza"},"content":{"rendered":"<p><strong><a href=\"https:\/\/theobjective.com\/etiqueta\/david-broncano\/\" rel=\"nofollow noopener\" target=\"_blank\">David Broncano<\/a><\/strong> siempre ha sido un apasionado de la monta\u00f1a. Algo que ha heredado de sus padres, especialmente de su progenitor, quien ha tenido siempre una vinculaci\u00f3n muy estrecha con la naturaleza debido a su trabajo en Ja\u00e9n. Es por eso que hace unos a\u00f1os, el presentador de La revuelta decidi\u00f3 comprarse una casa, junto a su pareja, en la <strong>Sierra de Gredos<\/strong>, en la provincia de \u00c1vila, que tiene como segunda residencia y donde disfruta junto a su familia. <\/p>\n<p>La pareja ha adquirido varias propiedades en la zona para dar forma a su v\u00eda de escape perfecta del bullicio de Madrid. El complejo se ubica en el t\u00e9rmino municipal de\u00a0<strong>Cebreros (\u00c1vila)<\/strong>, concretamente en la exclusiva urbanizaci\u00f3n\u00a0<strong>Caldas de Guisando<\/strong>.\u00a0Esta zona fue levantada en los a\u00f1os 80 sobre terrenos del marquesado de Guisando y es famosa por garantizar la m\u00e1xima privacidad, seguridad y discreci\u00f3n a sus residentes. <\/p>\n<p>El refugio de Broncano est\u00e1 en \u00c1vila <\/p>\n<p><img fetchpriority=\"high\" decoding=\"async\" width=\"1024\" height=\"576\" src=\"https:\/\/www.europesays.com\/es\/wp-content\/uploads\/2026\/07\/david-broncano-casa-1024x576.jpg\" alt=\"David Broncano casas \u00e1vila\" class=\"wp-image-3747878\"  \/>David Broncano y Silvia Alonso en enero de 2025, tras cuatro a\u00f1os de relaci\u00f3n. | Europa Press<\/p>\n<p>Lo mejor para ellos es la log\u00edstica: est\u00e1 a poco m\u00e1s de\u00a0<strong>una hora y veinte minutos en coche de Madrid<\/strong>, lo que les permite ir y volver en el d\u00eda si el ritmo de las grabaciones del programa lo exige. Broncano y Silvia Alonso han ido ampliando su terreno de forma estrat\u00e9gica, comprando hasta tres parcelas colindantes. Se trata de un chal\u00e9 unifamiliar de\u00a0<strong>m\u00e1s de 300 metros cuadrados<\/strong>\u00a0construidos, distribuidos en dos plantas y est\u00e1 rodeada por una impresionante parcela de\u00a0<strong>4.500 metros cuadrados<\/strong>, que sumada al solar y a la otra casa que adquirieron previamente, hace que tengan una finca de m\u00e1s de 10.000 metros cuadrados (una hect\u00e1rea) blindada de miradas ajenas.<\/p>\n<p>Aunque los precios en la zona var\u00edan, viviendas de este calibre en ese entorno natural \u2014con piscina, entornos ajardinados y vistas espectaculares\u2014 se valoran notablemente, ofreciendo un confort moderno en mitad de la monta\u00f1a. Quienes sigan al presentador saben que es un apasionado de los deportes de aventura, el ciclismo de monta\u00f1a y la naturaleza, por lo que la ubicaci\u00f3n no es casualidad. La finca colinda con las estribaciones orientales de la\u00a0<strong>Sierra de Gredos<\/strong>, el\u00a0<strong>Valle del Alberche<\/strong>\u00a0y est\u00e1 muy cerca de los pantanos del\u00a0<strong>Burguillo<\/strong>\u00a0y de\u00a0<strong>San Juan<\/strong>, ideales para practicar deportes acu\u00e1ticos en verano. Muy cerca se encuentra la Reserva Natural del Valle de Iruelas, un paraje espectacular que cuenta con una de las mayores colonias de buitre negro de Europa.<\/p>\n<p>Gastronom\u00eda, naturaleza y un enclave privilegiado <\/p>\n<p>Cuando se escapan a la zona, aprovechan para disfrutar de la provincia.\u00a0De hecho, se de dejarse ver por \u00c1vila capital disfrutando de restaurantes locales de alta cocina con conciencia ecol\u00f3gica \u2014como el famoso\u00a0Barro\u00a0del chef Carlos Casillas\u2014. La zona donde David Broncano ha fijado su b\u00fanker rural es el\u00a0<strong>Valle del Alberche y la Tierra de Pinares<\/strong>, una comarca natural al este de la provincia de \u00c1vila que ejerce de transici\u00f3n perfecta entre la Sierra de Gredos y la Sierra de Guadarrama. Se encuentra a casi 200 kil\u00f3metros, donde tienen fijada su residencia. <\/p>\n<p>Lo que hace especial a esta zona es su enorme riqueza h\u00eddrica en mitad de un entorno monta\u00f1oso. El r\u00edo Alberche vertebra el valle y deja a su paso rincones espectaculares. El\u00a0<strong>Embalse del Burguillo<\/strong>\u00a0y el\u00a0<strong>Pantano de San Juan<\/strong>\u00a0\u2014este \u00faltimo compartiendo orilla con Madrid\u2014 bordean la zona. En verano se llenan de vida gracias a sus playas de agua dulce y a la pr\u00e1ctica de deportes n\u00e1uticos como el pirag\u00fcismo, el paddle surf o la vela. A tiro de piedra de Cebreros se encuentra este bosque m\u00e1gico, famoso en toda Espa\u00f1a. Es un reducto de casta\u00f1os centenarios \u2014con el famoso ejemplar El Abuelo, de m\u00e1s de 500 a\u00f1os\u2014 que en oto\u00f1o se convierte en un espect\u00e1culo visual de tonos dorados y ocres, atrayendo a miles de senderistas y amantes de la micolog\u00eda.  <\/p>\n<p><img loading=\"lazy\" decoding=\"async\" width=\"1024\" height=\"576\" src=\"https:\/\/www.europesays.com\/es\/wp-content\/uploads\/2026\/07\/Sierra-de-gREDOS-1024x576.jpg\" alt=\"\" class=\"wp-image-3532926\"  \/>Una imagen de la Sierra de Gredos. <\/p>\n<p>La joya de la corona natural de la comarca es la\u00a0<strong>Reserva Natural del Valle de Iruelas<\/strong>. Es una garganta de monta\u00f1a protegida, densamente poblada por pinos laricios, de un valor ecol\u00f3gico incalculable. Es especialmente famosa a nivel internacional por el birding\u00a0\u2014avistamiento de aves\u2014, ya que alberga\u00a0<strong>una de las colonias de buitre negro m\u00e1s importantes de Europa<\/strong>, adem\u00e1s de \u00e1guilas imperiales. Para alguien que busque perderse con la bici de monta\u00f1a o haciendo trekking sin cruzarse con un alma, este es el lugar.  El municipio de Cebreros, donde se ubica la urbanizaci\u00f3n de Broncano, no es un pueblo fantasma de la sierra, sino una villa con mucha solera, car\u00e1cter e historia. <\/p>\n<p>La zona vive un aut\u00e9ntico boom gastron\u00f3mico gracias a la recuperaci\u00f3n de vi\u00f1edos viejos de alta monta\u00f1a. Sus vinos, elaborados principalmente con uva\u00a0<strong>Garnacha<\/strong>\u00a0(tintos) y\u00a0<strong>Albillo Real<\/strong>\u00a0(blancos), est\u00e1n ganando un enorme prestigio en el sector vitivin\u00edcola por su frescura y su car\u00e1cter gran\u00edtico y mineral. Cebreros es el pueblo natal del primer presidente de la democracia espa\u00f1ola actual. De hecho, all\u00ed se puede visitar el\u00a0Museo de Adolfo Su\u00e1rez y la Transici\u00f3n, ubicado en la restaurada Iglesia Vieja de la localidad. En el vecino t\u00e9rmino de El Tiemblo se encuentran los Toros de Guisando, unas c\u00e9lebres esculturas de piedra zoomorfas talladas por los vettones (un pueblo celta) en el siglo II a.C., famosas tambi\u00e9n por ser el lugar donde Isabel la Cat\u00f3lica fue proclamada heredera de Castilla.<\/p>\n<p><img loading=\"lazy\" decoding=\"async\" width=\"1024\" height=\"674\" src=\"https:\/\/www.europesays.com\/es\/wp-content\/uploads\/2026\/07\/ricardo-castella-3-1024x674.jpg\" alt=\"David Broncano, Marcos Mart\u00ednez &quot;Grison&quot; y Ricardo Castella. Gtres\" class=\"wp-image-3759519\"  \/>David Broncano, Marcos Mart\u00ednez \u2018Grison\u2019 y Ricardo Castella. | Gtres<\/p>\n<p>El motivo por el que muchos rostros conocidos, empresarios y altos cargos eligen urbanizaciones como\u00a0Caldas de Guisando\u00a0en esta zona es la\u00a0<strong>arquitectura integrada<\/strong>. A diferencia de los masificados PAU de las afueras de Madrid, aqu\u00ed las parcelas son enormes, las casas se camuflan entre la roca de granito y los pinos pi\u00f1oneros, y se garantiza una privacidad total gracias a la orograf\u00eda del terreno.<\/p>\n","protected":false},"excerpt":{"rendered":"David Broncano siempre ha sido un apasionado de la monta\u00f1a. Algo que ha heredado de sus padres, especialmente&hellip;\n","protected":false},"author":2,"featured_media":666465,"comment_status":"","ping_status":"","sticky":false,"template":"","format":"standard","meta":{"footnotes":""},"categories":[174],"tags":[7607,3738,255,9029,146,147,25,24,256,12319,23],"class_list":["post-666464","post","type-post","status-publish","format-standard","has-post-thumbnail","category-famosos","tag-avila","tag-casas","tag-celebrities","tag-david-broncano","tag-entertainment","tag-entretenimiento","tag-es","tag-espana","tag-famosos","tag-refugio","tag-spain"],"share_on_mastodon":{"url":"","error":""},"_links":{"self":[{"href":"https:\/\/www.europesays.com\/es\/wp-json\/wp\/v2\/posts\/666464","targetHints":{"allow":["GET"]}}],"collection":[{"href":"https:\/\/www.europesays.com\/es\/wp-json\/wp\/v2\/posts"}],"about":[{"href":"https:\/\/www.europesays.com\/es\/wp-json\/wp\/v2\/types\/post"}],"author":[{"embeddable":true,"href":"https:\/\/www.europesays.com\/es\/wp-json\/wp\/v2\/users\/2"}],"replies":[{"embeddable":true,"href":"https:\/\/www.europesays.com\/es\/wp-json\/wp\/v2\/comments?post=666464"}],"version-history":[{"count":0,"href":"https:\/\/www.europesays.com\/es\/wp-json\/wp\/v2\/posts\/666464\/revisions"}],"wp:featuredmedia":[{"embeddable":true,"href":"https:\/\/www.europesays.com\/es\/wp-json\/wp\/v2\/media\/666465"}],"wp:attachment":[{"href":"https:\/\/www.europesays.com\/es\/wp-json\/wp\/v2\/media?parent=666464"}],"wp:term":[{"taxonomy":"category","embeddable":true,"href":"https:\/\/www.europesays.com\/es\/wp-json\/wp\/v2\/categories?post=666464"},{"taxonomy":"post_tag","embeddable":true,"href":"https:\/\/www.europesays.com\/es\/wp-json\/wp\/v2\/tags?post=666464"}],"curies":[{"name":"wp","href":"https:\/\/api.w.org\/{rel}","templated":true}]}}