{"id":666478,"date":"2026-07-19T16:29:21","date_gmt":"2026-07-19T16:29:21","guid":{"rendered":"https:\/\/www.europesays.com\/es\/666478\/"},"modified":"2026-07-19T16:29:21","modified_gmt":"2026-07-19T16:29:21","slug":"julio-iglesias-pone-en-venta-su-mansion-gallega-con-trece-banos-solo-un-ano-despues-de-comprarla","status":"publish","type":"post","link":"https:\/\/www.europesays.com\/es\/666478\/","title":{"rendered":"Julio Iglesias pone en venta su mansi\u00f3n gallega, con trece ba\u00f1os, solo un a\u00f1o despu\u00e9s de comprarla"},"content":{"rendered":"<p style=\"\">Solo un a\u00f1o despu\u00e9s de que se anunciase, a bombo y platillo, la compra de una mansi\u00f3n en el municipio orensano de Pi\u00f1or, el cantante Julio Iglesias (82 a\u00f1os) ha decidido deshacerse de <strong>esta villa ubicada en el interior de Galicia<\/strong> por un precio,  &#8230; por el momento, secreto. Los motivos que llevaron al artista a tomar esta decisi\u00f3n, despu\u00e9s de que los vecinos le diesen la m\u00e1s c\u00e1lida de las bienvenidas, no han trascendido, aunque sorprenden tras unas declaraciones, de hace solo unos meses, en las que el internacional int\u00e9rprete dejaba claras sus intenciones de pasar el verano en ella. <strong>\u00abVamos a ir este verano, yo me siento gallego\u00bb<\/strong> argumentaba haciendo referencia a que la casa estaba muy cerca de la aldea natal de su padre. Una compra motivada por la \u00abnostalgia\u00bb que ahora finaliza con un cartel de &#8216;se vende&#8217;.<\/p>\n<p class=\"v-d-p\" style=\"\">Seg\u00fan el exclusivo portal inmobiliario en el que se anuncia la vivienda, se trata de una <strong>\u00abpreciosa casa de piedra con absoluta privacidad\u00bb<\/strong> que dispone de siete dormitorios, trece ba\u00f1os y una parcela de m\u00e1s de 16.000 metros cuadrados. Acompa\u00f1ado de una treintena de im\u00e1genes que dan cuenta de lo exclusivo de esta villa, que antes perteneci\u00f3 a un alcalde de la zona, el anuncio de Lucasfox tambi\u00e9n especifica que la parcela ajardinada est\u00e1 totalmente delimitada por muros de canter\u00eda. Adem\u00e1s de la vivienda principal, cuenta con dos construcciones auxiliares, <strong>una gran piscina y un precioso lago artificial.<\/strong><\/p>\n<p class=\"v-d-p\" style=\"\">La vivienda principal est\u00e1 compuesta por una planta baja, una planta semis\u00f3tano y la planta bajocubierta. Desde el centro de la fachada, se accede a la planta baja, \u00aba un gran vest\u00edbulo elegante\u00bb, justo enfrente de unas fant\u00e1sticas escaleras de piedra. A mano izquierda del vest\u00edbulo, la zona de d\u00eda, distribuida en una magn\u00edfica y bonita sala de estar, con orientaci\u00f3n sur, <strong>con una gran lareira de piedra<\/strong> y acceso directo a un precioso porche con magn\u00edficas vistas al jard\u00edn. A continuaci\u00f3n, se dispone un elegante y precioso comedor, presidido por una gran mesa, que cuenta con acceso a una amplia y \u00absofisticada cocina profesional\u00bb. Se presenta acristalada, por lo que resulta muy luminosa, y cuenta con zona de plancha, acceso directo a la zona posterior de la casa y un aseo. A la derecha, se dispone <strong>una estancia presidida por un gran arco que da acceso a la biblioteca.<\/strong><\/p>\n<p class=\"v-a-p-t\">\nEn venta\n<\/p>\n<p class=\"v-a-t\">\nEl artista desembols\u00f3 cinco millones de euros por la propiedad, en la que adem\u00e1s hizo una importante reforma que no lleg\u00f3 a disfrutar\n<\/p>\n<p class=\"v-d-p\" style=\"\">Al lado, se dispone la zona de noche. Se ofrece dos dormitorios amplios con su ba\u00f1o correspondiente cada uno de ellos, a los que se accede por un distribuidor independiente y tambi\u00e9n el gran dormitorio principal al que se accede por dos vestidores independientes, techos altos de madera maciza de casta\u00f1o, chimenea y dos ba\u00f1os totalmente equipados e independientes. La propiedad, indica el anuncio, <strong>dispone de un ascensor que comunica todas las plantas.<\/strong><\/p>\n<p class=\"v-d-p\" style=\"\">La zona alta de la casa est\u00e1 dedicada a zona de ocio y de descanso.  En la parte derecha hay <strong>una amplia zona de ocio<\/strong> con chimenea y un original aseo. En la parte izquierda, una zona de estar y de trabajo con chimenea desde la que se accede a dos dormitorios amplios y abuhardillados con un ba\u00f1o cada uno de ellos. En la planta inferior se dispone \u00abun gran vest\u00edbulo con mucha capacidad de almacenaje, una magn\u00edfica bodega con cocina, un ba\u00f1o totalmente equipado y gimnasio\u00bb. Tambi\u00e9n existe una peque\u00f1a habitaci\u00f3n que da al gimnasio y que podr\u00eda utilizarse como un dormitorio de servicio.<\/p>\n<p class=\"v-d-p\" style=\"\">Tambi\u00e9n se ofrece un gran garaje con acceso desde una rampa por la parte trasera de la casa. Cabe destacar, inciden desde la inmobiliaria, en las calidades utilizadas tanto en el exterior como el interior de esta propiedad son de gama alta, con <strong>suelos de madera maciza de casta\u00f1o sobre rastreles<\/strong>. La otra construcci\u00f3n est\u00e1 justo enfrente de la piscina y dispone de una magn\u00edfica zona chill-out, jacuzzi y una preciosa cocina italiana empotrada en un armario. Adem\u00e1s, esta finca dispone de una zona cubierta para le\u00f1a, cuartos de calderas, placas solares y calefacci\u00f3n mediante caldera de gas\u00f3leo.<\/p>\n<p class=\"v-d-p\" style=\"\">Los interesados disponen de un tel\u00e9fono con el que contactar si desean conocer la propiedad en persona y, tambi\u00e9n, el precio con el que sale a la venta. Se desconoce si el cantante y su familia llegaron a visitar la mansi\u00f3n y a pasar alg\u00fan d\u00eda en ella. Ya el pasado diciembre, y seg\u00fan fuentes cercanas a la familia, <a href=\"https:\/\/www.abc.es\/gente\/julio-iglesias-eterno-rumor-conocera-fin-casa-20260506103110-nt.html\" target=\"_self\" data-voc-vtm-id=\"in-text-traffic\" rel=\"nofollow noopener\">el artista habr\u00eda comentado en su entorno m\u00e1s \u00edntimo que la vivienda gallega<\/a>, por la que <strong>pag\u00f3 cerca de cinco millones de euros<\/strong>, a los que hay que sumar una importante inversi\u00f3n en reformas, quiz\u00e1 no encajase con su estilo de vida actual ni con sus prioridades, por lo que se estar\u00eda planteando venderla. Una decisi\u00f3n que ya parece tomada. <\/p>\n","protected":false},"excerpt":{"rendered":"Solo un a\u00f1o despu\u00e9s de que se anunciase, a bombo y platillo, la compra de una mansi\u00f3n en&hellip;\n","protected":false},"author":2,"featured_media":666479,"comment_status":"","ping_status":"","sticky":false,"template":"","format":"standard","meta":{"footnotes":""},"categories":[91],"tags":[1611,65513,111160,987,146,147,25,24,25211,7534,888,21030,1150,1138,23,13144,2913],"class_list":["post-666478","post","type-post","status-publish","format-standard","has-post-thumbnail","category-entretenimiento","tag-ano","tag-banos","tag-comprarla","tag-despues","tag-entertainment","tag-entretenimiento","tag-es","tag-espana","tag-gallega","tag-iglesias","tag-julio","tag-mansion","tag-pone","tag-solo","tag-spain","tag-trece","tag-venta"],"share_on_mastodon":{"url":"https:\/\/pubeurope.com\/@es\/116947593699764247","error":""},"_links":{"self":[{"href":"https:\/\/www.europesays.com\/es\/wp-json\/wp\/v2\/posts\/666478","targetHints":{"allow":["GET"]}}],"collection":[{"href":"https:\/\/www.europesays.com\/es\/wp-json\/wp\/v2\/posts"}],"about":[{"href":"https:\/\/www.europesays.com\/es\/wp-json\/wp\/v2\/types\/post"}],"author":[{"embeddable":true,"href":"https:\/\/www.europesays.com\/es\/wp-json\/wp\/v2\/users\/2"}],"replies":[{"embeddable":true,"href":"https:\/\/www.europesays.com\/es\/wp-json\/wp\/v2\/comments?post=666478"}],"version-history":[{"count":0,"href":"https:\/\/www.europesays.com\/es\/wp-json\/wp\/v2\/posts\/666478\/revisions"}],"wp:featuredmedia":[{"embeddable":true,"href":"https:\/\/www.europesays.com\/es\/wp-json\/wp\/v2\/media\/666479"}],"wp:attachment":[{"href":"https:\/\/www.europesays.com\/es\/wp-json\/wp\/v2\/media?parent=666478"}],"wp:term":[{"taxonomy":"category","embeddable":true,"href":"https:\/\/www.europesays.com\/es\/wp-json\/wp\/v2\/categories?post=666478"},{"taxonomy":"post_tag","embeddable":true,"href":"https:\/\/www.europesays.com\/es\/wp-json\/wp\/v2\/tags?post=666478"}],"curies":[{"name":"wp","href":"https:\/\/api.w.org\/{rel}","templated":true}]}}