{"id":666486,"date":"2026-07-19T16:33:13","date_gmt":"2026-07-19T16:33:13","guid":{"rendered":"https:\/\/www.europesays.com\/es\/666486\/"},"modified":"2026-07-19T16:33:13","modified_gmt":"2026-07-19T16:33:13","slug":"nunez-muestra-su-disposicion-y-la-del-pp-a-colaborar-para-detener-el-incendio-de-guadalajara","status":"publish","type":"post","link":"https:\/\/www.europesays.com\/es\/666486\/","title":{"rendered":"N\u00fa\u00f1ez muestra su disposici\u00f3n y la del PP a colaborar para detener el incendio de Guadalajara"},"content":{"rendered":"<p><img decoding=\"async\" class=\"v-ath__i\" loading=\"lazy\" src=\"https:\/\/www.europesays.com\/es\/wp-content\/uploads\/2026\/07\/1784478793_332_autor-5496-foto-3.jpeg\" alt=\"Agencia EFE\"\/><\/p>\n<p>19\/07\/2026 a las 17:51h.<\/p>\n<p class=\"v-d-p\" style=\"\">Tamaj\u00f3n (Guadalajara), 19 jul (EFE).- El presidente del PP de Castilla-La Mancha, Paco N\u00fa\u00f1ez, ha mostrado este domingo su disposici\u00f3n y la del Partido Popular a colaborar \u00abpara conseguir parar\u00bb el incendio forestal que se declar\u00f3 el jueves en la Serran\u00eda Norte de Guadalajara,  &#8230; que ha calificado como \u00abterrible\u00bb. El incendio ha afectado hasta el momento a 13.000 hect\u00e1reas de terreno de alto valor ecol\u00f3gico, ha recordado N\u00fa\u00f1ez a los medios de comunicaci\u00f3n en el municipio de Tamaj\u00f3n, donde ha mantenido un encuentro con alcaldes y portavoces del PP de municipios afectados por el fuego y ha visitado la zona afectada, ha informado en una nota de prensa el Partido Popular. N\u00fa\u00f1ez ha aprovechado el encuentro para agradecer al alcalde de Tamaj\u00f3n, Eugenio Esteban, que haya ofrecido instalaciones municipales para la instalaci\u00f3n del puesto de mando avanzado (PMA) que dirige el operativo que trabaja en el incendio, as\u00ed como a los alcaldes de la zona que hayan puesto a disposici\u00f3n todos los servicios que tienen sus municipios para su extinci\u00f3n. IM\u00c1GENES: NACHO IZQUIERDO. INCLUYE: DECLARACIONES DEL L\u00cdDER DE PP EN CASTILLA-LA MANCHA, PACO N\u00da\u00d1EZ.<\/p>\n","protected":false},"excerpt":{"rendered":"19\/07\/2026 a las 17:51h. Tamaj\u00f3n (Guadalajara), 19 jul (EFE).- El presidente del PP de Castilla-La Mancha, Paco N\u00fa\u00f1ez,&hellip;\n","protected":false},"author":2,"featured_media":666487,"comment_status":"","ping_status":"","sticky":false,"template":"","format":"standard","meta":{"footnotes":""},"categories":[8],"tags":[17,18,16438,13486,43694,25,24,13,14,439,11,48,19,20,1156,9,10,15,16,2855,956,23,12,21,22],"class_list":["post-666486","post","type-post","status-publish","format-standard","has-post-thumbnail","category-espana","tag-breaking-news","tag-breakingnews","tag-colaborar","tag-detener","tag-disposicion","tag-es","tag-espana","tag-featured-news","tag-featurednews","tag-guadalajara","tag-headlines","tag-incendio","tag-latest-news","tag-latestnews","tag-muestra","tag-news","tag-noticias","tag-noticias-destacadas","tag-noticiasdestacadas","tag-nunez","tag-pp","tag-spain","tag-titulares","tag-ultimas-noticias","tag-ultimasnoticias"],"share_on_mastodon":{"url":"https:\/\/pubeurope.com\/@es\/116947610557985605","error":""},"_links":{"self":[{"href":"https:\/\/www.europesays.com\/es\/wp-json\/wp\/v2\/posts\/666486","targetHints":{"allow":["GET"]}}],"collection":[{"href":"https:\/\/www.europesays.com\/es\/wp-json\/wp\/v2\/posts"}],"about":[{"href":"https:\/\/www.europesays.com\/es\/wp-json\/wp\/v2\/types\/post"}],"author":[{"embeddable":true,"href":"https:\/\/www.europesays.com\/es\/wp-json\/wp\/v2\/users\/2"}],"replies":[{"embeddable":true,"href":"https:\/\/www.europesays.com\/es\/wp-json\/wp\/v2\/comments?post=666486"}],"version-history":[{"count":0,"href":"https:\/\/www.europesays.com\/es\/wp-json\/wp\/v2\/posts\/666486\/revisions"}],"wp:featuredmedia":[{"embeddable":true,"href":"https:\/\/www.europesays.com\/es\/wp-json\/wp\/v2\/media\/666487"}],"wp:attachment":[{"href":"https:\/\/www.europesays.com\/es\/wp-json\/wp\/v2\/media?parent=666486"}],"wp:term":[{"taxonomy":"category","embeddable":true,"href":"https:\/\/www.europesays.com\/es\/wp-json\/wp\/v2\/categories?post=666486"},{"taxonomy":"post_tag","embeddable":true,"href":"https:\/\/www.europesays.com\/es\/wp-json\/wp\/v2\/tags?post=666486"}],"curies":[{"name":"wp","href":"https:\/\/api.w.org\/{rel}","templated":true}]}}