{"id":666538,"date":"2026-07-19T17:14:18","date_gmt":"2026-07-19T17:14:18","guid":{"rendered":"https:\/\/www.europesays.com\/es\/666538\/"},"modified":"2026-07-19T17:14:18","modified_gmt":"2026-07-19T17:14:18","slug":"jonas-vingegaard-abandona-el-tour-de-francia-tras-sufrir-una-dura-caida","status":"publish","type":"post","link":"https:\/\/www.europesays.com\/es\/666538\/","title":{"rendered":"Jonas Vingegaard abandona el Tour de Francia tras sufrir una dura ca\u00edda"},"content":{"rendered":"<p class=\"ft-text\"><strong>Se acab\u00f3 el Tour de Francia para Jonas Vingegaard<\/strong>. El jefe de filas del Team Visma, principal oposici\u00f3n a las aspiraciones de Pogacar de conseguir el maillot amarillo, pone fin a su andadura en la ronda gala despu\u00e9s de sufrir una dura ca\u00edda en el tramo final de la 15\u00aa etapa.<\/p>\n<p class=\"ft-text\">A escasos 20 kil\u00f3metros de meta, en el inicio de la ascensi\u00f3n final al m\u00edtico Plateau de Solaison, <strong>Vingegaard se fue al suelo en un accidente en el que tambi\u00e9n se vieron involucrados su compa\u00f1ero de equipo Sepp Kuss y el mexicano Isaac del Toro<\/strong>.<\/p>\n<p class=\"ft-text\">Mientras los otros dos corredores accidentados pudieron volver r\u00e1pidamente a sus bicicletas e iniciar el ascenso, la mala suerte se ceb\u00f3 con Jonas Vingegaard. <strong>El dan\u00e9s se qued\u00f3 en el suelo con visible afectaci\u00f3n en la clav\u00edcula<\/strong>, y las asistencias m\u00e9dicas acudieron r\u00e1pidamente para ponerle el brazo en cabestrillo y subirle a la ambulancia. A falta de las pruebas m\u00e9dicas pertinentes, la \u00fanica certeza es que el l\u00edder del Team Visma no seguir\u00e1 adelante en la ronda gala.<\/p>\n<p><img decoding=\"async\" src=\"https:\/\/www.europesays.com\/es\/wp-content\/uploads\/2026\/07\/565577a6-eeba-43a1-9588-571599aa821b_alta-libre-aspect-ratio_default_0_x512y227.jpg\" width=\"1200\" height=\"800\" alt=\"Jonas Vingegaard abandona el Tour de Francia 2026\" class=\"ft-helper-img-rd\" loading=\"lazy\" fetchpriority=\"auto\"\/><\/p>\n<p class=\"ft-helper-fontColor-quaternary ft-helper-fontSize-body-S ft-helper-spacer-t-xxs\">Jonas Vingegaard abandona el Tour de Francia 2026  \/ EFE<\/p>\n<p>El podio m\u00e1s abierto de los \u00faltimos tiempos<\/p>\n<p class=\"ft-text\">Tr\u00e1gico final para Vingegaard en el Tour de Francia, <strong>cuyas aspiraciones a conseguir su tercera victoria terminan abruptamente antes de que la carrera se adentre en su tramo m\u00e1s decisivo<\/strong>. &#8216;Vingo&#8217; abandona la ronda gala como segundo clasificado a la general a +4:30 de un Pogacar que se est\u00e1 mostrando implacable.<\/p>\n<p><img decoding=\"async\" src=\"https:\/\/www.europesays.com\/es\/wp-content\/uploads\/2026\/07\/7a66e113-bc33-4173-9ee2-f06442160d3a_alta-libre-aspect-ratio_default_0_x1000y444.jpg\" width=\"1200\" height=\"800\" alt=\"El esloveno Tadej Pogacar se impone en la etapa de Le Markstein. EFE\/EPA\/GUILLAUME HORCAJUELO\" class=\"ft-helper-img-rd\" loading=\"lazy\" fetchpriority=\"auto\"\/><\/p>\n<p class=\"ft-helper-fontColor-quaternary ft-helper-fontSize-body-S ft-helper-spacer-t-xxs\">El esloveno Tadej Pogacar se impone en la etapa de Le Markstein. EFE\/EPA\/GUILLAUME HORCAJUELO  \/ GUILLAUME HORCAJUELO \/ EFE<\/p>\n<p class=\"ft-text\">Sin el dos veces campe\u00f3n del Tour en liza, <a class=\"ft-link ft-link--decoration\" href=\"https:\/\/www.sport.es\/es\/noticias\/ciclismo\/clasificacion-general-tour-francia-etapa-15-pogacar-vingegaard-132603787\" rel=\"nofollow noopener\" target=\"_blank\">la pelea por subirse al podio de Par\u00eds se abre m\u00e1s que nunca<\/a>. Si bien es cierto que, salvo sorpresa may\u00fascula, la primera posici\u00f3n parece asegurada para Tadej Pogacar, son muchos los candidatos que aspiran a colgarse las medallas de plata y de bronce.<\/p>\n<p class=\"ft-text\">Con la segunda semana de competici\u00f3n ya finalizada, Remco Evenepoel e Isaac del Toro son los encargados de completar el podio provisional. <strong>Se espera que <\/strong><a class=\"ft-link ft-link--decoration\" href=\"https:\/\/www.sport.es\/es\/noticias\/ciclismo\/etapa-16-tour-francia-2026-perfil-recorrido-horario-contrarreloj-132603314\" rel=\"nofollow noopener\" target=\"_blank\"><strong>el &#8216;Pitbull&#8217; pueda mejorar su situaci\u00f3n sensiblemente tras la &#8216;crono&#8217; del martes <\/strong><\/a><strong>y asegurarse uno de los cajones en una etapa que podr\u00eda perjudicar a &#8216;Torito&#8217; respecto a Seixas y Ayuso<\/strong>, que adem\u00e1s del podio buscan asegurarse el maillot blanco. Tampoco hay que descuidar las opciones de Lipowitz, tercer clasificado en la anterior edici\u00f3n y quinto en la presente.<\/p>\n","protected":false},"excerpt":{"rendered":"Se acab\u00f3 el Tour de Francia para Jonas Vingegaard. El jefe de filas del Team Visma, principal oposici\u00f3n&hellip;\n","protected":false},"author":2,"featured_media":666539,"comment_status":"","ping_status":"","sticky":false,"template":"","format":"standard","meta":{"footnotes":""},"categories":[93],"tags":[2302,168,25,24,317,324,23,167,316,325],"class_list":["post-666538","post","type-post","status-publish","format-standard","has-post-thumbnail","category-deportes","tag-abandona","tag-deportes","tag-es","tag-espana","tag-francia","tag-jonas","tag-spain","tag-sports","tag-tour","tag-vingegaard"],"share_on_mastodon":{"url":"","error":""},"_links":{"self":[{"href":"https:\/\/www.europesays.com\/es\/wp-json\/wp\/v2\/posts\/666538","targetHints":{"allow":["GET"]}}],"collection":[{"href":"https:\/\/www.europesays.com\/es\/wp-json\/wp\/v2\/posts"}],"about":[{"href":"https:\/\/www.europesays.com\/es\/wp-json\/wp\/v2\/types\/post"}],"author":[{"embeddable":true,"href":"https:\/\/www.europesays.com\/es\/wp-json\/wp\/v2\/users\/2"}],"replies":[{"embeddable":true,"href":"https:\/\/www.europesays.com\/es\/wp-json\/wp\/v2\/comments?post=666538"}],"version-history":[{"count":0,"href":"https:\/\/www.europesays.com\/es\/wp-json\/wp\/v2\/posts\/666538\/revisions"}],"wp:featuredmedia":[{"embeddable":true,"href":"https:\/\/www.europesays.com\/es\/wp-json\/wp\/v2\/media\/666539"}],"wp:attachment":[{"href":"https:\/\/www.europesays.com\/es\/wp-json\/wp\/v2\/media?parent=666538"}],"wp:term":[{"taxonomy":"category","embeddable":true,"href":"https:\/\/www.europesays.com\/es\/wp-json\/wp\/v2\/categories?post=666538"},{"taxonomy":"post_tag","embeddable":true,"href":"https:\/\/www.europesays.com\/es\/wp-json\/wp\/v2\/tags?post=666538"}],"curies":[{"name":"wp","href":"https:\/\/api.w.org\/{rel}","templated":true}]}}