{"id":66659,"date":"2025-08-23T10:18:08","date_gmt":"2025-08-23T10:18:08","guid":{"rendered":"https:\/\/www.europesays.com\/es\/66659\/"},"modified":"2025-08-23T10:18:08","modified_gmt":"2025-08-23T10:18:08","slug":"suso-alvarez-revela-los-primeros-detalles-de-su-boda-con-marieta","status":"publish","type":"post","link":"https:\/\/www.europesays.com\/es\/66659\/","title":{"rendered":"Suso \u00c1lvarez revela los primeros detalles de su boda con Marieta"},"content":{"rendered":"<p data-journey-content=\"true\" data-node-id=\"2\" class=\"css-i9p093 emevuu60\"><strong data-node-id=\"2.0\">Suso \u00c1lvarez est\u00e1 viviendo un momento muy dulce junto a <\/strong><a href=\"https:\/\/www.diezminutos.es\/famosos-corazon\/famosos-espanoles\/a65551421\/marieta-suso-anuncian-boda-anillo-video-instagram\/\" target=\"_blank\" data-vars-ga-outbound-link=\"https:\/\/www.diezminutos.es\/famosos-corazon\/famosos-espanoles\/a65551421\/marieta-suso-anuncian-boda-anillo-video-instagram\/\" data-vars-ga-ux-element=\"Hyperlink\" data-vars-ga-call-to-action=\"Marieta y, tras anunciar su compromiso,\" data-node-id=\"2.1\" class=\"body-link css-177bzfx emevuu60\" rel=\"nofollow noopener\"><strong data-node-id=\"2.1.0\">Marieta<\/strong> y, tras anunciar su compromiso,<\/a> la pareja ya se encuentra inmersa <a href=\"https:\/\/www.diezminutos.es\/famosos-corazon\/famosos-espanoles\/a65643342\/marieta-anillo-de-compromiso-suso-alvarez-lo-quiero-y-lo-tengo\/\" target=\"_blank\" data-vars-ga-outbound-link=\"https:\/\/www.diezminutos.es\/famosos-corazon\/famosos-espanoles\/a65643342\/marieta-anillo-de-compromiso-suso-alvarez-lo-quiero-y-lo-tengo\/\" data-vars-ga-ux-element=\"Hyperlink\" data-vars-ga-call-to-action=\"en los preparativos de su boda\" data-node-id=\"2.3\" class=\"body-link css-177bzfx emevuu60\" rel=\"nofollow noopener\">en los preparativos de su boda<\/a>. Aunque todav\u00eda no tienen <strong data-node-id=\"2.5\">ni fecha exacta ni lugar confirmado<\/strong>, el colaborador televisivo ha confesado que ser\u00e1 a partir de septiembre cuando empiecen a cerrar todos los detalles: \u201cEn septiembre u octubre ya tendremos recinto, fecha y todo, y lo dir\u00e9 en televisi\u00f3n\u201d, aseguraba emocionado.<\/p>\n<p data-journey-content=\"true\" data-node-id=\"3\" class=\"css-i9p093 emevuu60\">El anuncio del enlace <a href=\"https:\/\/www.diezminutos.es\/famosos-corazon\/famosos-espanoles\/a65655581\/marieta-boda-suso-alvarez-nuevo-sueno-casa-instagram\/\" target=\"_blank\" data-vars-ga-outbound-link=\"https:\/\/www.diezminutos.es\/famosos-corazon\/famosos-espanoles\/a65655581\/marieta-boda-suso-alvarez-nuevo-sueno-casa-instagram\/\" data-vars-ga-ux-element=\"Hyperlink\" data-vars-ga-call-to-action=\"ha sido recibido con una oleada de cari\u00f1o\" data-node-id=\"3.1\" class=\"body-link css-177bzfx emevuu60\" rel=\"nofollow noopener\">ha sido recibido con una oleada de cari\u00f1o<\/a>, algo que ha sorprendido incluso al propio Suso. <strong data-node-id=\"3.3\">\u201cMe han felicitado el 100% de las personas, no me lo esperaba.<\/strong> Hasta familiares lejanos con los que no ten\u00eda contacto me han llamado. Ha sido incre\u00edble, no ha habido una sola persona que no me haya felicitado\u201d, confesaba entre risas, reconociendo que este gesto le ha emocionado profundamente.<\/p>\n<p><img draggable=\"true\" alt=\"marieta suso alvarez\" title=\"marieta suso alvarez\" loading=\"lazy\" width=\"1920\" height=\"1080\" decoding=\"async\" data-nimg=\"1\" style=\"color:transparent;width:100%;height:auto;\"   src=\"https:\/\/www.europesays.com\/es\/wp-content\/uploads\/2025\/08\/suso-marieta-677716c430354.jpg\" class=\"css-0 e1g79fud0\"\/><\/p>\n<p>Telecinco<\/p>\n<p data-journey-content=\"true\" data-node-id=\"5\" class=\"css-i9p093 emevuu60\">En cuanto a c\u00f3mo ser\u00e1 la celebraci\u00f3n, Suso tiene claro que su idea ser\u00eda organizar una boda \u00edntima: <strong data-node-id=\"5.1\">\u201cMe encantar\u00eda que fu\u00e9semos 20 y no se enterase nadie\u201d. <\/strong>Sin embargo, sabe que Marieta sue\u00f1a con algo muy distinto: \u201cA ella le encantan las fiestas grandes, as\u00ed que me voy a tener que amoldar\u201d, reconoc\u00eda divertido.<\/p>\n<p>Los detalles del vestido de novia de Marieta<\/p>\n<p data-journey-content=\"true\" data-node-id=\"8\" class=\"css-i9p093 emevuu60\">El vestido de la novia es, por supuesto, el secreto mejor guardado, mientras que la lista de invitados todav\u00eda est\u00e1 en el aire. Eso s\u00ed, <strong data-node-id=\"8.1\">Suso ya ha adelantado que solo contar\u00e1 con aquellos compa\u00f1eros de profesi\u00f3n<\/strong> con los que mantiene un v\u00ednculo especial: \u201cInvitar\u00e9 a los que tengo cari\u00f1o, a otros no\u201d.<\/p>\n<p data-journey-content=\"true\" data-node-id=\"9\" class=\"css-i9p093 emevuu60\">As\u00ed, <strong data-node-id=\"9.1\">Suso ha dejado claro que no solo est\u00e1 viviendo una bonita historia de amor con Marieta<\/strong> sino que tambi\u00e9n est\u00e1 enfocado en preparar todos los detalles para vivir un d\u00eda inolvidable, que promete ser tan medi\u00e1tico como emotivo.<\/p>\n<p><img src=\"https:\/\/www.europesays.com\/es\/wp-content\/uploads\/2025\/08\/1755944288_894_323095e3-d675-4360-ad79-c3a735f161a1_1681830139.file\" alt=\"Headshot of Aroa D\u00edaz\" title=\"Headshot of Aroa D\u00edaz\" width=\"100%\" height=\"100%\" decoding=\"async\" loading=\"lazy\" class=\"css-o0wq4v ev8dhu53\"\/><\/p>\n<p>Aroa D\u00edaz es experta en realities, televisi\u00f3n y actualidad en general. No hay momento del d\u00eda en el que no tenga encendida la televisi\u00f3n conociendo los \u00faltimos desvelos de los famosos, disfrutando de los realities como Supervivientes o de los concursos m\u00e1s rocambolescos. Las \u00faltimas novedades de los famosos del coraz\u00f3n son su perdici\u00f3n y la actualidad de las Casas Reales, su gran pasi\u00f3n. \u00a0\u00a0<\/p>\n<p>En sus ratos libres disfruta de las pel\u00edculas y series de moda, y bucea por los cat\u00e1logos de las plataformas de podcast buscando nuevas entrevistas y charlas de famosos.<\/p>\n<p>Adem\u00e1s, no ha parado de formarse en todos los aspectos convirti\u00e9ndose en una periodista 360: locuci\u00f3n, doblaje, grabaci\u00f3n de v\u00eddeo, periodismo m\u00f3vil, producci\u00f3n de podcast y SEO. Actualmente est\u00e1 form\u00e1ndose en el M\u00e1ster universitario de Periodismo y Comunicaci\u00f3n Digital: Datos y Nuevas Narrativas de la UOC.<\/p>\n<p>Graduada en periodismo por la Universidad Rey Juan Carlos, no ha parado de trabajar desde que obtuvo su t\u00edtulo all\u00e1 por el 2013. Despu\u00e9s de un breve impass en Palma de Mallorca, volvi\u00f3 a Legan\u00e9s donde arranc\u00f3 su experiencia con Legan\u00e9s Activo. En este tiempo he pasado por las redacciones de varios medios recayendo finalmente en Hearst Espa\u00f1a (Telenovela, Qu\u00e9 me dices y Diez Minutos). Tambi\u00e9n tiene experiencia en diferentes radios. \u00a0<\/p>\n","protected":false},"excerpt":{"rendered":"Suso \u00c1lvarez est\u00e1 viviendo un momento muy dulce junto a Marieta y, tras anunciar su compromiso, la pareja&hellip;\n","protected":false},"author":2,"featured_media":66660,"comment_status":"","ping_status":"","sticky":false,"template":"","format":"standard","meta":{"footnotes":""},"categories":[174],"tags":[255,253,146,147,25,24,256,23],"class_list":{"0":"post-66659","1":"post","2":"type-post","3":"status-publish","4":"format-standard","5":"has-post-thumbnail","7":"category-famosos","8":"tag-celebrities","9":"tag-discover","10":"tag-entertainment","11":"tag-entretenimiento","12":"tag-es","13":"tag-espana","14":"tag-famosos","15":"tag-spain"},"share_on_mastodon":{"url":"","error":""},"_links":{"self":[{"href":"https:\/\/www.europesays.com\/es\/wp-json\/wp\/v2\/posts\/66659","targetHints":{"allow":["GET"]}}],"collection":[{"href":"https:\/\/www.europesays.com\/es\/wp-json\/wp\/v2\/posts"}],"about":[{"href":"https:\/\/www.europesays.com\/es\/wp-json\/wp\/v2\/types\/post"}],"author":[{"embeddable":true,"href":"https:\/\/www.europesays.com\/es\/wp-json\/wp\/v2\/users\/2"}],"replies":[{"embeddable":true,"href":"https:\/\/www.europesays.com\/es\/wp-json\/wp\/v2\/comments?post=66659"}],"version-history":[{"count":0,"href":"https:\/\/www.europesays.com\/es\/wp-json\/wp\/v2\/posts\/66659\/revisions"}],"wp:featuredmedia":[{"embeddable":true,"href":"https:\/\/www.europesays.com\/es\/wp-json\/wp\/v2\/media\/66660"}],"wp:attachment":[{"href":"https:\/\/www.europesays.com\/es\/wp-json\/wp\/v2\/media?parent=66659"}],"wp:term":[{"taxonomy":"category","embeddable":true,"href":"https:\/\/www.europesays.com\/es\/wp-json\/wp\/v2\/categories?post=66659"},{"taxonomy":"post_tag","embeddable":true,"href":"https:\/\/www.europesays.com\/es\/wp-json\/wp\/v2\/tags?post=66659"}],"curies":[{"name":"wp","href":"https:\/\/api.w.org\/{rel}","templated":true}]}}