{"id":666599,"date":"2026-07-19T18:03:16","date_gmt":"2026-07-19T18:03:16","guid":{"rendered":"https:\/\/www.europesays.com\/es\/666599\/"},"modified":"2026-07-19T18:03:16","modified_gmt":"2026-07-19T18:03:16","slug":"video-el-doble-adelantamiento-de-colapinto-a-gasly-y-lawson-en-belgica","status":"publish","type":"post","link":"https:\/\/www.europesays.com\/es\/666599\/","title":{"rendered":"VIDEO: el doble adelantamiento de Colapinto a Gasly y Lawson en B\u00e9lgica"},"content":{"rendered":"<p><a href=\"https:\/\/lat.motorsport.com\/driver\/franco-colapinto\/875930\/\" target=\"_blank\" rel=\"noopener nofollow\">Franco Colapinto<\/a> se luci\u00f3 este domingo durante la carrera de F\u00f3rmula 1 en el circuito de Spa-Francorchamps, escenario de la d\u00e9cima ronda de la temporada 2026.<\/p>\n<p>El piloto de 23 a\u00f1os se encontraba en la 12\u00aa posici\u00f3n, justo detr\u00e1s de su compa\u00f1ero <a href=\"https:\/\/lat.motorsport.com\/driver\/pierre-gasly\/469687\/\" target=\"_blank\" rel=\"noopener nofollow\">Pierre Gasly<\/a> y del Racing Bulls de <a href=\"https:\/\/lat.motorsport.com\/driver\/liam-lawson\/826047\/\" target=\"_blank\" rel=\"noopener nofollow\">Liam Lawson<\/a>, mientras los tres luchaban por el \u00faltimo punto disponible de la carrera.<\/p>\n<p>Gasly adelant\u00f3 a Lawson, pero el neozeland\u00e9s volvi\u00f3 a ponerse a la par del franc\u00e9s en la recta de Kemmel. En ese momento, ambos fueron sorprendidos por Colapinto, que aprovech\u00f3 la l\u00ednea interna para superar a los dos en una misma maniobra.<\/p>\n<p>De esta manera, el argentino gan\u00f3 dos posiciones de una sola vez y se coloc\u00f3 en la zona de puntos, resistiendo en la d\u00e9cima posici\u00f3n hasta el final de la carrera. Colapinto cruz\u00f3 la meta con Gasly a menos de un segundo de distancia.<\/p>\n<p>\u00a0<\/p>\n<p>El argentino ya hab\u00eda comenzado muy bien la competencia al adelantar a Gasly y al <a href=\"https:\/\/lat.motorsport.com\/team\/audi\/49034\/\" target=\"_blank\" rel=\"noopener nofollow\">Audi<\/a> de Gabriel Bortoleto para pasar del 11\u00ba al 9\u00ba lugar en los metros iniciales del Gran Premio de B\u00e9lgica. Posteriormente, ascendi\u00f3 al octavo puesto de manera parcial tras el abandono de <a href=\"https:\/\/lat.motorsport.com\/driver\/george-russell\/468543\/\" target=\"_blank\" rel=\"noopener nofollow\">George Russell<\/a> en la primera vuelta, luego de un contacto con <a href=\"https:\/\/lat.motorsport.com\/driver\/lewis-hamilton\/464818\/\" target=\"_blank\" rel=\"noopener nofollow\">Lewis Hamilton<\/a>.<\/p>\n<p>\u00a0<br \/>\nTambi\u00e9n lee:<\/p>\n<p><a href=\"https:\/\/www.google.com\/preferences\/source?q=https%3A%2F%2Flat.motorsport.com\" target=\"_blank\" rel=\"noopener nofollow\">    <img decoding=\"async\" draggable=\"false\" src=\"https:\/\/www.europesays.com\/es\/wp-content\/uploads\/2026\/07\/1784401156_401_somos-tu-fuente-favorita-de-no.jpg\" alt=\"\" width=\"1200\" height=\"800\" loading=\"lazy\"\/>  <\/a>            <\/p>\n<p>            Queremos tu opini\u00f3n<\/p>\n<p class=\"mt-auto\">\u00bfQu\u00e9 le gustar\u00eda ver en Motorsport.com?<\/p>\n<p>            <a href=\"#\" class=\"ms-link text-link font-bold\">Responda a nuestra encuesta de 5 minutos.<\/a><\/p>\n<p class=\"mt-1 text-body\">&#8211; El equipo de Motorsport.com<\/p>\n","protected":false},"excerpt":{"rendered":"Franco Colapinto se luci\u00f3 este domingo durante la carrera de F\u00f3rmula 1 en el circuito de Spa-Francorchamps, escenario&hellip;\n","protected":false},"author":2,"featured_media":666600,"comment_status":"","ping_status":"","sticky":false,"template":"","format":"standard","meta":{"footnotes":""},"categories":[93],"tags":[1331,168,25,24,1723,1230,1231,1232,23,167,121458],"class_list":["post-666599","post","type-post","status-publish","format-standard","has-post-thumbnail","category-deportes","tag-alpine","tag-deportes","tag-es","tag-espana","tag-franco-colapinto","tag-fu00f3rmula-1","tag-gp-de-bu00e9lgica","tag-spa-francorchamps","tag-spain","tag-sports","tag-video-el-doble-adelantamiento-de-colapinto-a-gasly-y-lawson-en-bu00e9lgica"],"share_on_mastodon":{"url":"https:\/\/pubeurope.com\/@es\/116947963421711887","error":""},"_links":{"self":[{"href":"https:\/\/www.europesays.com\/es\/wp-json\/wp\/v2\/posts\/666599","targetHints":{"allow":["GET"]}}],"collection":[{"href":"https:\/\/www.europesays.com\/es\/wp-json\/wp\/v2\/posts"}],"about":[{"href":"https:\/\/www.europesays.com\/es\/wp-json\/wp\/v2\/types\/post"}],"author":[{"embeddable":true,"href":"https:\/\/www.europesays.com\/es\/wp-json\/wp\/v2\/users\/2"}],"replies":[{"embeddable":true,"href":"https:\/\/www.europesays.com\/es\/wp-json\/wp\/v2\/comments?post=666599"}],"version-history":[{"count":0,"href":"https:\/\/www.europesays.com\/es\/wp-json\/wp\/v2\/posts\/666599\/revisions"}],"wp:featuredmedia":[{"embeddable":true,"href":"https:\/\/www.europesays.com\/es\/wp-json\/wp\/v2\/media\/666600"}],"wp:attachment":[{"href":"https:\/\/www.europesays.com\/es\/wp-json\/wp\/v2\/media?parent=666599"}],"wp:term":[{"taxonomy":"category","embeddable":true,"href":"https:\/\/www.europesays.com\/es\/wp-json\/wp\/v2\/categories?post=666599"},{"taxonomy":"post_tag","embeddable":true,"href":"https:\/\/www.europesays.com\/es\/wp-json\/wp\/v2\/tags?post=666599"}],"curies":[{"name":"wp","href":"https:\/\/api.w.org\/{rel}","templated":true}]}}