{"id":66665,"date":"2025-08-23T10:21:08","date_gmt":"2025-08-23T10:21:08","guid":{"rendered":"https:\/\/www.europesays.com\/es\/66665\/"},"modified":"2025-08-23T10:21:08","modified_gmt":"2025-08-23T10:21:08","slug":"veronica-recuerda-muy-emocionada-su-noviazgo-con-alex-casademunt-en-ot","status":"publish","type":"post","link":"https:\/\/www.europesays.com\/es\/66665\/","title":{"rendered":"Ver\u00f3nica recuerda muy emocionada su noviazgo con \u00c1lex Casademunt en &#8216;OT&#8217;"},"content":{"rendered":"<p class=\"v-mdl-ath__p v-mdl-ath__p--6\">\nS\u00e1bado, 23 de agosto 2025, 10:35<\/p>\n<p class=\"v-p\">Han pasado casi 25 a\u00f1os desde que Ver\u00f3nica Romero y \u00c1lex Casademunt engancharon a medio pa\u00eds a la televisi\u00f3n con su historia de amor. Los dos se conocieron en la primera edici\u00f3n de &#8216;Operaci\u00f3n Triunfo&#8217;, en el a\u00f1o 2001, y entre las paredes de la academia surgi\u00f3 su amor. Ella ten\u00eda pareja pero el programa le facilit\u00f3 las cosas para que su novio pudiese ir a verla y as\u00ed dejar formalmente la relaci\u00f3n. A partir de ah\u00ed, el amor entre Romero y Casademunt fue a m\u00e1s hasta que se acab\u00f3 meses despu\u00e9s, ya fuera del &#8216;talent show&#8217; musical. \u00abEra un amor incondicional\u00bb, reconoci\u00f3 ayer la cantante en &#8216;YAS Verano&#8217;. <\/p>\n<p class=\"v-p\">A Romero se la vio muy emocionada al hablar de su amigo fallecido hace cuatro a\u00f1os en un accidente de tr\u00e1fico. \u00ab\u00c1lex era chispeante, alegre y un prodigio; si ten\u00eda que aprenderse un guion, se lo le\u00eda una vez y ya est\u00e1. Tambi\u00e9n aprendi\u00f3 a tocar el piano \u00e9l solo. Ten\u00eda mucho talento, lo demostr\u00f3 y \u00e9l sigui\u00f3 adelante\u00bb, record\u00f3.<\/p>\n<p class=\"v-p\">Ver\u00f3nica explic\u00f3 c\u00f3mo surgi\u00f3 todo con \u00c1lex. \u00abYo le hab\u00eda dado solo un beso porque me contuve&#8230; Ha sido y ser\u00e1 esa persona que me conquist\u00f3 el coraz\u00f3n\u00bb, confes\u00f3 antes de contar con detalles c\u00f3mo lidi\u00f3 sabiendo que ten\u00eda a su pareja en casa: \u00abCon esa persona se hab\u00eda terminado en navidades. Pr\u00e1cticamente cuando llegu\u00e9 a casa se hab\u00eda terminado ya la relaci\u00f3n, pero no pude dec\u00edrselo porque no sab\u00eda c\u00f3mo decirle a una persona &#8216;te dejo&#8217; cuando estoy en un programa de televisi\u00f3n. Esa persona hizo cosas que a m\u00ed y a mi familia nos dolieron. Lo mejor era dejarlo y menos mal que me lo trajeron\u00bb.<\/p>\n<p class=\"v-p\">La artista tambi\u00e9n explic\u00f3 que la relaci\u00f3n con Casademunt se termin\u00f3 cuando comenzaron ambos sus primeras giras musicales tras salir de &#8216;OT&#8217;. \u00abSe dej\u00f3 la relaci\u00f3n sentimental, pero nunca la relaci\u00f3n de amor incondicional. Doy gracias por haber tenido m\u00e1s que una amistad con \u00e9l\u00bb, asegur\u00f3 muy emocionada. \u00abFue el aprendizaje de lo que es el amor incondicional\u00bb.<\/p>\n<p>Comenta<\/p>\n<p>Reporta un error<\/p>\n","protected":false},"excerpt":{"rendered":"S\u00e1bado, 23 de agosto 2025, 10:35 Han pasado casi 25 a\u00f1os desde que Ver\u00f3nica Romero y \u00c1lex Casademunt&hellip;\n","protected":false},"author":2,"featured_media":66666,"comment_status":"","ping_status":"","sticky":false,"template":"","format":"standard","meta":{"footnotes":""},"categories":[171],"tags":[2865,27038,23386,146,147,25,24,27037,7197,23,214,27036],"class_list":{"0":"post-66665","1":"post","2":"type-post","3":"status-publish","4":"format-standard","5":"has-post-thumbnail","7":"category-tv","8":"tag-alex","9":"tag-casademunt","10":"tag-emocionada","11":"tag-entertainment","12":"tag-entretenimiento","13":"tag-es","14":"tag-espana","15":"tag-noviazgo","16":"tag-recuerda","17":"tag-spain","18":"tag-tv","19":"tag-veronica"},"share_on_mastodon":{"url":"","error":""},"_links":{"self":[{"href":"https:\/\/www.europesays.com\/es\/wp-json\/wp\/v2\/posts\/66665","targetHints":{"allow":["GET"]}}],"collection":[{"href":"https:\/\/www.europesays.com\/es\/wp-json\/wp\/v2\/posts"}],"about":[{"href":"https:\/\/www.europesays.com\/es\/wp-json\/wp\/v2\/types\/post"}],"author":[{"embeddable":true,"href":"https:\/\/www.europesays.com\/es\/wp-json\/wp\/v2\/users\/2"}],"replies":[{"embeddable":true,"href":"https:\/\/www.europesays.com\/es\/wp-json\/wp\/v2\/comments?post=66665"}],"version-history":[{"count":0,"href":"https:\/\/www.europesays.com\/es\/wp-json\/wp\/v2\/posts\/66665\/revisions"}],"wp:featuredmedia":[{"embeddable":true,"href":"https:\/\/www.europesays.com\/es\/wp-json\/wp\/v2\/media\/66666"}],"wp:attachment":[{"href":"https:\/\/www.europesays.com\/es\/wp-json\/wp\/v2\/media?parent=66665"}],"wp:term":[{"taxonomy":"category","embeddable":true,"href":"https:\/\/www.europesays.com\/es\/wp-json\/wp\/v2\/categories?post=66665"},{"taxonomy":"post_tag","embeddable":true,"href":"https:\/\/www.europesays.com\/es\/wp-json\/wp\/v2\/tags?post=66665"}],"curies":[{"name":"wp","href":"https:\/\/api.w.org\/{rel}","templated":true}]}}