{"id":66667,"date":"2025-08-23T10:23:14","date_gmt":"2025-08-23T10:23:14","guid":{"rendered":"https:\/\/www.europesays.com\/es\/66667\/"},"modified":"2025-08-23T10:23:14","modified_gmt":"2025-08-23T10:23:14","slug":"40-anos-de-regreso-al-futuro-la-pelicula-que-popularizo-la-cientifica-paradoja-temporal-las-provincias","status":"publish","type":"post","link":"https:\/\/www.europesays.com\/es\/66667\/","title":{"rendered":"40 a\u00f1os de Regreso al Futuro, la pel\u00edcula que populariz\u00f3 la cient\u00edfica paradoja temporal &#8211; Las Provincias"},"content":{"rendered":"<ol>\n<li><a href=\"https:\/\/news.google.com\/rss\/articles\/CBMiqwFBVV95cUxQTzc2YUw0N0p6X2NMVWl3Vl9FczdOY3NYQ1dvVVlMQmIwaDJnNXZSSEFoQWNvMVdGMG1WMlNZbHdRbTQ0WlZSU19KOFBaRzRLYVNnVWRqSjdMTEZQMlJVUm1qc096em9SaGZSTE5BMThZLWR4Um9DblNHdkZJdEx6bnBhTE83TUhoaUVoMHlBWU0wa1U2R0NFWS1TNG9EOTBuNDR4WDZEYmh1b2vSAbABQVVfeXFMTVJpRXB2WDViUEYyWno0bGc3VmJHc2pnLVBGVmVTUC1KT2lhZ19sUVhybks0Q19lMC1lOThIMU5va2YtRGJndm1GRGZGSFQzdkpxUHFNUWxaMkJyajg4a0xBN1pheGhMdnFfSDJwRF81RmFQMC02YzlhblBtc0JQZDF2T0JzX1gyQ0t5WVFLZWtYZU15MU9jWUdHVjJqcGthZ0JtRDRUd1ZnYWxmS2tIb3M?oc=5\" target=\"_blank\" rel=\"nofollow noopener\">40 a\u00f1os de Regreso al Futuro, la pel\u00edcula que populariz\u00f3 la cient\u00edfica paradoja temporal<\/a>&nbsp;&nbsp;Las Provincias<\/li>\n<li><a href=\"https:\/\/news.google.com\/rss\/articles\/CBMiuAFBVV95cUxOcFhrNDViQ00ycUJIeHNDZ1l4ZXU1ZHJiczZnbUFqQXdpY1F6OUhseHkzcnAzd0RDY29uRG01RXlKc2FmV0dyUVJBS3BLSWJmSXd0eHNQQ1U5UFhqM1Z3WkpIV1h5N1VBQXZNWjc4QjRjYUMwSXd2WTFUZ0xfNENaaDVZYUFuN3k3Z2EyM0NUN1ZCNG41akJobk5RdjVfS2Rxc3ZwcTRFdG8wVmhMeUg1WlNjLS04TmNG?oc=5\" target=\"_blank\" rel=\"nofollow noopener\">As\u00ed trabajan las patrullas nocturnas de la Polic\u00eda Local de Murcia<\/a>&nbsp;&nbsp;La Verdad<\/li>\n<li><a href=\"https:\/\/news.google.com\/rss\/articles\/CBMihgFBVV95cUxOcWFvWUhaZFY2YUVvdkVvamZ1bDdzS0w0bnBvVDF0VXhIY1l1Rll2SU1WODYtSWNmX0xadnJjNnk3QjB0ZFlBZDZHdTdycnZlajd0M0lXT1NIajR2V3I1VUQzSEZRWW9yS2VFYUxFWTFqUHVKZ1N1VlRoNHdQMjAzZ0xJNEFWUQ?oc=5\" target=\"_blank\" rel=\"nofollow noopener\">Azulgranas en Europa y Asia<\/a>&nbsp;&nbsp;El Correo<\/li>\n<li><a href=\"https:\/\/news.google.com\/rss\/articles\/CBMingFBVV95cUxNNTh6S0gyN3p4cU1NOURjcFZSOElRSE9QOHplZUhuZGVuaEJURHdGYW4tQ2ZHN05uTnpaMW52ZFR2bl9jcE9vcUNiUjJveURRSFFlcHNwV2xCZXZ0NEdRdXl0OWpzT3pZOUhGR09XNFR5SGhQdjNGSmxLRVFmSldZcHRHblVRVHk5RUNYaGpSMDRURWFWV20xbDJPay1kUQ?oc=5\" target=\"_blank\" rel=\"nofollow noopener\">Controlado el incendio en la zona pr\u00f3xima a San Miguel Alto en Granada<\/a>&nbsp;&nbsp;Ahora Granada<\/li>\n<li><a href=\"https:\/\/news.google.com\/rss\/articles\/CBMitwFBVV95cUxQeUJRMUJmV1NNWGxvUlJwbTNTRWVpcjl6b1lyc3ItUnlValJFcXJjcC1Zb18tRFpKVm9KZnQ4TEtkTm1FLUMwN3BndUNUMWxscXdnZE9pNDZqVmtnMUs0NVcxd2R1U2xzVGFMSC1UazVELXNUQmczejhXQnZKWEc5TE1rejJpblI4aDhwNWNkaDUzZW8xYm5Lek1rWFN0Y0RtOWJmQ3JLYnhfS21wX1RLWjRhLW1iRjTSAbwBQVVfeXFMTlNZWGpkSUc4cm5oOElNdHhUMnZRcGNnS0NiM3pycUFMdDUyUjU1ZHBjdXljUjRuZllMeUw5czZuSHJ4cFY2bmFGRURsT3l1Ni1aTnBKV3BmaGRqakxpUUh6YkIwcFUzaE5FUGNZNXZoTHpIeUlRQWVLeF9WZ2JDZ2RqXzFuZjEydXc2RWZoeWZSS0VxZkJRRGxmRTk4bjVGbHllcUxEZkVnbTB2a1ROTkl4VlRyZXJmMFFDaEU?oc=5\" target=\"_blank\" rel=\"nofollow noopener\">Un incendio en San Miguel Alto alerta a toda Granada<\/a>&nbsp;&nbsp;Granada Hoy<\/li>\n<\/ol>\n","protected":false},"excerpt":{"rendered":"40 a\u00f1os de Regreso al Futuro, la pel\u00edcula que populariz\u00f3 la cient\u00edfica paradoja temporal&nbsp;&nbsp;Las Provincias As\u00ed trabajan las&hellip;\n","protected":false},"author":2,"featured_media":66668,"comment_status":"","ping_status":"","sticky":false,"template":"","format":"standard","meta":{"footnotes":""},"categories":[169],"tags":[988,177,146,147,25,24,176,2848,175,27040,1257,27039,2596,23,19255],"class_list":{"0":"post-66667","1":"post","2":"type-post","3":"status-publish","4":"format-standard","5":"has-post-thumbnail","7":"category-cine","8":"tag-anos","9":"tag-cine","10":"tag-entertainment","11":"tag-entretenimiento","12":"tag-es","13":"tag-espana","14":"tag-film","15":"tag-futuro","16":"tag-movies","17":"tag-paradoja","18":"tag-pelicula","19":"tag-popularizo","20":"tag-regreso","21":"tag-spain","22":"tag-temporal"},"share_on_mastodon":{"url":"","error":""},"_links":{"self":[{"href":"https:\/\/www.europesays.com\/es\/wp-json\/wp\/v2\/posts\/66667","targetHints":{"allow":["GET"]}}],"collection":[{"href":"https:\/\/www.europesays.com\/es\/wp-json\/wp\/v2\/posts"}],"about":[{"href":"https:\/\/www.europesays.com\/es\/wp-json\/wp\/v2\/types\/post"}],"author":[{"embeddable":true,"href":"https:\/\/www.europesays.com\/es\/wp-json\/wp\/v2\/users\/2"}],"replies":[{"embeddable":true,"href":"https:\/\/www.europesays.com\/es\/wp-json\/wp\/v2\/comments?post=66667"}],"version-history":[{"count":0,"href":"https:\/\/www.europesays.com\/es\/wp-json\/wp\/v2\/posts\/66667\/revisions"}],"wp:featuredmedia":[{"embeddable":true,"href":"https:\/\/www.europesays.com\/es\/wp-json\/wp\/v2\/media\/66668"}],"wp:attachment":[{"href":"https:\/\/www.europesays.com\/es\/wp-json\/wp\/v2\/media?parent=66667"}],"wp:term":[{"taxonomy":"category","embeddable":true,"href":"https:\/\/www.europesays.com\/es\/wp-json\/wp\/v2\/categories?post=66667"},{"taxonomy":"post_tag","embeddable":true,"href":"https:\/\/www.europesays.com\/es\/wp-json\/wp\/v2\/tags?post=66667"}],"curies":[{"name":"wp","href":"https:\/\/api.w.org\/{rel}","templated":true}]}}