{"id":666673,"date":"2026-07-19T18:58:14","date_gmt":"2026-07-19T18:58:14","guid":{"rendered":"https:\/\/www.europesays.com\/es\/666673\/"},"modified":"2026-07-19T18:58:14","modified_gmt":"2026-07-19T18:58:14","slug":"ultima-hora-de-los-incendios-en-espana-el-fuego-de-guadalajara-ha-quemado-ya-16-000-hectareas-y-el-de-zaragoza-ha-sido-estabilizado","status":"publish","type":"post","link":"https:\/\/www.europesays.com\/es\/666673\/","title":{"rendered":"\u00daltima hora de los incendios en Espa\u00f1a: el fuego de Guadalajara ha quemado ya 16.000 hect\u00e1reas y el de Zaragoza ha sido estabilizado"},"content":{"rendered":"<p class=\"article-text\">\n        La Delegaci\u00f3n del Gobierno de Castilla-La Mancha en Guadalajara ha actualizado las cifras relativas al incendio de La Mierla en Guadalajara pasadas las 19.30 horas de la tarde de este domingo.\n    <\/p>\n<p class=\"article-text\">\n        Son ya 16.000 las hect\u00e1reas calcinadas por un fuego que ha alcanzado los 100 kil\u00f3metros de per\u00edmetro. La cabeza del incendio se sit\u00faa ahora mismo en las faldas del pico del Alto Rey, una de las cumbres emblem\u00e1ticas del parque natural de la Sierra Norte de Guadalajara, pero \u201cse est\u00e1 propagando hacia la cresta y probablemente la rebase en poco tiempo\u201d, asegura el director t\u00e9cnico de la extinci\u00f3n, Daniel Garc\u00eda Marco.\n    <\/p>\n<p class=\"article-text\">\n        Hasta ahora hay 20 pueblos evacuados y cinco que han sido confinados. Navas de Jadraque, El Ordial, Arroyo de las Fraguas, Zarzuela de Jadraque, Muriel, Umbralejo, Semillas, La Nava de Jadraque, Almiruete, Palancares, La Mierla, Monasterio, Bustares, Villares de Jadraque, Veguillas, Gascue\u00f1a de Bornova, Pr\u00e1dena de Atienza, Robledo de Corpes, Aldeanueva de Atienza y Naharros han sido desalojados.\n    <\/p>\n<p class=\"article-text\">\n        Mientras, Hiendelaencina, Ujados, La Mi\u00f1osa, Albendiego y Ca\u00f1amares han sido confinados.\n    <\/p>\n<p class=\"article-text\">\n        El director t\u00e9cnico de la extinci\u00f3n ha pedido a la ciudadan\u00eda que evite dirigirse hacia la zona del incendio. \u201cAhora mismo tiene unas condiciones de mucho peligro y corre en riesgo su integridad\u201d.\n    <\/p>\n","protected":false},"excerpt":{"rendered":"La Delegaci\u00f3n del Gobierno de Castilla-La Mancha en Guadalajara ha actualizado las cifras relativas al incendio de La&hellip;\n","protected":false},"author":2,"featured_media":666674,"comment_status":"","ping_status":"","sticky":false,"template":"","format":"standard","meta":{"footnotes":""},"categories":[8],"tags":[17,18,11323,25,24,24805,6057,14826,13,14,11,1458,4342,19,20,21819,9,10,15,16,121420,23,12,33816,1885,21,22],"class_list":["post-666673","post","type-post","status-publish","format-standard","has-post-thumbnail","category-espana","tag-breaking-news","tag-breakingnews","tag-darse","tag-es","tag-espana","tag-estabilizado","tag-evolucion","tag-favorable","tag-featured-news","tag-featurednews","tag-headlines","tag-hora","tag-incendios","tag-latest-news","tag-latestnews","tag-lejos","tag-news","tag-noticias","tag-noticias-destacadas","tag-noticiasdestacadas","tag-ores","tag-spain","tag-titulares","tag-todavia","tag-ultima","tag-ultimas-noticias","tag-ultimasnoticias"],"share_on_mastodon":{"url":"https:\/\/pubeurope.com\/@es\/116948179865808527","error":""},"_links":{"self":[{"href":"https:\/\/www.europesays.com\/es\/wp-json\/wp\/v2\/posts\/666673","targetHints":{"allow":["GET"]}}],"collection":[{"href":"https:\/\/www.europesays.com\/es\/wp-json\/wp\/v2\/posts"}],"about":[{"href":"https:\/\/www.europesays.com\/es\/wp-json\/wp\/v2\/types\/post"}],"author":[{"embeddable":true,"href":"https:\/\/www.europesays.com\/es\/wp-json\/wp\/v2\/users\/2"}],"replies":[{"embeddable":true,"href":"https:\/\/www.europesays.com\/es\/wp-json\/wp\/v2\/comments?post=666673"}],"version-history":[{"count":0,"href":"https:\/\/www.europesays.com\/es\/wp-json\/wp\/v2\/posts\/666673\/revisions"}],"wp:featuredmedia":[{"embeddable":true,"href":"https:\/\/www.europesays.com\/es\/wp-json\/wp\/v2\/media\/666674"}],"wp:attachment":[{"href":"https:\/\/www.europesays.com\/es\/wp-json\/wp\/v2\/media?parent=666673"}],"wp:term":[{"taxonomy":"category","embeddable":true,"href":"https:\/\/www.europesays.com\/es\/wp-json\/wp\/v2\/categories?post=666673"},{"taxonomy":"post_tag","embeddable":true,"href":"https:\/\/www.europesays.com\/es\/wp-json\/wp\/v2\/tags?post=666673"}],"curies":[{"name":"wp","href":"https:\/\/api.w.org\/{rel}","templated":true}]}}