{"id":666683,"date":"2026-07-19T19:08:25","date_gmt":"2026-07-19T19:08:25","guid":{"rendered":"https:\/\/www.europesays.com\/es\/666683\/"},"modified":"2026-07-19T19:08:25","modified_gmt":"2026-07-19T19:08:25","slug":"adrian-liso-opcion-para-la-banda-izquierda-del-alaves","status":"publish","type":"post","link":"https:\/\/www.europesays.com\/es\/666683\/","title":{"rendered":"Adri\u00e1n Liso, opci\u00f3n para la banda izquierda del Alav\u00e9s"},"content":{"rendered":"<p>\n        Sergio Fern\u00e1ndez apunt\u00f3 hace unos d\u00edas que dentro del cap\u00edtulo de fichajes previstos por el <a href=\"https:\/\/www.noticiasdealava.eus\/alaves\/\" title=\"Deportivo Alav\u00e9s\" class=\"link copy\" rel=\"nofollow noopener\" target=\"_blank\">Deportivo Alav\u00e9s<\/a> de cara a la presente campa\u00f1a 2026-27 <strong>figura el de un extremo izquierdo<\/strong>.\u00a0\n<\/p>\n<p class=\"article-body__text \">\n        <strong>Reforzar esa banda tras el adi\u00f3s de Calebe y el irregular rendimiento de Carles Ale\u00f1\u00e1 es prioritario<\/strong> para Quique S\u00e1nchez Flores. De esta forma, la direcci\u00f3n deportiva albiazul tiene una lista de varios futbolistas candidatos a competir en ese puesto con un Abde Rebbach cada vez m\u00e1s pujante.\u00a0\n<\/p>\n<p class=\"article-body__text \">\n        Uno de ellos es <strong>Adri\u00e1n Liso<\/strong>. El zaragozano de 21 a\u00f1os conoce perfectamente la categor\u00eda, puesto que l<strong>a pasada temporada estuvo cedido en el Getafe por parte del Real Zaragoza<\/strong>, el club de su vida y con el que tiene contrato hasta junio de 2029.\u00a0\n<\/p>\n<p>            <a href=\"https:\/\/www.noticiasdealava.eus\/alaves\/2026\/07\/18\/alaves-lleva-villa-laguardia-penaltis-11344906.html\" title=\"El Alav\u00e9s se lleva el Villa de Laguardia en los penaltis\" class=\"new__media\" rel=\"nofollow noopener\" target=\"_blank\"><\/p>\n<p>                <img alt=\"El Alav\u00e9s se lleva el Villa de Laguardia en los penaltis\" data-src=\"https:\/\/www.europesays.com\/es\/wp-content\/uploads\/2026\/07\/0fab5cbc-0332-4386-b688-c8ba56b4618d_16-9-aspect-ratio_default_0.jpg\" class=\"lozad\"\/><\/p>\n<p>        <\/a><\/p>\n<p>        <a href=\"https:\/\/www.noticiasdealava.eus\/alaves\/2026\/07\/18\/alaves-lleva-villa-laguardia-penaltis-11344906.html\" title=\"El Alav\u00e9s se lleva el Villa de Laguardia en los penaltis\" class=\"new__headline\" rel=\"nofollow noopener\" target=\"_blank\"><br \/>\n            El Alav\u00e9s se lleva el Villa de Laguardia en los penaltis<br \/>\n        <\/a><\/p>\n<p class=\"article-body__text \">\n        A las \u00f3rdenes de Jos\u00e9 Bordal\u00e1s, que casualidades del destino regresar\u00e1 a Mendizorroza el pr\u00f3ximo 15 de agosto en el arranque liguero, Liso disput\u00f3 31 partidos, anotando tres goles y dando dos asistencias. <strong>Una buena carta de presentaci\u00f3n que en los despachos de Mendizorroza se valora a la hora de decidir su contrataci\u00f3n<\/strong>.\u00a0\n<\/p>\n<p>  Conocimiento de V\u00edctor Laguardia<\/p>\n<p class=\"article-body__text \">\n        <strong>En Segunda Divisi\u00f3n tambi\u00e9n ha ofrecido un recorrido interesante con dos temporadas de bagaje<\/strong> en la escuadra ma\u00f1a, jugando 41 encuentros hace dos ejercicios y anotando cuatro goles. Datos que le sirvieron para llamar la atenci\u00f3n del cuadro getafense.\u00a0<strong>Todo esto viene corroborado adem\u00e1s por el conocimiento personal que V\u00edctor Laguardia tiene de \u00e9l<\/strong>, como paisanos que son el integrante de la direcci\u00f3n deportiva albiazul y el joven extremo criado en El Burgo de Ebro.\n<\/p>\n<p>            <a href=\"https:\/\/www.noticiasdealava.eus\/alaves\/2026\/07\/17\/sergio-fernandez-nadie-puesto-contacto-alaves-fichajes-rumores-ventas-mercado-traspaso-salida-verano-la-liga-vitoria-futbol-alava-11341351.html\" title=\"Sergio Fern\u00e1ndez: &quot;Nadie se ha puesto en contacto con nosotros por Antonio Blanco&quot;\" class=\"new__media\" rel=\"nofollow noopener\" target=\"_blank\"><\/p>\n<p>                <img alt=\"Sergio Fern\u00e1ndez: &quot;Nadie se ha puesto en contacto con nosotros por Antonio Blanco&quot;\" data-src=\"https:\/\/www.europesays.com\/es\/wp-content\/uploads\/2026\/07\/28a3a13b-ca93-450d-b8b2-22fdb9568025_16-9-aspect-ratio_default_0.jpg\" class=\"lozad\"\/><\/p>\n<p>        <\/a><\/p>\n<p>        <a href=\"https:\/\/www.noticiasdealava.eus\/alaves\/2026\/07\/17\/sergio-fernandez-nadie-puesto-contacto-alaves-fichajes-rumores-ventas-mercado-traspaso-salida-verano-la-liga-vitoria-futbol-alava-11341351.html\" title=\"Sergio Fern\u00e1ndez: &quot;Nadie se ha puesto en contacto con nosotros por Antonio Blanco&quot;\" class=\"new__headline\" rel=\"nofollow noopener\" target=\"_blank\"><br \/>\n            Sergio Fern\u00e1ndez: \u00abNadie se ha puesto en contacto con nosotros por Antonio Blanco\u00bb<br \/>\n        <\/a><\/p>\n<p class=\"article-body__text \">\n        Liso ha sido internacional con la sub\u201920 y sin duda que <strong>puede ser un buen elemento para el Deportivo Alav\u00e9s en caso de que las partes lleguen a un acuerdo<\/strong>.\u00a0La entidad vitoriana conoce cu\u00e1les ser\u00edan sus pretensiones para llegar al conjunto dirigido por S\u00e1nchez Flores. <strong>La parte m\u00e1s compleja estriba sin duda en alcanzar un acuerdo con el club ma\u00f1o<\/strong>.\u00a0\n<\/p>\n<p class=\"article-body__text \">\n        De hecho, el propio Getafe ten\u00eda de plazo hasta el pasado 31 de mayo para ejecutar la opci\u00f3n de compra que ten\u00eda sobre el futbolista, pero n<strong>o lleg\u00f3 a las intenciones del Real Zaragoza, quien pretend\u00eda obtener unos tres millones de euros por el 50 por ciento de sus derechos<\/strong>.\u00a0A partir de entonces, otros equipos han entrado en la puja por hacerse con Liso, pero hasta la fecha ninguno ha satisfecho las necesidades ma\u00f1as.\n<\/p>\n<p>        Liso, de 21 a\u00f1os, es seguido por el Alav\u00e9s desde su etapa en Segunda Divisi\u00f3n en el Zaragoza y todo ello est\u00e1 aderezado por el conocimiento personal de su paisano V\u00edctor Laguardia<\/p>\n<p>  La tasaci\u00f3n, entre dos y tres millones<\/p>\n<p class=\"article-body__text \">\n        La cantidad a pagar por su contrataci\u00f3n estar\u00eda entre 2 y 3 millones, pero <strong>la disquisici\u00f3n m\u00e1s relevante est\u00e1 en el porcentaje de los derechos que quiere obtener la instituci\u00f3n zaragozana<\/strong>, quien en cierta forma pretende sacar la mayor tajada posible por un jugador pretendido por varios clubes.\u00a0\n<\/p>\n<p class=\"article-body__text \">\n        Descendido a Primera Federaci\u00f3n,<strong> el Real Zaragoza aspira al menos a obtener el mayor r\u00e9dito econ\u00f3mico posible para enjugar su compleja situaci\u00f3n financiera<\/strong>, dado que ya asume la p\u00e9rdida deportiva con la salida de un jugador dotado de un nivel interesante para la m\u00e1xima categor\u00eda del f\u00fatbol nacional.\u00a0\n<\/p>\n<p class=\"article-body__text \">\n        Es en cierta forma <strong>una operaci\u00f3n similar a la que el Alav\u00e9s ha sellado con la Real Sociedad para la llegada de Mikel Rodr\u00edguez a Vitoria<\/strong>. Por el de Getaria, la entidad babazorra ha pagado dos millones de euros por la mitad de sus derechos, reserv\u00e1ndose incluso una opci\u00f3n de compra el equipo guipuzcoano. <strong>Puede ser una f\u00f3rmula a emplear con el Real Zaragoza o incluso asumir un porcentaje de una futura venta<\/strong>.\n<\/p>\n<p>            <a href=\"https:\/\/www.noticiasdealava.eus\/alaves\/2026\/07\/18\/mariano-rompe-sequia-alaves-11344661.html\" title=\"Mariano rompe su sequ\u00eda con el Alav\u00e9s\" class=\"new__media\" rel=\"nofollow noopener\" target=\"_blank\"><\/p>\n<p>                <img alt=\"Mariano rompe su sequ\u00eda con el Alav\u00e9s\" data-src=\"https:\/\/www.europesays.com\/es\/wp-content\/uploads\/2026\/07\/084180ac-2477-48f6-bdd2-2dbad9d2ef95_16-9-aspect-ratio_default_0.jpg\" class=\"lozad\"\/><\/p>\n<p>        <\/a><\/p>\n<p>        <a href=\"https:\/\/www.noticiasdealava.eus\/alaves\/2026\/07\/18\/mariano-rompe-sequia-alaves-11344661.html\" title=\"Mariano rompe su sequ\u00eda con el Alav\u00e9s\" class=\"new__headline\" rel=\"nofollow noopener\" target=\"_blank\"><br \/>\n            Mariano rompe su sequ\u00eda con el Alav\u00e9s<br \/>\n        <\/a><\/p>\n<p class=\"article-body__text \">\n        Opciones diversas para convencer al <strong>club ma\u00f1o con el que existe una buena sinton\u00eda<\/strong> y de donde en los \u00faltimos meses han llegado jugadores como Aitor Ma\u00f1as o Chema Arag\u00fc\u00e9s, m\u00e1s all\u00e1 de la cesi\u00f3n del portero Adri\u00e1n Rodr\u00edguez haciendo el camino inverso.\u00a0<\/p>\n","protected":false},"excerpt":{"rendered":"Sergio Fern\u00e1ndez apunt\u00f3 hace unos d\u00edas que dentro del cap\u00edtulo de fichajes previstos por el Deportivo Alav\u00e9s de&hellip;\n","protected":false},"author":2,"featured_media":666684,"comment_status":"","ping_status":"","sticky":false,"template":"","format":"standard","meta":{"footnotes":""},"categories":[268],"tags":[2722,1334,3677,168,25,24,280,282,6326,115327,2538,281,23,167],"class_list":["post-666683","post","type-post","status-publish","format-standard","has-post-thumbnail","category-futbol","tag-adrian","tag-alaves","tag-banda","tag-deportes","tag-es","tag-espana","tag-football","tag-futbol","tag-izquierda","tag-liso","tag-opcion","tag-soccer","tag-spain","tag-sports"],"share_on_mastodon":{"url":"https:\/\/pubeurope.com\/@es\/116948218952756103","error":""},"_links":{"self":[{"href":"https:\/\/www.europesays.com\/es\/wp-json\/wp\/v2\/posts\/666683","targetHints":{"allow":["GET"]}}],"collection":[{"href":"https:\/\/www.europesays.com\/es\/wp-json\/wp\/v2\/posts"}],"about":[{"href":"https:\/\/www.europesays.com\/es\/wp-json\/wp\/v2\/types\/post"}],"author":[{"embeddable":true,"href":"https:\/\/www.europesays.com\/es\/wp-json\/wp\/v2\/users\/2"}],"replies":[{"embeddable":true,"href":"https:\/\/www.europesays.com\/es\/wp-json\/wp\/v2\/comments?post=666683"}],"version-history":[{"count":0,"href":"https:\/\/www.europesays.com\/es\/wp-json\/wp\/v2\/posts\/666683\/revisions"}],"wp:featuredmedia":[{"embeddable":true,"href":"https:\/\/www.europesays.com\/es\/wp-json\/wp\/v2\/media\/666684"}],"wp:attachment":[{"href":"https:\/\/www.europesays.com\/es\/wp-json\/wp\/v2\/media?parent=666683"}],"wp:term":[{"taxonomy":"category","embeddable":true,"href":"https:\/\/www.europesays.com\/es\/wp-json\/wp\/v2\/categories?post=666683"},{"taxonomy":"post_tag","embeddable":true,"href":"https:\/\/www.europesays.com\/es\/wp-json\/wp\/v2\/tags?post=666683"}],"curies":[{"name":"wp","href":"https:\/\/api.w.org\/{rel}","templated":true}]}}