{"id":666712,"date":"2026-07-19T19:33:17","date_gmt":"2026-07-19T19:33:17","guid":{"rendered":"https:\/\/www.europesays.com\/es\/666712\/"},"modified":"2026-07-19T19:33:17","modified_gmt":"2026-07-19T19:33:17","slug":"alineacion-confirmada-de-espana-hoy-ante-argentina-para-el-partido-de-la-final-del-mundial-2026","status":"publish","type":"post","link":"https:\/\/www.europesays.com\/es\/666712\/","title":{"rendered":"Alineaci\u00f3n confirmada de Espa\u00f1a hoy ante Argentina para el partido de la final del Mundial 2026"},"content":{"rendered":"<p>19\/07\/2026<\/p>\n<p>Actualizado a las 19:14h.<\/p>\n<p class=\"v-d-p\" style=\"\">Lleg\u00f3 el gran d\u00eda. Espa\u00f1a y Argentina se disputan la final del Mundial en lo que para muchos ya es el partido del siglo. Y lo cierto es que ser\u00e1 un duelo hist\u00f3rico, ya que ambos equipos no se hab\u00edan medido nunca en una batalla de estas proporciones. <\/p>\n<p class=\"v-d-p\" style=\"\">De hecho, Espa\u00f1a y Argentina solo se han visto las caras una vez de manera oficial. Fue en el Mundial de 1966, en la fase de grupos, en un duelo que cay\u00f3 del lado de la albiceleste por 2-1. No obstante, no fue aquel el primer partido entre las dos selecciones, ya que ya se hab\u00edan enfrentado en los a\u00f1os 1952, 1953, 1960 y 1961, todas ellas en amistosos.<\/p>\n<p class=\"v-d-p\" style=\"\">Y es que todos los duelos entre argentinos y espa\u00f1oles menos uno han sido encuentros no oficiales. Este es el segundo partido real entre ambas, aunque deber\u00eda haber sido el tercero, ya que en marzo se deber\u00eda haber disputado la Finalissima, que enfrenta al campe\u00f3n de la Eurocopa contra el campe\u00f3n de la Copa Am\u00e9rica.<\/p>\n<p>Resumen del Francia &#8211; Espa\u00f1a de semifinales.<\/p>\n<p class=\"v-d-p\" style=\"\">Aquel partido no se disput\u00f3 por diversos motivos y ahora el destino ha querido cruzar a los dos equipos en un escenario todav\u00eda m\u00e1s grande. Inigualable. Adem\u00e1s, ser\u00e1 la primera vez que se crucen en 8 a\u00f1os, ya que el \u00faltimo duelo entre ambos data de 2018, cuando Espa\u00f1a gan\u00f3 6-1.<\/p>\n<p class=\"v-d-p\" style=\"\">El presente choque ser\u00e1 muy diferente al de entonces, ya que ni los m\u00e1s optimistas vaticinan una goleada semejante a favor de ninguno de los dos equipos. Aunque para ello, en el caso de Espa\u00f1a, Luis de la Fuente deber\u00eda trazar un plan perfecto, incluso mejor que los que han llevado a la selecci\u00f3n a la gran final. Y es que, si por algo ser\u00e1 recordado este Mundial, ser\u00e1 por la incre\u00edble gesti\u00f3n del entrenador riojano.<\/p>\n<p>\nUn equipo concentrado hasta el final\n<\/p>\n<p class=\"v-d-p\" style=\"\">A lo largo de este Mundial, De la Fuente ha ido haciendo ajustes a su plan inicial. Y ha ido creando un equipo casi perfecto, casi inexpugnable. La mayor prueba de ello es que Espa\u00f1a se ha plantado en la final habiendo encajado un solo gol en toda la Copa del Mundo, el recibido en los cuartos de final frente a B\u00e9lgica.<\/p>\n<p class=\"v-d-p\" style=\"\">Aunque esto ha sido un m\u00e9rito colectivo, es imposible no destacar la defensa de Espa\u00f1a. Desde Pedro Porro hasta Marc Cucurella pasando por Pau Cubars\u00ed y Aymeric Laporte. Todos ellos arropan de la mejor manera posible a Unai Sim\u00f3n y volver\u00e1n a ser titulares este domingo, formando un entramado defensivo envidiado en todo el campeonato.<\/p>\n<p class=\"v-d-p\" style=\"\">Por delante, Luis de la Fuente tendr\u00e1 dudas y certezas. La verdad m\u00e1s clara es la transformaci\u00f3n de Rodrigo Hern\u00e1ndez, quien se ha vuelto a parecer a ese jugador que lleg\u00f3 a ser el mejor del mundo en su puesto. El ancla de un equipo perfecto. El tim\u00f3n de un conjunto que aspira a su segunda estrella. Y a su lado, una de las revelaciones del Mundial como es Dani Olmo. El jugador del FC Barcelona, como ya sucedi\u00f3 en la Eurocopa, parti\u00f3 desde el banquillo para terminar convenciendo a todo el mundo.<\/p>\n<p class=\"v-d-p\" style=\"\">Y junto a ellos, la \u00fanica duda del once. Apostar por las vacas sagradas, en este caso ser\u00eda Pedri, o por el jugador que ha funcionado en las \u00faltimas decisiones, Fabi\u00e1n. En este ocasi\u00f3n, pesa m\u00e1s lo emp\u00edrico y De la Fuente ya ha confirmado recientemente que, hoy por hoy, el andaluz del PSG est\u00e1 en mejor estado de forma.<\/p>\n<p>Todos los goles de Oyarzabal en la Copa del Mundo.<\/p>\n<p class=\"v-d-p\" style=\"\">En cambio, arriba De la Fuente no ten\u00eda dudas. La tripleta atacante formada por Baena, Mikel Oyarzabal y Lamine Yamal le ha dado muy buenos resultados en este Mundial. El delantero de la Real Sociedad ha sido uno de los mejores jugadores del campeonato. El del Atl\u00e9tico de Madrid, aunque ha bajado algo sus prestaciones, es cierto que le sigue dando equilibrio al equipo para ganar la batalla del centro del campo. Y del extremo del FC Barcelona se espera que, de una vez por todas, ejerza su funci\u00f3n de MVP.<\/p>\n<p>\nJugadores con las fuerzas justas\n<\/p>\n<p class=\"v-d-p\" style=\"\">Espa\u00f1a llega a esta final del Mundial con muchas opciones de victoria. Para la mayor\u00eda, a pesar de lo igualado de citas como esta, &#8216;La Roja&#8217; es favorita por el gran nivel que ha exhibido durante todo el campeonato. Adem\u00e1s, va a tener 24 horas m\u00e1s de descanso a pesar de que los dos equipos han tenido d\u00edas de sobra para preparar el choque.<\/p>\n<p class=\"v-d-p\" style=\"\">No obstante, despu\u00e9s de una extenuante temporada, los jugadores de Espa\u00f1a est\u00e1n llegando a estas alturas de curso con la reserva. Hace unos d\u00edas, Lamine Yamal y Pedro Porro se ejercitaban al margen de sus compa\u00f1eros y una imagen del jugador del FC Barcelona con un vendaje en el muslo de su pierna izquierda se hac\u00eda viral haciendo saltar las alarmas.<\/p>\n<p class=\"v-d-p\" style=\"\">Es un hecho que el azulgrana no llega en su mejor momento a este duelo. Para colmo, en uno de los entrenamientos previos a la final, Oyarzabal dio el susto al recibir un pisot\u00f3n de Gavi que le hizo cojear sensiblemente durante unos minutos. Gajes del oficio de quienes sue\u00f1an con ser campeones del mundo en unas horas.<\/p>\n<p>Alineaci\u00f3n confirmada de Espa\u00f1a para la final del Mundial 2026<\/p>\n<p class=\"v-d-p \">\nUnai Sim\u00f3n; Pedro Porro, Cubars\u00ed, Laporte, Cucurella; Rodri, Fabi\u00e1n, Olmo; Lamine Yamal, Baena y Oyarzabal.\n<\/p>\n<p class=\"v-d-p\" style=\"\"><strong>\u00c1rbitro<\/strong>: Slavko Vin\u010di\u0107.<\/p>\n<p class=\"v-d-p\" style=\"\"><strong>Estadio<\/strong>: MetLife Stadium &#8211; Estadio Nueva York\/Nueva Jersey (East Rutherford).<\/p>\n<p class=\"v-d-p\" style=\"\"><strong>Horario<\/strong>: 21:00 horas (horario peninsular) &#8211; TVE La 1 (Esp) | DAZN Espa\u00f1a | RTVE Play (Esp).<\/p>\n","protected":false},"excerpt":{"rendered":"19\/07\/2026 Actualizado a las 19:14h. Lleg\u00f3 el gran d\u00eda. Espa\u00f1a y Argentina se disputan la final del Mundial&hellip;\n","protected":false},"author":2,"featured_media":666713,"comment_status":"","ping_status":"","sticky":false,"template":"","format":"standard","meta":{"footnotes":""},"categories":[268],"tags":[3076,4659,1575,283,11901,168,25,24,1058,280,282,315,1070,1045,281,23,167],"class_list":["post-666712","post","type-post","status-publish","format-standard","has-post-thumbnail","category-futbol","tag-3076","tag-alineacion","tag-ante","tag-argentina","tag-confirmada","tag-deportes","tag-es","tag-espana","tag-final","tag-football","tag-futbol","tag-hoy","tag-mundial","tag-partido","tag-soccer","tag-spain","tag-sports"],"share_on_mastodon":{"url":"https:\/\/pubeurope.com\/@es\/116948317280483605","error":""},"_links":{"self":[{"href":"https:\/\/www.europesays.com\/es\/wp-json\/wp\/v2\/posts\/666712","targetHints":{"allow":["GET"]}}],"collection":[{"href":"https:\/\/www.europesays.com\/es\/wp-json\/wp\/v2\/posts"}],"about":[{"href":"https:\/\/www.europesays.com\/es\/wp-json\/wp\/v2\/types\/post"}],"author":[{"embeddable":true,"href":"https:\/\/www.europesays.com\/es\/wp-json\/wp\/v2\/users\/2"}],"replies":[{"embeddable":true,"href":"https:\/\/www.europesays.com\/es\/wp-json\/wp\/v2\/comments?post=666712"}],"version-history":[{"count":0,"href":"https:\/\/www.europesays.com\/es\/wp-json\/wp\/v2\/posts\/666712\/revisions"}],"wp:featuredmedia":[{"embeddable":true,"href":"https:\/\/www.europesays.com\/es\/wp-json\/wp\/v2\/media\/666713"}],"wp:attachment":[{"href":"https:\/\/www.europesays.com\/es\/wp-json\/wp\/v2\/media?parent=666712"}],"wp:term":[{"taxonomy":"category","embeddable":true,"href":"https:\/\/www.europesays.com\/es\/wp-json\/wp\/v2\/categories?post=666712"},{"taxonomy":"post_tag","embeddable":true,"href":"https:\/\/www.europesays.com\/es\/wp-json\/wp\/v2\/tags?post=666712"}],"curies":[{"name":"wp","href":"https:\/\/api.w.org\/{rel}","templated":true}]}}