{"id":666792,"date":"2026-07-19T20:40:37","date_gmt":"2026-07-19T20:40:37","guid":{"rendered":"https:\/\/www.europesays.com\/es\/666792\/"},"modified":"2026-07-19T20:40:37","modified_gmt":"2026-07-19T20:40:37","slug":"martyna-kubka-culmina-su-remontada-y-conquista-el-araba-world-tennis-tour","status":"publish","type":"post","link":"https:\/\/www.europesays.com\/es\/666792\/","title":{"rendered":"Martyna Kubka culmina su remontada y conquista el Araba World Tennis Tour"},"content":{"rendered":"<p style=\"\">Martyna Kubka confirma los pron\u00f3sticos y conquista el Araba World Tennis Tour tras imponerse a Justina Mikulskyte por 5-7, 6-3 y 6-3  &#8230; en una final de m\u00e1xima exigencia que se prolong\u00f3 durante dos horas y veintitr\u00e9s minutos. La polaca, n\u00famero 221 del ranking WTA y primera favorita del torneo, supo rehacerse despu\u00e9s de ceder un primer set, que lleg\u00f3 a tener al alcance de la mano pero que logr\u00f3 imponerse tras encontrar mayor regularidad para certificar \u00abel triunfo m\u00e1s importante de mi carrera\u00bb, tal y como expres\u00f3 ya con la txapela y el trofeo de ganadora en la cabeza.<\/p>\n<p class=\"v-d-p\" style=\"\">La final enfrent\u00f3 dos estilos bien diferenciados. Kubka bas\u00f3 buena parte de su tenis en la potencia de un servicio que volvi\u00f3 a convertirse en su principal argumento ofensivo. En los primeros juegos, cada turno de saque le permiti\u00f3 acortar los puntos y encontrar golpes ganadores con rapidez. Mikulskyte, en cambio, llev\u00f3 el partido hacia intercambios m\u00e1s largos, movi\u00f3 a su rival de lado a lado y encontr\u00f3 comodidad en el fondo de la pista central de la Pe\u00f1a Vitoriana.<\/p>\n<p class=\"v-d-p\" style=\"\">Un ace en el primer servicio marc\u00f3 la hoja de la polaca, que desde un inici\u00f3 dej\u00f3 claras sus intenciones. Sin embargo, pronto se vi\u00f3 superada por acumular demasiados errores no forzados ante una Mikulskyte, n\u00famero 242 en el ranking, que aprovech\u00f3 esas dudas para tomar la iniciativa y cerrar la manga con un ace y celebr\u00f3 el 7-5 con un grito de rabia, consciente de la importancia de asestar el primer golpe para no repetir el desenlace del a\u00f1o pasado.<\/p>\n<p>\nCambio de tornas\n<\/p>\n<p class=\"v-d-p\" style=\"\">La reacci\u00f3n de la primera cabeza de serie lleg\u00f3 nada m\u00e1s comenzar el segundo set. Kubka dio un paso al frente desde el resto, dispuso de varias oportunidades de rotura y encontr\u00f3 un tenis mucho m\u00e1s constante, sin renunciar a la potencia que caracteriza su juego. La lituana, segunda favorita del torneo, logr\u00f3 poner tierra de por medio y empatar moment\u00e1neamente el set (3-3) pero sus esfuerzos quedaron mermados por el mejor tenis de una Kubka cada vez m\u00e1s firme. Dej\u00f3 de depender \u00fanicamente de su servicio y respondi\u00f3 con tres juegos seguidos.<\/p>\n<p class=\"v-d-p\" style=\"\">Todo qued\u00f3 por decidir en el \u00faltimo set. Mikulsyte comenz\u00f3 mejor y constru\u00eda sus puntos con paciencia pero una doble falta abri\u00f3 la puerta al 2-1 a favor de la polaca, que no dud\u00f3 en aprovechar el impulso. Mantuvo el saque y se situ\u00f3 a un solo juego del t\u00edtulo. All\u00ed aparecieron los nervios y lleg\u00f3 a cometer su primera doble falta del partido para dar vida a Mikulskyte. Poco dur\u00f3. La polaca se encarg\u00f3 de sentenciar el partido para certificar una remontada que termin\u00f3 por confirmar su condici\u00f3n de favorita del torneo.<\/p>\n<p><img decoding=\"async\" loading=\"lazy\" src=\"https:\/\/www.europesays.com\/es\/wp-content\/uploads\/2026\/07\/1514972770-U88007832770ToL-680x476@El Correo.JPG\" class=\"v-a-img\" width=\"680\" height=\"478\" alt=\"La ceremonia de entrega de premios concluy\u00f3 con un aurresku\" data-voc-vtm-id=\"in-text-traffic\"\/><\/p>\n<p>La ceremonia de entrega de premios concluy\u00f3 con un aurresku.<\/p>\n<p>(Rafa Guti\u00e9rrez)<\/p>\n<p class=\"v-d-p\" style=\"\">Durante la ceremonia de entrega de premios tambi\u00e9n hubo espacio para el reconocimiento a la joven tenista alavesa Enertiz Garc\u00eda, de 16 a\u00f1os. Acto seguido se procedi\u00f3 a la entrega de trofeos junto a una txapela para las finalistas. La subcampeona, con participaci\u00f3n en anteriores ediciones, asegur\u00f3 que \u00absiempre me encanta competir en Vitoria\u00bb y considera esta semana como \u00abuna de las m\u00e1s bonitas del calendario\u00bb. Del mismo modo, admiti\u00f3 que \u00absiempre quieres ganar finales, pero no es f\u00e1cil\u00bb y reconoci\u00f3 que \u00abKubka merec\u00eda ser la ganadora\u00bb. Por su parte, la campeona tambi\u00e9n resalt\u00f3 que \u00ablas finales nunca son f\u00e1ciles\u00bb, record\u00f3 que estuvo cerca de caer en cuartos de final ante Han Shi, felicit\u00f3 a su rival y calific\u00f3 el t\u00edtulo como \u00abel mayor trofeo de su carrera\u00bb.<\/p>\n","protected":false},"excerpt":{"rendered":"Martyna Kubka confirma los pron\u00f3sticos y conquista el Araba World Tennis Tour tras imponerse a Justina Mikulskyte por&hellip;\n","protected":false},"author":2,"featured_media":666793,"comment_status":"","ping_status":"","sticky":false,"template":"","format":"standard","meta":{"footnotes":""},"categories":[274],"tags":[3936,3972,14130,168,25,24,121409,121482,333,23,167,327,326,316,65],"class_list":["post-666792","post","type-post","status-publish","format-standard","has-post-thumbnail","category-tenis","tag-araba","tag-conquista","tag-culmina","tag-deportes","tag-es","tag-espana","tag-kubka","tag-martyna","tag-remontada","tag-spain","tag-sports","tag-tenis","tag-tennis","tag-tour","tag-world"],"share_on_mastodon":{"url":"https:\/\/pubeurope.com\/@es\/116948581765615850","error":""},"_links":{"self":[{"href":"https:\/\/www.europesays.com\/es\/wp-json\/wp\/v2\/posts\/666792","targetHints":{"allow":["GET"]}}],"collection":[{"href":"https:\/\/www.europesays.com\/es\/wp-json\/wp\/v2\/posts"}],"about":[{"href":"https:\/\/www.europesays.com\/es\/wp-json\/wp\/v2\/types\/post"}],"author":[{"embeddable":true,"href":"https:\/\/www.europesays.com\/es\/wp-json\/wp\/v2\/users\/2"}],"replies":[{"embeddable":true,"href":"https:\/\/www.europesays.com\/es\/wp-json\/wp\/v2\/comments?post=666792"}],"version-history":[{"count":0,"href":"https:\/\/www.europesays.com\/es\/wp-json\/wp\/v2\/posts\/666792\/revisions"}],"wp:featuredmedia":[{"embeddable":true,"href":"https:\/\/www.europesays.com\/es\/wp-json\/wp\/v2\/media\/666793"}],"wp:attachment":[{"href":"https:\/\/www.europesays.com\/es\/wp-json\/wp\/v2\/media?parent=666792"}],"wp:term":[{"taxonomy":"category","embeddable":true,"href":"https:\/\/www.europesays.com\/es\/wp-json\/wp\/v2\/categories?post=666792"},{"taxonomy":"post_tag","embeddable":true,"href":"https:\/\/www.europesays.com\/es\/wp-json\/wp\/v2\/tags?post=666792"}],"curies":[{"name":"wp","href":"https:\/\/api.w.org\/{rel}","templated":true}]}}