{"id":666826,"date":"2026-07-19T21:07:15","date_gmt":"2026-07-19T21:07:15","guid":{"rendered":"https:\/\/www.europesays.com\/es\/666826\/"},"modified":"2026-07-19T21:07:15","modified_gmt":"2026-07-19T21:07:15","slug":"messi-lamine-yamal-un-gesto-que-lo-resume-todo","status":"publish","type":"post","link":"https:\/\/www.europesays.com\/es\/666826\/","title":{"rendered":"Messi-Lamine Yamal, un gesto que lo resume todo"},"content":{"rendered":"<p class=\"ft-text\">Acapararon todos los focos. <strong>Los d\u00edas previos a la final s\u00f3lo se habl\u00f3 de ellos<\/strong>. Un choque de estilos, <a class=\"ft-link ft-link--decoration\" href=\"https:\/\/www.sport.es\/es\/noticias\/seleccion\/espana-argentina-mundial-final-directo-resultado-goles-132595679\" rel=\"nofollow noopener\" target=\"_blank\">de generaciones, de Lamine Yamal contra Leo Messi<\/a>. La estrella rosarina elogi\u00f3 p\u00fablicamente al joven azulgrana, y el catal\u00e1n hizo lo propio con el argentino. Dos jugadores resumidos en una fotograf\u00eda, la que Joan Monfort tom\u00f3 para SPORT hace 18 a\u00f1os.<\/p>\n<p class=\"ft-text\">Como no pod\u00eda ser de otra forma,<strong> tanto Lamine Yamal como Leo Messi <\/strong>centraron el inter\u00e9s de la c\u00e1mara. Buscando un gesto de complicidad, de cari\u00f1o entre el presente y el futuro del Barcelona. Entre dos jugadores diferenciales llamados a ser los protagonistas de la final del MetLife Stadium de Nueva Jersey.<\/p>\n<p class=\"ft-text\">Y sucedi\u00f3. <strong>En un lance del partido en la primera mitad, en el centro del campo, las estrellas se encontraron<\/strong>, se miraron, intercambieron palabras y una sonrisa. El &#8216;feeling&#8217; entre ambos se pod\u00eda palpar. Ambos luchando por sus intereses, pero sin olvidar ese nexo com\u00fan. Esa instant\u00e1nea que les uni\u00f3 para siempre. Ese escudo que ambos llevan en el coraz\u00f3n. <\/p>\n<p class=\"ft-text\">Fue un instante breve, casi fugaz, pero <strong>suficiente para dejar una de las im\u00e1genes de la noche<\/strong>. Un gesto espont\u00e1neo que resumi\u00f3 el respeto mutuo entre dos generaciones llamadas a entenderse m\u00e1s all\u00e1 de la rivalidad puntual de una final. <\/p>\n<p><img decoding=\"async\" src=\"https:\/\/www.europesays.com\/es\/wp-content\/uploads\/2026\/07\/af9cd89e-7955-411b-ab6f-2d677db3142b_alta-libre-aspect-ratio_default_0_x600y225.jpg\" width=\"1200\" height=\"675\" alt=\"Messi y Lamine se encontraron por primera vez sobre un terreno de juego\" class=\"ft-helper-img-rd\" loading=\"lazy\" fetchpriority=\"auto\"\/><\/p>\n<p class=\"ft-helper-fontColor-quaternary ft-helper-fontSize-body-S ft-helper-spacer-t-xxs\">Messi y Lamine se encontraron por primera vez sobre un terreno de juego  \/ &#8216;X&#8217;<\/p>\n<p class=\"ft-text\">Porque m\u00e1s all\u00e1 del resultado, el encuentro dej\u00f3 una escena destinada a ocupar un lugar destacado en la memoria de los aficionados. La fotograf\u00eda de Joan Monfort encontr\u00f3, dieciocho a\u00f1os despu\u00e9s, su continuaci\u00f3n sobre el c\u00e9sped. <strong>El beb\u00e9 rechoncho que un d\u00eda apareci\u00f3 junto a Messi y el futbolista que cambi\u00f3 para siempre la historia del Barcelona compartieron, por fin, el mismo escenario<\/strong> como protagonistas. Un relevo que no necesita palabras y que qued\u00f3 resumido en una sonrisa, una conversaci\u00f3n y el respeto entre dos jugadores carism\u00e1ticos.<\/p>\n","protected":false},"excerpt":{"rendered":"Acapararon todos los focos. Los d\u00edas previos a la final s\u00f3lo se habl\u00f3 de ellos. Un choque de&hellip;\n","protected":false},"author":2,"featured_media":666827,"comment_status":"","ping_status":"","sticky":false,"template":"","format":"standard","meta":{"footnotes":""},"categories":[268],"tags":[168,25,24,280,282,14136,11680,8138,11788,7688,33982,281,23,167],"class_list":["post-666826","post","type-post","status-publish","format-standard","has-post-thumbnail","category-futbol","tag-deportes","tag-es","tag-espana","tag-football","tag-futbol","tag-gesto","tag-lamine","tag-lamine-yamal","tag-leo-messi","tag-messi","tag-resume","tag-soccer","tag-spain","tag-sports"],"share_on_mastodon":{"url":"https:\/\/pubeurope.com\/@es\/116948688121201085","error":""},"_links":{"self":[{"href":"https:\/\/www.europesays.com\/es\/wp-json\/wp\/v2\/posts\/666826","targetHints":{"allow":["GET"]}}],"collection":[{"href":"https:\/\/www.europesays.com\/es\/wp-json\/wp\/v2\/posts"}],"about":[{"href":"https:\/\/www.europesays.com\/es\/wp-json\/wp\/v2\/types\/post"}],"author":[{"embeddable":true,"href":"https:\/\/www.europesays.com\/es\/wp-json\/wp\/v2\/users\/2"}],"replies":[{"embeddable":true,"href":"https:\/\/www.europesays.com\/es\/wp-json\/wp\/v2\/comments?post=666826"}],"version-history":[{"count":0,"href":"https:\/\/www.europesays.com\/es\/wp-json\/wp\/v2\/posts\/666826\/revisions"}],"wp:featuredmedia":[{"embeddable":true,"href":"https:\/\/www.europesays.com\/es\/wp-json\/wp\/v2\/media\/666827"}],"wp:attachment":[{"href":"https:\/\/www.europesays.com\/es\/wp-json\/wp\/v2\/media?parent=666826"}],"wp:term":[{"taxonomy":"category","embeddable":true,"href":"https:\/\/www.europesays.com\/es\/wp-json\/wp\/v2\/categories?post=666826"},{"taxonomy":"post_tag","embeddable":true,"href":"https:\/\/www.europesays.com\/es\/wp-json\/wp\/v2\/tags?post=666826"}],"curies":[{"name":"wp","href":"https:\/\/api.w.org\/{rel}","templated":true}]}}