{"id":66685,"date":"2025-08-23T10:33:08","date_gmt":"2025-08-23T10:33:08","guid":{"rendered":"https:\/\/www.europesays.com\/es\/66685\/"},"modified":"2025-08-23T10:33:08","modified_gmt":"2025-08-23T10:33:08","slug":"carlos-de-la-fuente-el-memorial-es-y-seguira-siendo-la-cuna-del-corte","status":"publish","type":"post","link":"https:\/\/www.europesays.com\/es\/66685\/","title":{"rendered":"Carlos de la Fuente: \u00abEl Memorial es y seguir\u00e1 siendo la Cuna del Corte\u00bb"},"content":{"rendered":"<p>&#8211; Advertisement &#8211;<\/p>\n<p><strong>De la Fuente-. <\/strong>Ya nos quedan pocos d\u00edas para la celebraci\u00f3n de las Ferias y Fiestas de San Antol\u00edn y hay temas que vuelven a aflorar en los albores de estas fechas. Hoy hablamos del Memorial Jos\u00e9 Mar\u00eda de la Fuente \u00abPinturas\u00bb, de la Cuna del Corte que cumple 45 a\u00f1os este 2025. Historia viva del municipio de la que nos habla Carlos de la Fuente, presidente de la Asociaci\u00f3n Taurino Cultural \u00abLos Cortes\u00bb.<\/p>\n<p><strong>\u00bfQu\u00e9 nos encontramos en el cartel de este a\u00f1o?<\/strong><\/p>\n<p>Se trata de la imagen del \u00faltimo festejo que realizamos a festejo \u00fanico. Todos los cortadores han sido grandes, pero siempre hay, como en todos los oficios, quien destaca por muchos motivos. En este caso, la imagen del cartel de este a\u00f1o es Enrique de Frutos en la plaza de toros de Medina del Campo. Es un gran torero a cuerpo limpio, pero tambi\u00e9n un gran aficionado.<\/p>\n<p>La fotograf\u00eda corresponde a Fran Jim\u00e9nez, un gran amigo nuestro que ha colaborado en multitud de sitios con nosotros. Me acuerdo, al hablar de \u00e9l, de esa gran corresponsal que fue Jacinta Esteban, del Norte de Castilla. Me emociono al recordarla\u2026<\/p>\n<p>Por otro lado, tambi\u00e9n se ven las im\u00e1genes del Castillo de la Mota y de la Colegiata de San Antol\u00edn. Todas ellas obra de Ram\u00f3n Ortiz. Adem\u00e1s, el logo de Los Cortes de Pepe Puente. Pintor de Medina del Campo por los cuatro costados y creo que se merec\u00eda muchos m\u00e1s homenajes por parte de este municipio. Que yo conozca, estuvo en una exposici\u00f3n en la Caja de Ahorros y fue muy visitada por multitud de aficionados al mundo taurino, pero tambi\u00e9n de la cultura y autoridades. Hay que recordar que tambi\u00e9n realiz\u00f3 un cartel para los encierros medinenses, lo mejor de lo que puede presumir y ha presumido siempre Medina del Campo. Adem\u00e1s su hijo, Puente Jerez, tambi\u00e9n nos ha realizado varias esculturas para Los Cortes.<\/p>\n<p><strong>\u00abLa Cuna del Corte\u00bb, un emblema que siempre preside el cartel de este evento\u2026<\/strong><\/p>\n<p>Exactamente. Porque el Memorial Jos\u00e9 Mar\u00eda de la Fuente \u00abPinturas\u00bb siempre ser\u00e1 la cuna del corte. Siempre lo recordamos, pero nosotros decidimos dejar de hacer el festejo el \u00faltimo s\u00e1bado de agosto -hicimos una rueda de prensa al respecto- porque ya en el 2006 se ve\u00eda un mercadeo con todo esto del que no quer\u00edamos formar parte. Siempre supimos que esto era un premio, nunca lo denominamos concurso. Aqu\u00ed, desde su fundaci\u00f3n, se premia al mejor torero a cuerpo limpio; se sal\u00eda a cortar libremente a las capeas, por afici\u00f3n.<\/p>\n<p>Posteriormente se celebr\u00f3 a festejo \u00fanico pero jam\u00e1s se dej\u00f3 de lado la capea. En ella se premiaba a cortadores locales, regionales e infantiles. Y esto hay que subrayarlo porque as\u00ed se hac\u00eda y que no entre nadie a equivocaciones. Porque, aunque actualmente no, por aquel entonces s\u00ed hab\u00eda encierros infantiles.<\/p>\n<p>Ahora mismo se habla de cortes y de otras tantas mezclas m\u00e1s que no quiero ni mencionar, porque cada uno que sepa lo que hace. A la cuna del corte, que es el Memorial, y a esta asociaci\u00f3n en concreto, se le invit\u00f3 a la Real Maestranza de Caballer\u00eda de Sevilla para mostrar all\u00ed en qu\u00e9 consist\u00eda esta primera suerte del toreo. Y podemos decir orgullosos que compartimos cartel con la ganader\u00eda Miura y los matadores de toros Diego Puerta y Manolo V\u00e1zquez en estas jornadas taurinas. Y tambi\u00e9n es de sobra sabido que el primer premio de cortes que se realiza en la primera plaza del mundo, que son Las Ventas de Madrid, fue precisamente esta asociaci\u00f3n la que se traslad\u00f3 altruistamente hasta all\u00ed para llevar a cabo su organizaci\u00f3n bajo la batuta de la familia Lozano. Se nos ha requerido en multitud de lugares, como en La Rioja, en Medina de Rioseco, en Zaragoza y un largo etc\u00e9tera.<\/p>\n<p>Lo \u00fanico que siempre ha querido esta asociaci\u00f3n es dignificar el mundo del corte y sacar la cara por los cortadores. Siempre. Y si no, ah\u00ed est\u00e1 la hemeroteca. Mira, sin ir m\u00e1s lejos, el d\u00eda del festejo yo me reun\u00eda con todos ellos y en cinco minutos ten\u00edamos una charla. En ella les explicaba el funcionamiento de Medina del Campo, la seriedad de esta asociaci\u00f3n y el coste cero que supon\u00eda al Ayuntamiento. La empresa que ven\u00eda aqu\u00ed contratada por el Ayuntamiento es la que se llevaba los beneficios a excepci\u00f3n de los premios, que ten\u00edan que salir de las entradas.<\/p>\n<p>Siempre todo se nos ha hecho poco. Las galas, la entrega y edici\u00f3n de libros que se repart\u00edan totalmente gratuita a la poblaci\u00f3n y que costeaba esta asociaci\u00f3n en su totalidad. Homenajes como a la Corrida del Siglo. Puesta en valor a absolutamente todas las personas implicadas en un festejo: banderilleros, matadores, periodistas, cirujanos, m\u00e9dicos, presidentes\u2026<\/p>\n<p>Y, despu\u00e9s de todos estos a\u00f1os, tienes que ver c\u00f3mo en la retransmisi\u00f3n de festejos con cortes de novillos, que no me atrever\u00eda a saber c\u00f3mo llamarlos exactamente porque hay una mezcla de todo, se habla de ciertas cosas sin decir c\u00f3mo son. Parece que no interesa decir que esto naci\u00f3 de una asociaci\u00f3n de manera completamente altruista y que esta cuna del corte es el Memorial Jos\u00e9 Mar\u00eda de la Fuente \u00abPinturas\u00bb de Medina del Campo.<\/p>\n<p>La fiesta la nacional se defiende de base y por parte del aficionado. Y por supuesto, los festejos populares m\u00e1s si cabe. Cada uno presume de lo que puede tener y hay sitios que presumen con toda la raz\u00f3n del mundo, como Cu\u00e9llar con sus encierros. Pues por esa misma raz\u00f3n yo me seguir\u00e9 partiendo la cara por defender con todo el orgullo el nombre de mi hermano que, justo con este que est\u00e1 aqu\u00ed, fund\u00f3 el Primer Premio Nacional de Cortes de Novillos.<\/p>\n<p><strong>\u00bfCon qu\u00e9 se queda de todos estos a\u00f1os?<\/strong><\/p>\n<p>Son muchas cosas y no hay tiempo ni palabras para describirlas, pero un agradecimiento muy grande que yo siempre he tenido es con la pe\u00f1a El 7 de Madrid y con su presidente entonces, don Emilio Morales. Y por supuesto, jam\u00e1s olvidar\u00e1 el homenaje que hicieron a esta asociaci\u00f3n los toreros a cuerpo limpio que han pasado por el Memorial.<\/p>\n<p><strong>Hay una huella inmaterial, pero tambi\u00e9n otra que se palpa en las calles, como esa escultura y calle a Los Cortes de la que goza este municipio, Carlos<\/strong><\/p>\n<p>De la Fuente, el alcalde, ya se comprometi\u00f3 a instalar este monumento. Luego, por movimientos de la pol\u00edtica, lleg\u00f3 Francisco Grande a la Alcald\u00eda y continu\u00f3 adelante. A base de constancia y pedir presupuestos, se acept\u00f3 una propuesta y ah\u00ed est\u00e1 este monumento para la historia de Medina del Campo. Es un monumento, como dec\u00eda antes, para homenajear a los toreros a cuerpo limpio, sean de donde sean.<\/p>\n<p><strong>\u00bfIlusionado con este 45 aniversario?<\/strong><\/p>\n<p>Mira, ahora mismo, en este barito que est\u00e1 justo al lado de la redacci\u00f3n, y digo barito por el cari\u00f1o especial que le tengo, hace 45 a\u00f1os que se coloc\u00f3 el primer cartel del festejo de Cortes de Novillos en 1981. Entonces, originariamente, se denomin\u00f3 Premio Paula en honor a mi abuela. Un premio fundado por mi hermano y un servidor. Prueba de ello, otra vez, fueron los medios de comunicaci\u00f3n.<\/p>\n<p>Todo el mundo es bien recibido en esta asociaci\u00f3n. Pero tiene que entender que es una instituci\u00f3n muy seria -y no digo que las dem\u00e1s lo sean o no, hablo sencillamente por m\u00ed-. Como colaboradores, ah\u00ed est\u00e1n: los anunciados en el cartel. Ni uno m\u00e1s, ni uno menos. Llegamos hasta donde llegamos con el presupuesto que tenemos.<\/p>\n<p>El Ayuntamiento no nos da, claro que no. Pero tambi\u00e9n tengo que decir que tampoco les hemos pedido. No puedo decir entonces que no me da, cuando no se le ha pedido. S\u00ed pedimos a la anterior gobernante colaboraci\u00f3n para no perder el Museo ubicado en la avenida Portugal -que nos cedi\u00f3 altruistamente la familia de Constancio N\u00fa\u00f1ez por un tiempo- y obtuvimos la negativa por su parte, por ejemplo. Eso s\u00ed lo podemos decir.<\/p>\n<p><strong>\u00bfQu\u00e9 simbolizan para usted las Ferias y Fiestas de San Antol\u00edn?<\/strong><\/p>\n<p>No hay d\u00eda que no me acuerde de ellos. Con los trajines de los toros, estoy un d\u00eda s\u00ed y otro tambi\u00e9n volvi\u00e9ndome loco y mirando fotos, carteles y dem\u00e1s cosas de anta\u00f1o. Pero San Antol\u00edn, para m\u00ed, significa el todo. Al final te pones a hacer memoria andando por la calle y ves a amigos y conocidos que solo te encuentras con ellos en estas fechas. Se te vienen a la cabeza los recuerdos. Ves a gente de los pueblos con la que coincid\u00edas cuando ten\u00edas 12 o 13 a\u00f1os en las capeas, aquellos a\u00f1os en los que no hab\u00eda ni coche y ten\u00edas que disponer de alguien para que te llevara.<\/p>\n<p>Yo siempre he entendido que, en Medina del Campo, el encierro es la base primordial. F\u00edjate. Mi abuela, cuando no hab\u00eda encierros, me llevaba a ver vaquillas que se soltaban por la ma\u00f1ana. Luego volvieron los encierros y en las capeas ya se ve\u00edan a aut\u00e9nticos toreros a cuerpo limpio. Y hablo de muchos a\u00f1os atr\u00e1s: mi t\u00edo Ferm\u00edn el Herrero, Luciano Villaescusa, El Chato Medina, Jos\u00e9 Villaescusa que trabajaba en la Valenciana, El Melfo\u2026 gente que he apreciado, querido y que ya no est\u00e1n. Y lo bonito de San Antol\u00edn es que todos est\u00e1n presentes en el recuerdo. Por eso son d\u00edas muy intensos y emocionantes. Me acuerdo tambi\u00e9n de Mariano P\u00e9rez \u00abEl Pocero\u00bb\u2026 muchas cosas\u2026<\/p>\n<p><strong>\u00bfY las capeas?<\/strong><\/p>\n<p>Aunque es ya bien sabido, no est\u00e1 de m\u00e1s recordar que el Memorial Jos\u00e9 Mar\u00eda de la Fuente \u00abPinturas\u00bb premia al mejor corte de las capeas posteriores a los encierros tradicionales de San Antol\u00edn. Por lo tanto, las capeas son esenciales y siempre escenario de toreros a cuerpo limpio con la afici\u00f3n por bandera.<\/p>\n<p>En definitiva, para San Antol\u00edn siempre ha ido bien. Aunque no haya sido perfecto, desde toda mi vida ha sido bien. Creo que hay que sacar la cara por Medina del Campo. Yo siempre me he decantado por el mundo taurino, es verdad. Sobre las decisiones, para eso hay un equipo de Gobierno y hay una oposici\u00f3n. Son, al final, quienes dirigen. Y adem\u00e1s, que tiene que ser as\u00ed. Para eso est\u00e1n cada cuatro a\u00f1os las elecciones que hacen que los vecinos elijan lo que tengan que elegir. La cr\u00edtica en los bares est\u00e1 bien, pero al final la que vale es la que se hace dentro de un Ayuntamiento.<\/p>\n<p>Tambi\u00e9n hay que darse cuenta de una cosa, saber qu\u00e9 es lo que se quiere y lo que no se quiere. Saber qui\u00e9n saca la cara por el mundo taurino y te puede interesar si t\u00fa est\u00e1s en esa l\u00ednea, y qui\u00e9n no. Y eso puede ser muy determinante a la hora de votar.<\/p>\n<p>\u00a0<\/p>\n<p>\u00a0<\/p>\n<p>\u00a0<\/p>\n","protected":false},"excerpt":{"rendered":"&#8211; Advertisement &#8211; De la Fuente-. Ya nos quedan pocos d\u00edas para la celebraci\u00f3n de las Ferias y&hellip;\n","protected":false},"author":2,"featured_media":66686,"comment_status":"","ping_status":"","sticky":false,"template":"","format":"standard","meta":{"footnotes":""},"categories":[277],"tags":[517,373,3590,209,168,147,25,24,21989,21988,21990,21991,10,952,492,23,167,257,374,1607],"class_list":{"0":"post-66685","1":"post","2":"type-post","3":"status-publish","4":"format-standard","5":"has-post-thumbnail","7":"category-toreo","8":"tag-actualidad","9":"tag-bullfighting","10":"tag-castilla-y-leon","11":"tag-cultura","12":"tag-deportes","13":"tag-entretenimiento","14":"tag-es","15":"tag-espana","16":"tag-la-voz-de-medina","17":"tag-medina-del-campo","18":"tag-medinadelcampohoy","19":"tag-medinense","20":"tag-noticias","21":"tag-politica","22":"tag-sociedad","23":"tag-spain","24":"tag-sports","25":"tag-sucesos","26":"tag-toreo","27":"tag-valladolid"},"share_on_mastodon":{"url":"","error":""},"_links":{"self":[{"href":"https:\/\/www.europesays.com\/es\/wp-json\/wp\/v2\/posts\/66685","targetHints":{"allow":["GET"]}}],"collection":[{"href":"https:\/\/www.europesays.com\/es\/wp-json\/wp\/v2\/posts"}],"about":[{"href":"https:\/\/www.europesays.com\/es\/wp-json\/wp\/v2\/types\/post"}],"author":[{"embeddable":true,"href":"https:\/\/www.europesays.com\/es\/wp-json\/wp\/v2\/users\/2"}],"replies":[{"embeddable":true,"href":"https:\/\/www.europesays.com\/es\/wp-json\/wp\/v2\/comments?post=66685"}],"version-history":[{"count":0,"href":"https:\/\/www.europesays.com\/es\/wp-json\/wp\/v2\/posts\/66685\/revisions"}],"wp:featuredmedia":[{"embeddable":true,"href":"https:\/\/www.europesays.com\/es\/wp-json\/wp\/v2\/media\/66686"}],"wp:attachment":[{"href":"https:\/\/www.europesays.com\/es\/wp-json\/wp\/v2\/media?parent=66685"}],"wp:term":[{"taxonomy":"category","embeddable":true,"href":"https:\/\/www.europesays.com\/es\/wp-json\/wp\/v2\/categories?post=66685"},{"taxonomy":"post_tag","embeddable":true,"href":"https:\/\/www.europesays.com\/es\/wp-json\/wp\/v2\/tags?post=66685"}],"curies":[{"name":"wp","href":"https:\/\/api.w.org\/{rel}","templated":true}]}}