{"id":666881,"date":"2026-07-19T21:52:18","date_gmt":"2026-07-19T21:52:18","guid":{"rendered":"https:\/\/www.europesays.com\/es\/666881\/"},"modified":"2026-07-19T21:52:18","modified_gmt":"2026-07-19T21:52:18","slug":"el-uae-piensa-en-el-tour-de-francia-para-pogacar-y-luego-vera-si-del-toro-puede-ser-segundo-esciclismo","status":"publish","type":"post","link":"https:\/\/www.europesays.com\/es\/666881\/","title":{"rendered":"El UAE piensa en el Tour de Francia para Pogacar y luego ver\u00e1 si Del Toro puede ser segundo &#8211; Esciclismo"},"content":{"rendered":"<ol>\n<li><a href=\"https:\/\/news.google.com\/rss\/articles\/CBMiakFVX3lxTE9NWk9JTGpQN3pGOF9lX0swNWJ1UEF4cGRSbGVrSjhsRUdscWwtNzdoQjVrTmRiYlFWV2NjZUFZSFhrWHdUaEJGaU5jYWlqR1NtYXYzU1pRdldJaU9YUlNHOGFwa2hQdkdWM0E?oc=5\" target=\"_blank\" rel=\"nofollow noopener\">El UAE piensa en el Tour de Francia para Pogacar y luego ver\u00e1 si Del Toro puede ser segundo<\/a>&nbsp;&nbsp;Esciclismo<\/li>\n<li><a href=\"https:\/\/news.google.com\/rss\/articles\/CBMingFBVV95cUxOSTh0OE03ZXFKcjNycG1mS2cteHdQalAwblNPMVBQUW9PaFY0RVhPVmYwZHRwUzV5aVVuSWxmUXU5TkhQRnVhNWoxR29hLTNrcmI3OTlKaWFRNWVpM2h3NVpTeW1vTzRWS0puZHNNeHBlZG5MSERxR3NMZm1acnZCMEZJOXJ0bkJiYmRuRXlRbFNMaTFHYUR3TFVkZktnUdIBngFBVV95cUxNVmF1b2Izemg0aC1QY2MzYTAtTU1qcFZFaGFtSjdkNTdjbGMyZGVCNFpoZXJYTFZYeUpHMkFzUTBpeHBBUHVmLVVMVjc4WVZKQnZUNVV3S0l6cG5XNTY4QVRBN1pXUEVpcHgtMG5tNDhmMzVQQUpYMXUzWUlXbjVMMU92TFlrRWN5UlhoZ1gxb1RjVjkwNmw2M20wa1FwQQ?oc=5\" target=\"_blank\" rel=\"nofollow noopener\">Seis aspirantes por sus migajas y el aviso de Pogacar sobre Seixas: \u00abProt\u00e9janle y pronto brillar\u00e1\u00bb<\/a>&nbsp;&nbsp;El Mundo<\/li>\n<li><a href=\"https:\/\/news.google.com\/rss\/articles\/CBMiogFBVV95cUxNNXhFcGFTQlRhWGM1c0NqdXlwSVFHZjl2TU9NLXVPOXUzY25RZkpmd0haTXdCUHY0YUtJbmVJazByS3hrTFVCVk1wTGtpQUREczJVUGd2UEd0RjFQck55NFhBenNRWjBWejI2azluTUpFeE56cjBkQm15MVhMM2JwRG5QS0lWb2NqWVZuR1Q3U1R5eGhoMDN0MnU4TGx3eEM1d0E?oc=5\" target=\"_blank\" rel=\"nofollow noopener\">Pogacar explic\u00f3 su t\u00e1ctica en el Tour: protegi\u00f3 a Del Toro<\/a>&nbsp;&nbsp;Ciclismo Internacional<\/li>\n<li><a href=\"https:\/\/news.google.com\/rss\/articles\/CBMi6gFBVV95cUxOVnRmZ2trNkJZOWVVcDNJQTk5anBYZXBmdGFfc2gyOHdvRzRHSENMT1psa3JpWUFSSnlDYUxHUDZwNEtFV05kLW5zNHVRVmZ6S0Q5d0ZSbG5VMTdCWnNZOGFpUWFYam1YRjYtRENjUlVRMUM4Vzd3cG9vWmJwd3R2bXR2dGNnS2dfNXVvX1VSQnBnUFBKWGdTWGlXN0l1d3kzSEZDRkUzeDlSTlZ3bm5ENkZlQ2NNX1c3bHlvZmpvM0tUSmJEQWpuanZFQUNYNEdzY3V4S21wcWRnVE84TEVTS0ZXRm9DeUZuaXfSAe8BQVVfeXFMUGxvRm1hMnJ1YUZ5bXlWeDJ1X1lyVW9YQzNGNDIwX3Fid1AyY3ZZWnVHazN0MURYMkowcWlvaXA1WmtIaHZKek1VR2FZbzRteDZlT1lVam9UNWFLSzlOQmdMakg1QkY0QlNwVkVaQWgxSWtHcW9yNkNJMlVIeS03MF9TaEkzWGtkVlIyTkppLXYwd0EweG9iUXAwY21kZjMzcHNJSHhHSXBwNDhmSzRrNzBtdld6VURlYTJsRTMwTk1mclEzeTc0cjVITkktTzhhcWZSNXdwMWRlSWF2eDQ4c2xxOWExNlM4d3l6eUtuMFE?oc=5\" target=\"_blank\" rel=\"nofollow noopener\">Pogacar va de sobrado y se r\u00ede de Vingegaard en el Tour de Francia: \u201cNo le quise atacar antes&#8230;\u201d<\/a>&nbsp;&nbsp;Diario del Triatl\u00f3n<\/li>\n<li><a href=\"https:\/\/news.google.com\/rss\/articles\/CBMinwFBVV95cUxPVmpQMzU4dzlsQVdnUGFFY3ROVWR3TVdrbE5vRmJnSDF0LXludmUxRjNSWUFQWXpJSFREajBaeTd1YkRnSGVIOHNjWXhlQ0hzR1NpMzVGb2NnZkhUVXc0X1lVbUxMcGtEd3JWelhoY09vbGozeDlDYTBhTmRDVUlpZHVvbkpmUEc1ZUgxQk91S3FHRHBmcHRjc2V6REJDOGc?oc=5\" target=\"_blank\" rel=\"nofollow noopener\">Hinault: \u00abLa motivaci\u00f3n de Pogacar en este Tour ser\u00e1 que Del Toro sea segundo\u00bb<\/a>&nbsp;&nbsp;Yahoo<\/li>\n<\/ol>\n","protected":false},"excerpt":{"rendered":"El UAE piensa en el Tour de Francia para Pogacar y luego ver\u00e1 si Del Toro puede ser&hellip;\n","protected":false},"author":2,"featured_media":666882,"comment_status":"","ping_status":"","sticky":false,"template":"","format":"standard","meta":{"footnotes":""},"categories":[273],"tags":[808,21448,28488,313,312,56434,168,11956,4083,551,622,25,3871,24,874,314,8733,14269,317,119637,10708,324,138,10764,14499,661,120501,549,3576,2074,1566,8777,292,349,23,167,548,913,316,2886,550,325,552],"class_list":["post-666881","post","type-post","status-publish","format-standard","has-post-thumbnail","category-ciclismo","tag-ahora","tag-aun","tag-casi","tag-ciclismo","tag-cycling","tag-decidido","tag-deportes","tag-desde","tag-desvela","tag-emirates","tag-equipo","tag-es","tag-esloveno","tag-espana","tag-esta","tag-etapa","tag-evidencia","tag-favor","tag-francia","tag-gavarnie","tag-isaac","tag-jonas","tag-meta","tag-mexicano","tag-minuto","tag-objetivo","tag-ocupa","tag-pogacar","tag-puesto","tag-que","tag-segundo","tag-septimo","tag-sexta","tag-siguiente","tag-spain","tag-sports","tag-tadej","tag-toro","tag-tour","tag-triunfo","tag-uae","tag-vingegaard","tag-xrg"],"share_on_mastodon":{"url":"https:\/\/pubeurope.com\/@es\/116948863975972157","error":""},"_links":{"self":[{"href":"https:\/\/www.europesays.com\/es\/wp-json\/wp\/v2\/posts\/666881","targetHints":{"allow":["GET"]}}],"collection":[{"href":"https:\/\/www.europesays.com\/es\/wp-json\/wp\/v2\/posts"}],"about":[{"href":"https:\/\/www.europesays.com\/es\/wp-json\/wp\/v2\/types\/post"}],"author":[{"embeddable":true,"href":"https:\/\/www.europesays.com\/es\/wp-json\/wp\/v2\/users\/2"}],"replies":[{"embeddable":true,"href":"https:\/\/www.europesays.com\/es\/wp-json\/wp\/v2\/comments?post=666881"}],"version-history":[{"count":0,"href":"https:\/\/www.europesays.com\/es\/wp-json\/wp\/v2\/posts\/666881\/revisions"}],"wp:featuredmedia":[{"embeddable":true,"href":"https:\/\/www.europesays.com\/es\/wp-json\/wp\/v2\/media\/666882"}],"wp:attachment":[{"href":"https:\/\/www.europesays.com\/es\/wp-json\/wp\/v2\/media?parent=666881"}],"wp:term":[{"taxonomy":"category","embeddable":true,"href":"https:\/\/www.europesays.com\/es\/wp-json\/wp\/v2\/categories?post=666881"},{"taxonomy":"post_tag","embeddable":true,"href":"https:\/\/www.europesays.com\/es\/wp-json\/wp\/v2\/tags?post=666881"}],"curies":[{"name":"wp","href":"https:\/\/api.w.org\/{rel}","templated":true}]}}