{"id":666907,"date":"2026-07-19T22:08:12","date_gmt":"2026-07-19T22:08:12","guid":{"rendered":"https:\/\/www.europesays.com\/es\/666907\/"},"modified":"2026-07-19T22:08:12","modified_gmt":"2026-07-19T22:08:12","slug":"la-presidenta-de-la-seccion-que-ha-avalado-al-juez-peinado-contra-begona-gomez-aspira-a-la-sala-de-lo-penal-del-supremo","status":"publish","type":"post","link":"https:\/\/www.europesays.com\/es\/666907\/","title":{"rendered":"La presidenta de la Secci\u00f3n que ha avalado al juez Peinado contra Bego\u00f1a G\u00f3mez aspira a la Sala de lo Penal del Supremo"},"content":{"rendered":"<p class=\"article-text\">\n        El juez Juan Carlos Peinado perder\u00e1 protagonismo en las pr\u00f3ximas horas o d\u00edas en el caso contra Bego\u00f1a G\u00f3mez. Cinco jueces de la Audiencia Provincial de Madrid ya han adoptado la decisi\u00f3n clave sobre la mujer del presidente del Gobierno: <a href=\"https:\/\/www.eldiario.es\/politica\/audiencia-madrid-avala-peinado-ordena-juzgar-begona-gomez-tribunal-jurado-delitos_1_13380532.html\" target=\"_blank\" data-mrf-recirculation=\"links-noticia\" class=\"link\" rel=\"nofollow noopener\">avalan la parte sustancial de la atrabiliaria instrucci\u00f3n<\/a> del magistrado y G\u00f3mez acabar\u00e1 sentada ante un tribunal del jurado por los delitos de tr\u00e1fico de influencias y malversaci\u00f3n. En esa decisi\u00f3n ha tenido un papel clave Mar\u00eda del Rosario Esteban Meil\u00e1n, presidenta de la Secci\u00f3n 23 de la Audiencia Provincial, quien acord\u00f3 que fueran los cinco magistrados que la componen quienes participen en la decisi\u00f3n sobre lo que ella y dos m\u00e1s han venido haciendo hasta ahora.\n    <\/p>\n<p class=\"article-text\">\n        Esteban Meil\u00e1n es una de las aspirantes a alcanzar la cumbre profesional de cualquier magistrado especializado en Derecho Penal: acceder a la Sala Segunda del Tribunal Supremo a trav\u00e9s de una de las plazas que se deben renovar en los pr\u00f3ximos meses por jubilaci\u00f3n. Fuentes del Poder Judicial sit\u00faan en septiembre el comienzo de las entrevistas, despu\u00e9s de los primeros encontronazos entre los sectores conservador y progresista sobre los candidatos y los tiempos para los nombramientos. La Sala Segunda es la m\u00e1xima instancia penal y recientemente ha condenado al exministro socialista Jos\u00e9 Luis \u00c1balos a 24 a\u00f1os de c\u00e1rcel y a dos a\u00f1os de inhabilitaci\u00f3n al ex fiscal general \u00c1lvaro Garc\u00eda Ortiz.\n    <\/p>\n","protected":false},"excerpt":{"rendered":"El juez Juan Carlos Peinado perder\u00e1 protagonismo en las pr\u00f3ximas horas o d\u00edas en el caso contra Bego\u00f1a&hellip;\n","protected":false},"author":2,"featured_media":666908,"comment_status":"","ping_status":"","sticky":false,"template":"","format":"standard","meta":{"footnotes":""},"categories":[8],"tags":[9678,114860,7421,17,18,25,24,13,14,4190,11,1664,19,20,9,10,15,16,24182,7545,14107,3932,13684,23,8312,12,21,22],"class_list":["post-666907","post","type-post","status-publish","format-standard","has-post-thumbnail","category-espana","tag-aspira","tag-avalado","tag-begona","tag-breaking-news","tag-breakingnews","tag-es","tag-espana","tag-featured-news","tag-featurednews","tag-gomez","tag-headlines","tag-juez","tag-latest-news","tag-latestnews","tag-news","tag-noticias","tag-noticias-destacadas","tag-noticiasdestacadas","tag-peinado","tag-penal","tag-presidenta","tag-sala","tag-seccion","tag-spain","tag-supremo","tag-titulares","tag-ultimas-noticias","tag-ultimasnoticias"],"share_on_mastodon":{"url":"https:\/\/pubeurope.com\/@es\/116948926924217262","error":""},"_links":{"self":[{"href":"https:\/\/www.europesays.com\/es\/wp-json\/wp\/v2\/posts\/666907","targetHints":{"allow":["GET"]}}],"collection":[{"href":"https:\/\/www.europesays.com\/es\/wp-json\/wp\/v2\/posts"}],"about":[{"href":"https:\/\/www.europesays.com\/es\/wp-json\/wp\/v2\/types\/post"}],"author":[{"embeddable":true,"href":"https:\/\/www.europesays.com\/es\/wp-json\/wp\/v2\/users\/2"}],"replies":[{"embeddable":true,"href":"https:\/\/www.europesays.com\/es\/wp-json\/wp\/v2\/comments?post=666907"}],"version-history":[{"count":0,"href":"https:\/\/www.europesays.com\/es\/wp-json\/wp\/v2\/posts\/666907\/revisions"}],"wp:featuredmedia":[{"embeddable":true,"href":"https:\/\/www.europesays.com\/es\/wp-json\/wp\/v2\/media\/666908"}],"wp:attachment":[{"href":"https:\/\/www.europesays.com\/es\/wp-json\/wp\/v2\/media?parent=666907"}],"wp:term":[{"taxonomy":"category","embeddable":true,"href":"https:\/\/www.europesays.com\/es\/wp-json\/wp\/v2\/categories?post=666907"},{"taxonomy":"post_tag","embeddable":true,"href":"https:\/\/www.europesays.com\/es\/wp-json\/wp\/v2\/tags?post=666907"}],"curies":[{"name":"wp","href":"https:\/\/api.w.org\/{rel}","templated":true}]}}