{"id":66695,"date":"2025-08-23T10:40:16","date_gmt":"2025-08-23T10:40:16","guid":{"rendered":"https:\/\/www.europesays.com\/es\/66695\/"},"modified":"2025-08-23T10:40:16","modified_gmt":"2025-08-23T10:40:16","slug":"una-espana-sin-bote-en-la-que-brizuela-hara-de-brown-y-aldama-y-juancho-marcaran-el-calado-del-equipo","status":"publish","type":"post","link":"https:\/\/www.europesays.com\/es\/66695\/","title":{"rendered":"una Espa\u00f1a sin bote en la que Brizuela har\u00e1 de \u2018Brown\u2019 y Aldama y Juancho marcar\u00e1n el calado del equipo"},"content":{"rendered":"<p class=\"ft-text\">Sergio Scariolo ofreci\u00f3, a la conclusi\u00f3n del partido que midi\u00f3 a Espa\u00f1a con Alemania en Madrid que ganaron los teutones en la pr\u00f3rroga (105-106), la lista de jugadores que participar\u00e1n en el Eurobasket, que arranca a mediados de la pr\u00f3xima semana. <strong>Una docena de jugadores entre los que destaca la baja de \u00faltima hora de Alberto D\u00edaz, j<\/strong>ugador de Unicaja, que<strong> se suma a la del madridista Alberto Abalde, <\/strong>que se march\u00f3 de la concentraci\u00f3n por una lesi\u00f3n muscular,<strong> al igual que su excompa\u00f1ero de club Eli John Ndiaye. <\/strong>Otro que no lleg\u00f3 a incorporarse a la concentraci\u00f3n fue Lorenzo Brown, quien no participar\u00e1 por un asunto personal.<\/p>\n<p>BASES-ESCOLTAS<\/p>\n<p class=\"ft-text\">La posici\u00f3n que genera m\u00e1s dudas, por la juventud de sus jugadores, donde no habr\u00e1 nombres de peso como los de Sergio Llull, que ha dejado la selecci\u00f3n y fue homenajeado en los proleg\u00f3menos del partido ante Alemania; tampoco estar\u00e1 el retirado Rudy Fern\u00e1ndez, ni un Ricky Rubio que ha anunciado su regresa al Joventut tras su paso por la NBA. Rubio y Scariolo hablaron, pero ambos han coincidido en que no era buena idea que el base estuviese en la lista porque lleva mucho tiempo sin competir.<\/p>\n<p><img decoding=\"async\" src=\"https:\/\/www.europesays.com\/es\/wp-content\/uploads\/2025\/08\/4323201c-2a62-405a-a142-a55bf571f92a_alta-libre-aspect-ratio_default_0.jpg\" width=\"1200\" height=\"799\" alt=\"Dar\u00edo Brizuela lanza un triple durante el partido amistoso que Espa\u00f1a y Alemania disputan este jueves en el Madrid Arena.\" class=\"ft-helper-img-rd\" loading=\"lazy\" hasdataaida=\"true\"\/><\/p>\n<p class=\"ft-helper-fontColor-quaternary ft-helper-fontSize-body-S ft-helper-spacer-t-xxs\">Dar\u00edo Brizuela lanza un triple durante el partido amistoso que Espa\u00f1a y Alemania disputan este jueves en el Madrid Arena.  \/ Mariscal \/ EFE<\/p>\n<p class=\"ft-text\"><strong>As\u00ed que los elegidos son Sergio de Larrea y Mario Saint-Sup\u00e9ry, como bases puros de la convocatoria. Y a ellos se sumar\u00e1 Dar\u00edo Brizuela, <\/strong>quien partiendo de la posici\u00f3n de 2, ejercer\u00e1 de &#8216;uno&#8217; durante los minutos que haga falta, como ya hizo ante Alemania. <a class=\"ft-link ft-link--decoration\" href=\"https:\/\/www.sport.es\/es\/noticias\/baloncesto\/brizuela-entrevista-seleccion-espanola-de-baloncesto-eurobasket-120774918\" rel=\"nofollow noopener\" target=\"_blank\">En la entrevista que \u2018La Mamba vasca\u2019 concedi\u00f3 a EL PERI\u00d3DICO<\/a> hace unos d\u00edas, ya advirti\u00f3 que trabajaba con esa posibilidad: \u201cEs algo me ha tocado hacer este a\u00f1o en el Bar\u00e7a. Se me har\u00eda m\u00e1s complicado si no lo hubiera hecho durante esta temporada. S\u00ed que lo puedo hacer y en los entrenos intento estar pendiente de lo que me tocar\u00eda hacer en caso de ocupar ese rol. Pero y<strong>o tengo mucha fe en &#8216;Larry&#8217; y en Mario. A\u00fan as\u00ed estoy preparado por si se da la circunstancia en el partido o para cualquier cosa que se pueda dar\u201d. <\/strong>Adem\u00e1s, el donostiarra, dej\u00f3 patente su confianza en Larrea y Saint-Sup\u00e9ry: \u201cSon dos jugadores que, si me permites la expresi\u00f3n, tienen huevos. Y eso es fundamental en gente joven. La capacidad la tienen muchos, ellos en particular de sobra. Pero luego tienes que ser capaz, ante el reto, de no hacerte peque\u00f1o y seguir confiando en ti. Los dos juegan de uno, m\u00e1s \u2018Larry\u2019 que Mario. Mario creo que es m\u00e1s explosivo y tiene interiorizado meter m\u00e1s puntos, mientras que &#8216;Larry&#8217; es alguien que dirige m\u00e1s. No es un base a la antigua. Es muy grande y puede hacer muchas cosas. Son jugadores que re\u00fanen caracter\u00edsticas para ser los siguientes grandes jugadores en nuestro pa\u00eds\u201d.<\/p>\n<p class=\"ft-text\">B<strong>rizuela le da a Scariolo la posibilidad de<\/strong> contar con \u00e9l como \u2018uno\u2019, pero sobre todo <strong>cubre el rol de jugador anotador que ha perdido el equipo tras la baja de Lorenzo Brown. Aunque la idea del seleccionador era generar el juego desde el bote, tendr\u00e1 que hacerlo desde el pase, <\/strong>utilizando m\u00e1s los bloqueos y la pizarra para generar esas situaciones de ventaja. Brizuela, que ha completado una gran temporada en el Bar\u00e7a, asumi\u00f3 ese rol anotador ante Alemania, anotando 22 puntos saliendo del banquillo. <strong>Larrea es el base natural del equipo, pero con sus dos metros de altura puede aportar muchas cosas desde la superioridad f\u00edsica, mientras Mario ofrece un perfil m\u00e1s explosivo y anotador<\/strong>. Scariolo siempre ha querido tener energ\u00eda en el banquillo para utilizarla luego en los partidos, lo que invita a pensar que ese plus lo dar\u00e1n Brizuela y Saint-Sup\u00e9ry saliendo desde el banco.<\/p>\n<p>ALEROS <\/p>\n<p class=\"ft-text\">El juego exterior lo conforman <strong>Xabi L\u00f3pez-Arostegui, Joel Parra, Josep Puerto y Santi Yusta.<\/strong> Los dos \u00faltimos estaban llamados a jugarse un hueco entre ellos en la lista, pero la baja de Abalde permite dar entrada a ambos. El \u2018ma\u00f1o\u2019 Santi Yusta es el anotador m\u00e1s natural que tiene el seleccionador, un jugador con rango de tiro acostumbrado a asumir esa responsabilidad de inicio. Pero en el grupo tambi\u00e9n hay otros jugadores con capacidad. Aparece <strong>un jugador fetiche para Scariolo por su versatilidad: L\u00f3pez-Arostegui<\/strong>. Quien adem\u00e1s, con la baja de Abalde, ganar\u00e1 protagonismo. <strong>Joel Parra es un jugador \u201cespecial\u201d, como ha advertido m\u00e1s de una vez el seleccionador. Zurdo, con tiro exterior, car\u00e1cter y muy buena lectura de las defensas, <\/strong>es otro generador de ventaja desde esa posici\u00f3n. Puerto, por su parte, es un glue player&#8217;, un &#8216;jugador pegamento&#8217; que cohesiona al equipo acon su perfil m\u00e1s sacrificado porque rebotea, defiende y tambi\u00e9n puede sumar en ataque con su buena mano. Los cuatro deben desterrar las dudas que ha generado el tiro exterior en el mes de preparaci\u00f3n porque tendr\u00e1n que abrir las zonas con su mu\u00f1eca.<\/p>\n<p><img decoding=\"async\" src=\"https:\/\/www.europesays.com\/es\/wp-content\/uploads\/2025\/08\/62bbd55e-4774-4b67-a767-51510d7f615e_alta-libre-aspect-ratio_default_0.jpg\" width=\"1200\" height=\"797\" alt=\"Willy Hernang\u00f3mez, durante un partido con la selecci\u00f3n espa\u00f1ola de baloncesto.\" class=\"ft-helper-img-rd\" loading=\"lazy\" hasdataaida=\"true\"\/><\/p>\n<p class=\"ft-helper-fontColor-quaternary ft-helper-fontSize-body-S ft-helper-spacer-t-xxs\">Willy Hernang\u00f3mez, durante un partido con la selecci\u00f3n espa\u00f1ola de baloncesto.  \/ ALBERTO NEVADO \/ FEB<\/p>\n<p>PIVOTS <\/p>\n<p class=\"ft-text\">En la pintura aparecen los nombres esperados: los hermanos Hernang\u00f3mez (Juancho y Willy), un Jaime Pradilla que sigue creciendo, el que debe ser el jugador franquicia (Santi Aldama), y un Yankuba Sima que debe aportar intimidaci\u00f3n y dar descanso a Willy para que llegue fresco a los minutos decisivos de los partidos. <strong>El mayor de los Hern\u00e1ng\u00f3mez se transforma con la selecci\u00f3n<\/strong> y es un jugador m\u00e1s decisivo. Lo ha vuelto a demostrar esta preparaci\u00f3n y no hay dudas sobre \u00e9l. Su hermano, que en Grecia ha mostrado un perfil defensivo determinante (tanto en rebotes como secando a rivales), debe dar un paso adelante en lo ofensivo. <strong>Scariolo necesita la mejor versi\u00f3n de Juancho, la del MVP de la \u00faltima final, <\/strong>para abrir las zonas rivales con sus triples y su agresividad ofensiva. Pradilla sumar\u00e1 en las dos zonas y Sima debe poner el factor f\u00edsico asumiendo el rol defensivo que ten\u00edan Ibaka o Garuba. Por \u00faltimo,<strong> Aldama tiene que demostrar su jerarqu\u00eda, su pedigr\u00ed NBA con rango para tener m\u00e1s bal\u00f3n en las manos y atacar con agresividad el aro para generar lanzamientos, ya sean suyos o de sus compa\u00f1eros.<\/strong> El canario es un gran lector de juego y Scariolo conf\u00eda en que se haya recuperado de sus molestias, que le han mantenido dos semanas apartado, para asumir el rol protagonista que todos esperan que tenga.<\/p>\n","protected":false},"excerpt":{"rendered":"Sergio Scariolo ofreci\u00f3, a la conclusi\u00f3n del partido que midi\u00f3 a Espa\u00f1a con Alemania en Madrid que ganaron&hellip;\n","protected":false},"author":2,"featured_media":66696,"comment_status":"","ping_status":"","sticky":false,"template":"","format":"standard","meta":{"footnotes":""},"categories":[268],"tags":[299,168,25,24,301,280,282,12182,2873,3049,281,23,167],"class_list":{"0":"post-66695","1":"post","2":"type-post","3":"status-publish","4":"format-standard","5":"has-post-thumbnail","7":"category-futbol","8":"tag-baloncesto","9":"tag-deportes","10":"tag-es","11":"tag-espana","12":"tag-eurobasket","13":"tag-football","14":"tag-futbol","15":"tag-lista","16":"tag-scariolo","17":"tag-sergio-scariolo","18":"tag-soccer","19":"tag-spain","20":"tag-sports"},"share_on_mastodon":{"url":"","error":""},"_links":{"self":[{"href":"https:\/\/www.europesays.com\/es\/wp-json\/wp\/v2\/posts\/66695","targetHints":{"allow":["GET"]}}],"collection":[{"href":"https:\/\/www.europesays.com\/es\/wp-json\/wp\/v2\/posts"}],"about":[{"href":"https:\/\/www.europesays.com\/es\/wp-json\/wp\/v2\/types\/post"}],"author":[{"embeddable":true,"href":"https:\/\/www.europesays.com\/es\/wp-json\/wp\/v2\/users\/2"}],"replies":[{"embeddable":true,"href":"https:\/\/www.europesays.com\/es\/wp-json\/wp\/v2\/comments?post=66695"}],"version-history":[{"count":0,"href":"https:\/\/www.europesays.com\/es\/wp-json\/wp\/v2\/posts\/66695\/revisions"}],"wp:featuredmedia":[{"embeddable":true,"href":"https:\/\/www.europesays.com\/es\/wp-json\/wp\/v2\/media\/66696"}],"wp:attachment":[{"href":"https:\/\/www.europesays.com\/es\/wp-json\/wp\/v2\/media?parent=66695"}],"wp:term":[{"taxonomy":"category","embeddable":true,"href":"https:\/\/www.europesays.com\/es\/wp-json\/wp\/v2\/categories?post=66695"},{"taxonomy":"post_tag","embeddable":true,"href":"https:\/\/www.europesays.com\/es\/wp-json\/wp\/v2\/tags?post=66695"}],"curies":[{"name":"wp","href":"https:\/\/api.w.org\/{rel}","templated":true}]}}