{"id":666985,"date":"2026-07-19T23:11:14","date_gmt":"2026-07-19T23:11:14","guid":{"rendered":"https:\/\/www.europesays.com\/es\/666985\/"},"modified":"2026-07-19T23:11:14","modified_gmt":"2026-07-19T23:11:14","slug":"trump-saluda-a-felipe-vi-y-pedro-sanchez-en-el-palco-de-la-final-expansion","status":"publish","type":"post","link":"https:\/\/www.europesays.com\/es\/666985\/","title":{"rendered":"Trump saluda a Felipe VI y Pedro S\u00e1nchez en el palco de la final &#8211; Expansi\u00f3n"},"content":{"rendered":"<ol>\n<li><a href=\"https:\/\/news.google.com\/rss\/articles\/CBMimAFBVV95cUxQZFBfUmpxWUVERjJCdXc3aUdPcmRmYmoycUZTcy1GVi1FbFlXOXlfa2QtOGtjREM0dFhtT01VSG40T3Bmamp6YS1aM0R2d3h5OURYZGVCdnJKTHBlUG1SbXByYTFURmJwNEEtTTRobFB4SThFZ2swT1RwV3QwN1RmaHhWVlBXeGIwYnpLSnVrQWh6Um12S21VTNIBmAFBVV95cUxQTWhIczFBSFBTcnBWYW5NZ1JETFlUbHVHOVFaNWYybDYwd1FOZ1FtbnJkVEp1aGlJXzJPM0loeUdJNTVzNEs3UVlUVlg5N1prMVZjTTdrRmVvaHhTRHZpaGhDTlpCZVhiaWVvNnJURl9SV2hOOV9CWklseC1ValRGdXFlR1VnUUp0TEZTdGplMEdNcGlqQ2EwYQ?oc=5\" target=\"_blank\" rel=\"nofollow noopener\">Trump saluda a Felipe VI y Pedro S\u00e1nchez en el palco de la final<\/a>&nbsp;&nbsp;Expansi\u00f3n<\/li>\n<li><a href=\"https:\/\/news.google.com\/rss\/articles\/CBMiggJBVV95cUxQUHdPVERUd1NaRFllZ2xkUHlyRHJndGZRLWk2bktwdEpRNWtyNmlUYm1YX1c3UVlMOWtCS3NPVVgxalg2MGpraE04VjJWWkNGb000UktBRWtwdkl3aWhraW1PVlJXX0hOZGg5TVFuUEQxVWxUU3I3dWN1N01iMWdsVXJ5WVg2LV95bFk3bFVLUFFhXzVnOFdselAxOF9pVFZGbzlyWHdOeXcxSU5Gekk0UktGenNiTnFqemxnd2IzZHRmNFRqdzhqYnBGd2FUUGc3SGdPekxoSXNpOFhvNzVDQ3h3cTlPeXhTVWJKWWRPd3hKVWVKN29PMXYtbHoxekcwZUE?oc=5\" target=\"_blank\" rel=\"nofollow noopener\">El palco de las pocas palabras: Trump y S\u00e1nchez aparcan temporalmente las diferencias durante la final del Mundial<\/a>&nbsp;&nbsp;EL PA\u00cdS<\/li>\n<li><a href=\"https:\/\/news.google.com\/rss\/articles\/CBMinAFBVV95cUxQWDR0TFJLUzZvNE1mYTZSSEREMTZXcU5JTXNZS2wwT09mMHlwZlVPQl94QlpUTWRuLUtmUDBIN0NHNGtlWFJhMUgyRUdYYmJ1X3Q4TDBhWjRxWE1nTlduU2ZQRGQybllncTUtU3JzVks2c2ViZVJNS19BNW1nSGNuX1NLWEpjcndZeVNmRGJpZk15YVp2UzQ2MlV0MHo?oc=5\" target=\"_blank\" rel=\"nofollow noopener\">Trump saluda a Pedro S\u00e1nchez y a los reyes en el palco de autoridades de la final del Mundial de F\u00fatbol<\/a>&nbsp;&nbsp;RTVE.es<\/li>\n<li><a href=\"https:\/\/news.google.com\/rss\/articles\/CBMi1AFBVV95cUxONW0zcllQWHY3b1BlU2RzQThCYVJwU1NzZV9QS1FBRmJFcHJ2dlVWSFJucXBkSmhsWmgzYVg2ampYaFNKc2NMWE1KQlVyRmZKTnBuc3ZMUS1oZ1B3dnNWVlVnNzhRa2E4QjJFTEpqYXdobWJidVR4NmM1RUZpb0J1TFhTYmpST0VGVDloQnZ2aFRoR0U1WnVjazBOY0NoX3VWV2JHc1kxQmxsWVBDYVVGUC1hQnN2U0t6QjBjTnFlOUZLWkEzVjRFajh0cmpSNGtsOEo5U9IB2gFBVV95cUxObi1EUkJlZlgtQ3psWU1QZzVLOGpidjBsak43MGVQWVhCTzA2cHduZUtWV0RlZWMxVDZwelpKS0hhVk9OcV9CY3ZtUWxhclBXUUN3akgyaE5OU3pPdmNRMEtRVGR5UVo4Y0N1RldFWDdYcDNqbzF1bEVFYUVUaFl3N0o4NGJwRXdFclg5eS1PbTlKN3VVcU5NbVpadHpQZDRuamdUTnBFQ0dndllGM28zN0ltWHF6Z1poWHJ0NFlFVmF1MndWZG1vblVqNXRfQmRGTEtkSmNqdnpqQQ?oc=5\" target=\"_blank\" rel=\"nofollow noopener\">S\u00e1nchez, Trump, Carney y Sheinbaum coinciden en un tenso palco con la destacada ausencia de Milei<\/a>&nbsp;&nbsp;La Vanguardia<\/li>\n<li><a href=\"https:\/\/news.google.com\/rss\/articles\/CBMiswFBVV95cUxPLXlNdEpsenZiZmdTdER6U3oydmdZcVVtT0Mxbkp4UkZiNnlMdnVzMXhpMTBjWGhheVVXTmtsQVU1TXRZRlNmVnhyVkptdHdYZlJEM3R0bk9fdTRmOWtwMW9aeVJlbzBYWkZ4b2ZKMTUzR2xXcHh1RlZMWVpsS1BpWVctdTRSVU9HalJXMFZMaGlLcWFqVWZHT0RqVlNjOVJIS2VYcGRzWGtOb2tqX3VsUk81bw?oc=5\" target=\"_blank\" rel=\"nofollow noopener\">Trump se ci\u00f1e al protocolo en la final del Mundial y evita el pulso pol\u00edtico con S\u00e1nchez en el palco<\/a>&nbsp;&nbsp;El Peri\u00f3dico<\/li>\n<\/ol>\n","protected":false},"excerpt":{"rendered":"Trump saluda a Felipe VI y Pedro S\u00e1nchez en el palco de la final&nbsp;&nbsp;Expansi\u00f3n El palco de las&hellip;\n","protected":false},"author":2,"featured_media":666986,"comment_status":"","ping_status":"","sticky":false,"template":"","format":"standard","meta":{"footnotes":""},"categories":[93],"tags":[168,1564,42352,25,24,23,167],"class_list":["post-666985","post","type-post","status-publish","format-standard","has-post-thumbnail","category-deportes","tag-deportes","tag-directivos","tag-directivos-deporte-negocio","tag-es","tag-espana","tag-spain","tag-sports"],"share_on_mastodon":{"url":"https:\/\/pubeurope.com\/@es\/116949174482776055","error":""},"_links":{"self":[{"href":"https:\/\/www.europesays.com\/es\/wp-json\/wp\/v2\/posts\/666985","targetHints":{"allow":["GET"]}}],"collection":[{"href":"https:\/\/www.europesays.com\/es\/wp-json\/wp\/v2\/posts"}],"about":[{"href":"https:\/\/www.europesays.com\/es\/wp-json\/wp\/v2\/types\/post"}],"author":[{"embeddable":true,"href":"https:\/\/www.europesays.com\/es\/wp-json\/wp\/v2\/users\/2"}],"replies":[{"embeddable":true,"href":"https:\/\/www.europesays.com\/es\/wp-json\/wp\/v2\/comments?post=666985"}],"version-history":[{"count":0,"href":"https:\/\/www.europesays.com\/es\/wp-json\/wp\/v2\/posts\/666985\/revisions"}],"wp:featuredmedia":[{"embeddable":true,"href":"https:\/\/www.europesays.com\/es\/wp-json\/wp\/v2\/media\/666986"}],"wp:attachment":[{"href":"https:\/\/www.europesays.com\/es\/wp-json\/wp\/v2\/media?parent=666985"}],"wp:term":[{"taxonomy":"category","embeddable":true,"href":"https:\/\/www.europesays.com\/es\/wp-json\/wp\/v2\/categories?post=666985"},{"taxonomy":"post_tag","embeddable":true,"href":"https:\/\/www.europesays.com\/es\/wp-json\/wp\/v2\/tags?post=666985"}],"curies":[{"name":"wp","href":"https:\/\/api.w.org\/{rel}","templated":true}]}}