{"id":667038,"date":"2026-07-19T23:58:10","date_gmt":"2026-07-19T23:58:10","guid":{"rendered":"https:\/\/www.europesays.com\/es\/667038\/"},"modified":"2026-07-19T23:58:10","modified_gmt":"2026-07-19T23:58:10","slug":"un-estudio-del-csic-identifica-un-fallo-que-causa-retraso-en-el-desarrollo-fisico-en-ninos-aunque-la-hormona-del-crecimiento-funcione","status":"publish","type":"post","link":"https:\/\/www.europesays.com\/es\/667038\/","title":{"rendered":"Un estudio del CSIC identifica un fallo que causa retraso en el desarrollo f\u00edsico en ni\u00f1os aunque la hormona del crecimiento funcione"},"content":{"rendered":"<p style=\"\">Hasta ahora se pensaba que el principal problema en muchos de los pacientes infantiles con retraso en el crecimiento f\u00edsico se deb\u00eda a un d\u00e9ficit  &#8230; de la hormona del crecimiento, pero un estudio liderado desde el Consejo Superior de Investigaciones Cient\u00edficas (CSIC) ha identificado una nueva causa. En concreto, ha demostrado que tambi\u00e9n lo puede provocar una mala conexi\u00f3n nerviosa entre el cerebro y el h\u00edgado durante las primeras etapas de la vida.<\/p>\n<p class=\"v-d-p\" style=\"\">Bas\u00e1ndose en modelos animales y en el estudio de un paciente con una mutaci\u00f3n gen\u00e9tica concreta, el estudio determina que un defecto temprano en el sistema nervioso impide que el h\u00edgado reciba correctamente las se\u00f1ales necesarias para producir IGF-1, una hormona esencial para el crecimiento postnatal.<\/p>\n<p class=\"v-d-p\" style=\"\">En este sentido, la miembro del Instituto de Biolog\u00eda Funcional y Gen\u00f3mica (IBFG) y del Instituto de Investigaci\u00f3n Biom\u00e9dica de esta ciudad (IBSAL), \u00c1ngeles Almeida, que ha liderado la investigaci\u00f3n, explica que se ha observado \u00abque no basta con que la hormona del crecimiento funcione correctamente, sino que el h\u00edgado tambi\u00e9n necesita estar bien conectado al sistema nervioso\u00bb. <\/p>\n<p class=\"v-a-t\">\nUn defecto temprano en el sistema nervioso impide que el h\u00edgado reciba correctamente las se\u00f1ales necesarias para producir IGF-1, una hormona esencial para el crecimiento postnatal\n<\/p>\n<p class=\"v-d-p\" style=\"\">El trabajo, publicado en la revista cient\u00edfica de alto impacto Communications Biology, se enmarca en una l\u00ednea de investigaci\u00f3n sobre alteraciones del neurodesarrollo que el grupo desarrolla desde hace m\u00e1s de 15 a\u00f1os. En estudios previos, los investigadores hab\u00edan demostrado en modelos animales que la p\u00e9rdida de una prote\u00edna, llamada Cdh1, alteraba el desarrollo de la corteza cerebral y provocaba problemas como microcefalia y d\u00e9ficit en la formaci\u00f3n de neuronas.<\/p>\n<p class=\"v-d-p\" style=\"\">A\u00f1os despu\u00e9s, un equipo del Hospital Universitario Quir\u00f3nsalud de Madrid les contact\u00f3 tras identificar a un ni\u00f1o con una mutaci\u00f3n patol\u00f3gica en Cdh1 que presentaba discapacidad psicomotora, epilepsia refractaria y microcefalia, un cuadro muy similar al observado en los ratones desarrollados por el grupo salmantino. El equipo confirm\u00f3 entonces que esa mutaci\u00f3n era la responsable de las alteraciones neurol\u00f3gicas del paciente.<\/p>\n<p class=\"v-d-p\" style=\"\">Posteriormente, otros hospitales europeos identificaron nuevos casos compatibles con mutaciones en Cdh1, todos ellos asociados a alteraciones del neurodesarrollo y retraso del crecimiento. \u00c1ngeles Almedia se\u00f1ala que la coincidencia de los casos llev\u00f3 al equipo a investigar qu\u00e9 estaba ocurriendo.<\/p>\n<p class=\"v-a-t\">\nEl trabajo, publicado en la revista cient\u00edfica de alto impacto Communications Biology, se enmarca en una l\u00ednea de investigaci\u00f3n sobre alteraciones del neurodesarrollo que el grupo desarrolla desde hace m\u00e1s de 15 a\u00f1os\n<\/p>\n<p class=\"v-d-p\" style=\"\">Para ello, utilizaron ratones modificados gen\u00e9ticamente para presentar alteraciones neurol\u00f3gicas durante el desarrollo embrionario. La \u00abmala conexi\u00f3n\u00bb nerviosa entre el cerebro y el h\u00edgado reduc\u00eda la activaci\u00f3n de una v\u00eda molecular imprescindible para fabricar IGF-1. Observaron que el eje hormonal cl\u00e1sico del crecimiento \u2014hipot\u00e1lamo, hip\u00f3fisis y GH\u2014 funcionaba correctamente, pero el h\u00edgado no era capaz de responder adecuadamente debido a la alteraci\u00f3n nerviosa. Como consecuencia, disminu\u00edan los niveles de IGF-1 y aparec\u00eda un retraso del crecimiento.<\/p>\n<p class=\"v-d-p\" style=\"\">Uno de los resultados m\u00e1s alentadores es que el equipo pudo revertir gran parte del retraso en el crecimiento de ratones solo administrando IGF-1 durante los primeros d\u00edas de vida. \u00abEsto abre la puerta a posibles aplicaciones cl\u00ednicas futuras en determinados pacientes con trastornos del neurodesarrollo\u00bb, destaca Almeida.<\/p>\n","protected":false},"excerpt":{"rendered":"Hasta ahora se pensaba que el principal problema en muchos de los pacientes infantiles con retraso en el&hellip;\n","protected":false},"author":2,"featured_media":667039,"comment_status":"","ping_status":"","sticky":false,"template":"","format":"standard","meta":{"footnotes":""},"categories":[92],"tags":[11072,121522,8112,10475,25,24,1292,8639,10300,165,849,7762,3132,6460,166,23],"class_list":["post-667038","post","type-post","status-publish","format-standard","has-post-thumbnail","category-salud","tag-causa","tag-correctamente","tag-crecimiento","tag-csic","tag-es","tag-espana","tag-estudio","tag-fallo","tag-funcione","tag-health","tag-hormona","tag-identifica","tag-infantil","tag-retraso","tag-salud","tag-spain"],"share_on_mastodon":{"url":"https:\/\/pubeurope.com\/@es\/116949359439771439","error":""},"_links":{"self":[{"href":"https:\/\/www.europesays.com\/es\/wp-json\/wp\/v2\/posts\/667038","targetHints":{"allow":["GET"]}}],"collection":[{"href":"https:\/\/www.europesays.com\/es\/wp-json\/wp\/v2\/posts"}],"about":[{"href":"https:\/\/www.europesays.com\/es\/wp-json\/wp\/v2\/types\/post"}],"author":[{"embeddable":true,"href":"https:\/\/www.europesays.com\/es\/wp-json\/wp\/v2\/users\/2"}],"replies":[{"embeddable":true,"href":"https:\/\/www.europesays.com\/es\/wp-json\/wp\/v2\/comments?post=667038"}],"version-history":[{"count":0,"href":"https:\/\/www.europesays.com\/es\/wp-json\/wp\/v2\/posts\/667038\/revisions"}],"wp:featuredmedia":[{"embeddable":true,"href":"https:\/\/www.europesays.com\/es\/wp-json\/wp\/v2\/media\/667039"}],"wp:attachment":[{"href":"https:\/\/www.europesays.com\/es\/wp-json\/wp\/v2\/media?parent=667038"}],"wp:term":[{"taxonomy":"category","embeddable":true,"href":"https:\/\/www.europesays.com\/es\/wp-json\/wp\/v2\/categories?post=667038"},{"taxonomy":"post_tag","embeddable":true,"href":"https:\/\/www.europesays.com\/es\/wp-json\/wp\/v2\/tags?post=667038"}],"curies":[{"name":"wp","href":"https:\/\/api.w.org\/{rel}","templated":true}]}}