{"id":667073,"date":"2026-07-20T00:31:16","date_gmt":"2026-07-20T00:31:16","guid":{"rendered":"https:\/\/www.europesays.com\/es\/667073\/"},"modified":"2026-07-20T00:31:16","modified_gmt":"2026-07-20T00:31:16","slug":"indignacion-en-el-vestuario-de-espana-teniamos-esa-duda-y-ahora-ya-lo-tenemos-claro","status":"publish","type":"post","link":"https:\/\/www.europesays.com\/es\/667073\/","title":{"rendered":"Indignaci\u00f3n en el vestuario de Espa\u00f1a: \u00abTen\u00edamos esa duda y ahora ya lo tenemos claro\u00bb"},"content":{"rendered":"<p class=\"ft-text\"><strong>No fue el Inglaterra-Argentina<\/strong>, donde se dieron de palos hasta en el pasaporte, pero<strong> la final del Mundial entre Espa\u00f1a y Argentina se fue caldeando conforme el cron\u00f3metro avanzaba<\/strong>. Una entrada de MacAllister sobre Dani Olmo que qued\u00f3 sin amonestaci\u00f3n y otra de <strong>Lisandro Mart\u00ednez sobre Oyarzabal<\/strong>, \u00e9sta s\u00ed fue castigada con amarilla, subieron la temperatura, m\u00e1s a\u00fan si cabe en el MetLife de Nueva Jersey.<\/p>\n<p class=\"ft-text\"><strong>Espa\u00f1a no cay\u00f3 en el juego de Argentina<\/strong>. Supo adaptarse a las circuntancias y exhibir todas sus virtudes futbol\u00edsticas en una primera mitad dominada por el color rojo, pero sin pegada en los \u00faltimos metros.<\/p>\n<p class=\"ft-text\">El equipo de <strong>Luis de la Fuente monopoliz\u00f3 la posesi\u00f3n durante muchos tramos del primer acto<\/strong>, moviendo el bal\u00f3n de un lado a otro con paciencia y buscando espacios entre las l\u00edneas argentinas. Sin embargo, ese dominio territorial no encontr\u00f3 el premio del gol, bien por la falta de precisi\u00f3n en el \u00faltimo pase, bien por la firmeza defensiva de la Albiceleste en las inmediaciones de su \u00e1rea.<\/p>\n<p><img decoding=\"async\" src=\"https:\/\/www.europesays.com\/es\/wp-content\/uploads\/2026\/07\/d9dfa03c-2faf-4195-aa4a-265a2586528f_alta-libre-aspect-ratio_default_0_x600y225.jpg\" width=\"1200\" height=\"675\" alt=\"De la Fuente conf\u00eda en su equipo de cara a la final\" class=\"ft-helper-img-rd\" loading=\"lazy\" fetchpriority=\"auto\"\/><\/p>\n<p class=\"ft-helper-fontColor-quaternary ft-helper-fontSize-body-S ft-helper-spacer-t-xxs\">De la Fuente, seleccionador nacional  \/ Pablo Garc\u00eda<\/p>\n<p class=\"ft-text\"><strong>Esa misma reflexi\u00f3n la realiz\u00f3 Juanjo Gonz\u00e1lez, segundo entrenador de Luis de la Fuente<\/strong>. El miembro del &#8216;staff&#8217; t\u00e9cnico de la Selecci\u00f3n reconoci\u00f3 que el juego de los argentinos no sorprendi\u00f3 a los futbolistas, pero s\u00ed la connivencia del equipo arbitral encabezado por el esloveno<strong> Slavko Vincic<\/strong>.<\/p>\n<p class=\"ft-text\">\u00abNos hemos adaptado bien, primero al c\u00e9sped, que se seca muy r\u00e1pido. Estaba muy duro y no estaba como a nosotros nos viene mejor. <strong>Y segundo, al tipo de partido que el \u00e1rbitro ha querido que fuese. Ten\u00edamos esa duda y ahora ya lo tenemos claro. Va a permitir los contactos y le va a costar mucho tomar decisiones<\/strong>. Hay que tener un poco m\u00e1s de continuidad, pero estamos apretando bien\u00bb, dijo Juanjo Gonz\u00e1lez.<\/p>\n","protected":false},"excerpt":{"rendered":"No fue el Inglaterra-Argentina, donde se dieron de palos hasta en el pasaporte, pero la final del Mundial&hellip;\n","protected":false},"author":2,"featured_media":667074,"comment_status":"","ping_status":"","sticky":false,"template":"","format":"standard","meta":{"footnotes":""},"categories":[5],"tags":[17,18,2681,25,24,13,14,11,21050,19,20,32463,9,10,15,16,23,76448,12,21,22,28690],"class_list":["post-667073","post","type-post","status-publish","format-standard","has-post-thumbnail","category-titulares","tag-breaking-news","tag-breakingnews","tag-duda","tag-es","tag-espana","tag-featured-news","tag-featurednews","tag-headlines","tag-indignacion","tag-latest-news","tag-latestnews","tag-mundial-2026","tag-news","tag-noticias","tag-noticias-destacadas","tag-noticiasdestacadas","tag-spain","tag-teniamos","tag-titulares","tag-ultimas-noticias","tag-ultimasnoticias","tag-vestuario"],"share_on_mastodon":{"url":"https:\/\/pubeurope.com\/@es\/116949489890650122","error":""},"_links":{"self":[{"href":"https:\/\/www.europesays.com\/es\/wp-json\/wp\/v2\/posts\/667073","targetHints":{"allow":["GET"]}}],"collection":[{"href":"https:\/\/www.europesays.com\/es\/wp-json\/wp\/v2\/posts"}],"about":[{"href":"https:\/\/www.europesays.com\/es\/wp-json\/wp\/v2\/types\/post"}],"author":[{"embeddable":true,"href":"https:\/\/www.europesays.com\/es\/wp-json\/wp\/v2\/users\/2"}],"replies":[{"embeddable":true,"href":"https:\/\/www.europesays.com\/es\/wp-json\/wp\/v2\/comments?post=667073"}],"version-history":[{"count":0,"href":"https:\/\/www.europesays.com\/es\/wp-json\/wp\/v2\/posts\/667073\/revisions"}],"wp:featuredmedia":[{"embeddable":true,"href":"https:\/\/www.europesays.com\/es\/wp-json\/wp\/v2\/media\/667074"}],"wp:attachment":[{"href":"https:\/\/www.europesays.com\/es\/wp-json\/wp\/v2\/media?parent=667073"}],"wp:term":[{"taxonomy":"category","embeddable":true,"href":"https:\/\/www.europesays.com\/es\/wp-json\/wp\/v2\/categories?post=667073"},{"taxonomy":"post_tag","embeddable":true,"href":"https:\/\/www.europesays.com\/es\/wp-json\/wp\/v2\/tags?post=667073"}],"curies":[{"name":"wp","href":"https:\/\/api.w.org\/{rel}","templated":true}]}}