{"id":667075,"date":"2026-07-20T00:39:17","date_gmt":"2026-07-20T00:39:17","guid":{"rendered":"https:\/\/www.europesays.com\/es\/667075\/"},"modified":"2026-07-20T00:39:17","modified_gmt":"2026-07-20T00:39:17","slug":"helena-oma-jugadora-del-casademont-premio-henneo-en-la-pista-sentimos-que-no-jugamos-solas","status":"publish","type":"post","link":"https:\/\/www.europesays.com\/es\/667075\/","title":{"rendered":"Helena Oma, jugadora del Casademont, premio HENNEO: \u00abEn la pista sentimos que no jugamos solas\u00bb"},"content":{"rendered":"<p class=\"c-paragraph\"><a href=\"https:\/\/www.heraldo.es\/noticias\/deportes\/baloncesto\/2026\/07\/18\/kristine-vitola-completa-plantilla-casademont-zaragoza-2037411.html\" title=\"Kristine Vitola completa la plantilla del Casademont Zaragoza\" rel=\"nofollow noopener\" target=\"_blank\">El Casademont Zaragoza<\/a> clausur\u00f3 en mayo la temporada m\u00e1s exitosa de su historia. Tras haber dirimido 59 encuentros oficiales, su recorrido contempl\u00f3 la consecuci\u00f3n del t\u00edtulo de la <b>Supercopa de Espa\u00f1a, conquistado en el pasado mes de septiembre; el segundo puesto de la Liga Endesa<\/b>, despu\u00e9s de haberse proclamado campe\u00f3n de la fase regular -lo que le clasific\u00f3 directamente para la pr\u00f3xima edici\u00f3n de la Euroliga-; el tercer puesto en la m\u00e1xima competici\u00f3n continental, tras una Final Six de r\u00e9cord celebrada en Zaragoza; al margen de haber alcanzado las semifinales de la Copa de la Reina.\u00a0<\/p>\n<p class=\"c-paragraph\">Todo ello, con un <b>baloncesto \u00e1gil, din\u00e1mico y alegre, muy atractivo para el espectador<\/b>, y una capacidad de esfuerzo admirable. Existe una comuni\u00f3n perfecta entre el equipo y la grada, de un valor incalculable, que promete seguir viviendo cap\u00edtulos apasionantes en el futuro.<\/p>\n<p class=\"c-paragraph\">\u00abLo de la afici\u00f3n es incre\u00edble. Cada vez que saltamos a la pista, sentimos que no jugamos solas\u00bb, confes\u00f3 al t\u00e9rmino del curso Helena Oma, una de las capitanas del Casademont, quien consider\u00f3 \u00abmuy especial\u00bb poder representar en cada partido \u00aba una ciudad como Zaragoza, que cree firmemente en el deporte\u00bb. <b>\u00abTodas debemos estar muy orgullosas de lo que estamos consiguiendo. Y no me refiero \u00fanicamente a este \u00faltimo a\u00f1o\u00bb<\/b>, explic\u00f3 la alero, quien record\u00f3 que el Casademont es un equipo al alza, que \u00abcada temporada supera a la anterior\u00bb, y no s\u00f3lo por los \u00e9xitos acumulados en la pista, sino tambi\u00e9n fuera de ella. Porque su impacto medi\u00e1tico es sobresaliente.<\/p>\n<p class=\"c-paragraph\">\u00abEstamos muy felices de poder contribuir a que los ni\u00f1os miren el baloncesto como un lugar en el que so\u00f1ar\u00bb, sostuvo Oma. \u00bfCu\u00e1les son las expectativas para el siguiente ejercicio? Oma siempre ha insistido en<b> \u00abla ambici\u00f3n\u00bb de un equipo \u00abque siempre quiere ganarlo todo\u00bb,<\/b> de ah\u00ed que el pr\u00f3ximo a\u00f1o el reto sea \u00abseguir d\u00e1ndolo todo y crecer a\u00fan m\u00e1s\u00bb.\u00a0<\/p>\n<p class=\"c-paragraph\">La alero, adem\u00e1s, subray\u00f3 la principal arma del Casademont para continuar en la \u00e9lite del baloncesto europeo: la fuerza del grupo, la implicaci\u00f3n de todas las jugadoras en un proyecto com\u00fan.<b> \u00abEl baloncesto es un deporte colectivo. Una plantilla no se compone solamente de 12 jugadoras;<\/b> detr\u00e1s est\u00e1 el cuerpo t\u00e9cnico, y otras muchas personas, que trabajan d\u00eda a d\u00eda y de forma maravillosa para que nosotras podamos dar el mejor rendimiento en la pista\u00bb, sostuvo Oma.\u00a0<\/p>\n","protected":false},"excerpt":{"rendered":"El Casademont Zaragoza clausur\u00f3 en mayo la temporada m\u00e1s exitosa de su historia. Tras haber dirimido 59 encuentros&hellip;\n","protected":false},"author":2,"featured_media":667076,"comment_status":"","ping_status":"","sticky":false,"template":"","format":"standard","meta":{"footnotes":""},"categories":[269],"tags":[299,298,2511,168,25,24,42039,1713,23925,843,23,167],"class_list":["post-667075","post","type-post","status-publish","format-standard","has-post-thumbnail","category-baloncesto","tag-baloncesto","tag-basketball","tag-casademont","tag-deportes","tag-es","tag-espana","tag-helena","tag-jugadora","tag-oma","tag-premio","tag-spain","tag-sports"],"share_on_mastodon":{"url":"https:\/\/pubeurope.com\/@es\/116949520462627952","error":""},"_links":{"self":[{"href":"https:\/\/www.europesays.com\/es\/wp-json\/wp\/v2\/posts\/667075","targetHints":{"allow":["GET"]}}],"collection":[{"href":"https:\/\/www.europesays.com\/es\/wp-json\/wp\/v2\/posts"}],"about":[{"href":"https:\/\/www.europesays.com\/es\/wp-json\/wp\/v2\/types\/post"}],"author":[{"embeddable":true,"href":"https:\/\/www.europesays.com\/es\/wp-json\/wp\/v2\/users\/2"}],"replies":[{"embeddable":true,"href":"https:\/\/www.europesays.com\/es\/wp-json\/wp\/v2\/comments?post=667075"}],"version-history":[{"count":0,"href":"https:\/\/www.europesays.com\/es\/wp-json\/wp\/v2\/posts\/667075\/revisions"}],"wp:featuredmedia":[{"embeddable":true,"href":"https:\/\/www.europesays.com\/es\/wp-json\/wp\/v2\/media\/667076"}],"wp:attachment":[{"href":"https:\/\/www.europesays.com\/es\/wp-json\/wp\/v2\/media?parent=667075"}],"wp:term":[{"taxonomy":"category","embeddable":true,"href":"https:\/\/www.europesays.com\/es\/wp-json\/wp\/v2\/categories?post=667075"},{"taxonomy":"post_tag","embeddable":true,"href":"https:\/\/www.europesays.com\/es\/wp-json\/wp\/v2\/tags?post=667075"}],"curies":[{"name":"wp","href":"https:\/\/api.w.org\/{rel}","templated":true}]}}