{"id":667085,"date":"2026-07-20T00:53:13","date_gmt":"2026-07-20T00:53:13","guid":{"rendered":"https:\/\/www.europesays.com\/es\/667085\/"},"modified":"2026-07-20T00:53:13","modified_gmt":"2026-07-20T00:53:13","slug":"castilla-y-leon-registra-casi-2-000-rechazos-a-vacunas-infantiles","status":"publish","type":"post","link":"https:\/\/www.europesays.com\/es\/667085\/","title":{"rendered":"Castilla y Le\u00f3n registra casi 2.000 rechazos a vacunas infantiles"},"content":{"rendered":"<p style=\"\">La Consejer\u00eda de Sanidad  no pudo poner el pasado a\u00f1o<strong> casi 2.000 vacunas a ni\u00f1os de Castilla y Le\u00f3n<\/strong> por el rechazo de sus progenitores. Se trata de una cifra un 40 por ciento superior a lo registrado hace tres a\u00f1os en  &#8230; las dosis que est\u00e1n dirigidas a poblaci\u00f3n menor de 14 a\u00f1os. As\u00ed figura en los \u00faltimos datos publicados por la Junta de Castilla y Le\u00f3n relativos a 2025 -a\u00fan provisionales-, que, no obstante, recogen tambi\u00e9n que las coberturas en las <strong>inmunizaciones superan el 95 por ciento<\/strong> en la mayor\u00eda de ellas, el porcentaje que se considera necesario para que exista inmunizaci\u00f3n de reba\u00f1o y frena la posible transmisi\u00f3n de determinadas enfermedades. <\/p>\n<p class=\"v-d-p\" style=\"\">La protecci\u00f3n mediante <a href=\"https:\/\/www.abc.es\/ciencia\/bulos-cientificos-cuelan-vida-cotidiana-creemos-solo-20260708014718-nt.html\" target=\"_self\" data-voc-vtm-id=\"in-text-traffic\" rel=\"nofollow noopener\">vacunas<\/a>, aunque viene pautada en un calendario establecido por Sacyl y los profesionales sanitarios lo recomiendan, no es de car\u00e1cter obligatorio en Espa\u00f1a ni para menores ni para adultos, por lo que si los padres no lo desean pueden no acudir al pediatra para que se les administre la inyecci\u00f3n a sus hijos. <\/p>\n<p class=\"v-d-p\" style=\"\">As\u00ed, se han detectado negativas a los viales que vienen administr\u00e1ndose contra enfermedades como la meningitis, la polio, la difteria, el rotavirus y el neumococo o en aquellas que tratan de combatir dolencias como la varicela, el sarampi\u00f3n o la rubeola. Estas \u00faltimas han registrado los mayores incrementos en los \u00faltimos a\u00f1os. <\/p>\n<p class=\"v-d-p\" style=\"\">Desde la Direcci\u00f3n General de Salud P\u00fablica destacan, pese al aumento, que tanto en los a\u00f1os 2024 como en 2025, el porcentaje de rechazos sobre la poblaci\u00f3n diana hasta los 14 a\u00f1os no supera el 1 por ciento para todas las pautas de vacunaci\u00f3n. S\u00ed subrayan el incremento de un 0,5 a un 0,8 por ciento en el caso de la segunda dosis -pautada para los tres a\u00f1os- de la vacuna triple v\u00edrica, la que combate el sarampi\u00f3n, la rubeola y la parotiditis. <\/p>\n<p class=\"v-d-p\" style=\"\"> A comienzos de este a\u00f1o, la OMS retiraba a Espa\u00f1a el estatus de &#8216;pa\u00eds libre de sarampi\u00f3n&#8217; una d\u00e9cada despu\u00e9s de que se le hubiera concedido por el incremento de los casos -el doble que en el a\u00f1o anterior- , una tendencia que hace crecer la trasmisi\u00f3n y que existe tambi\u00e9n en otros pa\u00edses del mundo. Ya entonces, el Ministerio de Sanidad advirti\u00f3 que pondr\u00eda el foco en mejorar la inmunizaci\u00f3n y  manten\u00eda en bajo el riesgo de infecci\u00f3n por las altas coberturas que a\u00fan mantiene el pa\u00eds. En Castilla y Le\u00f3n los casos detectados en 2025 fueron cinco, los mismos que en el a\u00f1o precedente. <\/p>\n<p>\nBulos y sobreinformaci\u00f3n\n<\/p>\n<p class=\"v-d-p\" style=\"\">En Sacyl explican que<strong> la triple v\u00edrica<\/strong> ha estado \u00abpermanentemente en entredicho\u00bb por su supuesta vinculaci\u00f3n con el autismo, algo que rechazan y consideran uno de los \u00abbulos m\u00e1s extendidos y da\u00f1inos de la historia de las vacunas\u00bb. Esa idea comenz\u00f3 a circular hacia 1998 y ha sido rebatido por parte de diversos estudios de la comunidad cient\u00edfica, demostrando que \u00abno existe ning\u00fan v\u00ednculo\u00bb, argumentan.<\/p>\n<p class=\"v-d-p\" style=\"\">Por el momento no hay sensaci\u00f3n de alarma, expresan desde el departamento sanitario, porque \u00abno se observa un movimiento de rechazo masivo a las vacunas\u00bb y las tasas de cobertura se \u00abmantienen muy altas\u00bb. Lo que s\u00ed existe es un \u00abpeque\u00f1o repunte de la<strong> desconfianza a algunas<\/strong>\u00bb inyecciones que \u00abpreocupa por las consecuencias que pueda tener\u00bb. <\/p>\n<p class=\"v-d-p\" style=\"\">Los motivos que explicar\u00edan este incremento estar\u00edan en la \u00abaparici\u00f3n de un nuevo perfil de personas esc\u00e9pticas que, <strong>sin ninguna evidencia cient\u00edfica<\/strong>, rechazan la vacuna como una forma de oponerse a los gobierno o a las farmac\u00e9uticas\u00bb, indican. Pero tambi\u00e9n a la \u00ab&#8217;infoxicaci\u00f3n&#8217; o sobreinformaci\u00f3n en redes sociales que provoca miedo a las vacunas y a sus efectos secundarios a corto o largo plazo\u00bb, a\u00f1aden.<\/p>\n<p class=\"v-d-p\" style=\"\">Por \u00faltimo, desde Sanidad achacan el incremento de los rechazos, a una \u00abbaja percepci\u00f3n del riesgo\u00bb. Es decir, que al estar \u00abmuchas enfermedades controladas, eliminadas o erradicadas, la poblaci\u00f3n pierde el miedo a la infecci\u00f3n y sobreestima el riesgo de los efectos secundarios\u00bb de las inmunizaciones. <\/p>\n<p><img decoding=\"async\" loading=\"lazy\" src=\"https:\/\/www.europesays.com\/es\/wp-content\/uploads\/2026\/07\/Vacuna2-U14817236154Jjm-609x426@diario_abc.jpg\" class=\"v-a-img\" alt=\"Castilla y Le\u00f3n registra casi 2.000 rechazos a vacunas infantiles\" data-voc-vtm-id=\"in-text-traffic\" width=\"609\" height=\"426\"\/><\/p>\n<p>Las &#8216;repescas&#8217; para varones contra el virus del papiloma llegan al 60 por ciento<\/p>\n<p class=\"v-d-p \">\nCastilla y Le\u00f3n comenz\u00f3 en 2023 a vacunar a los menores de 12 a\u00f1os varones contra el virus del papiloma humano (VPH). Hasta entonces, dicha inmunizaci\u00f3n solo se administraba a las mujeres. El porcentaje de cobertura en estos a\u00f1os ha llegado al 88  por ciento en esa franja de edad. Adem\u00e1s, la Consejer\u00eda de Sanidad lanz\u00f3 el pasado a\u00f1o una &#8216;repesca&#8217; para inocular estas dosis, que ayudan a prevenir canceres relacionados con hombres y mujeres y mejora \u00abla protecci\u00f3n comunitaria\u00bb, a varones de 18 a\u00f1os a trav\u00e9s de campa\u00f1as de captaci\u00f3n. El resultado fue que las inyecciones superaron el 60 por ciento de de la poblaci\u00f3n diana, resultado calificado de \u00abfavorable\u00bb porque se trata de un colectivo dif\u00edcil de captar. En este 2026,  se ha ampliado la captaci\u00f3n a los varones no vacunados hasta los 25 a\u00f1os. El objetivo es poder ir ampliando la cobertura y llegar, al menos, hasta el 75 por ciento.\n<\/p>\n<p class=\"v-d-p\" style=\"\">Ante este escenario, la estrategia para convencer a los esc\u00e9pticos pasa por hacer frente a esa \u00abdesinformaci\u00f3n digital\u00bb  mediante \u00abinformaci\u00f3n veraz\u00bb difundida a trav\u00e9s de las consultas y las p\u00e1ginas oficiales. Tambi\u00e9n facilitando el acceso a los grupos \u00abvulnerables\u00bb y formando a los profesionales, que son, en definitiva, en quienes los ciudadanos \u00abm\u00e1s conf\u00edan\u00bb a la hora de tomar decisiones sobre vacunaci\u00f3n.<\/p>\n<p class=\"v-d-p\" style=\"\">Salud P\u00fablica subraya, adem\u00e1s, que \u00abhist\u00f3ricamente\u00bb Espa\u00f1a ha sido uno de los pa\u00edses \u00abcon mayor aceptaci\u00f3n\u00bb de este tipo de protecci\u00f3n frente a enfermedades \u00aben todo el mundo\u00bb. Pero se detecta un \u00abcontraste\u00bb importante entre <strong>el sector infantil y el de los adultos<\/strong>. En el primero, las coberturas frente a polio, difteria o sarampi\u00f3n siguen superando el 95 por ciento, aunque haya un \u00abgoteo peque\u00f1o y constante que hace que los ni\u00f1os con pauta completa hayan bajado ligeramente\u00bb, lo que genera \u00abcasos aislados\u00bb o \u00abpeque\u00f1os brotes\u00bb. <\/p>\n<p class=\"v-d-p\" style=\"\">En los mayores, recalcan, es \u00abmucho m\u00e1s evidente el rechazo\u00bb por ejemplo en la del herpes z\u00f3ster, donde se alcanzan porcentajes del 13 por ciento. Una \u00abfatiga vacunal\u00bb entre la poblaci\u00f3n adulta que se ve sobre todo en las campa\u00f1as estacionales de gripe y Covid, de forma que la cobertura a la poblaci\u00f3n diana y a los profesionales no lleg\u00f3 al 75 por ciento \u00abmarcado\u00bb por el Ministerio de Sanidad. <\/p>\n<p class=\"v-a-t\">\nLos profesionales defienden las vacunas porque \u00absalvan vidas\u00bb y advierten de que cuando \u00abdecae la cobertura\u00bb vuelven enfermedades \u00abno erradicadas\u00bb\n<\/p>\n<p class=\"v-d-p\" style=\"\">Por su parte, los profesionales hablan tambi\u00e9n de una \u00abtendencia creciente\u00bb entre los padres de \u00abno administrar\u00bb vacunas a sus hijos.  La presidenta de la Asociaci\u00f3n de Pediatr\u00eda de Atenci\u00f3n Primaria de Castilla y Le\u00f3n, Mar\u00eda Teresa Mart\u00ednez, explica que en algunos casos, \u00abse da la circunstancia que s\u00ed han vacunado a sus hijos mayores, pero no a los reci\u00e9n nacidos, lo que pone de manifiesto una cierta &#8216;moda en salud&#8217; muy preocupante, porque las consecuencias de esta decisi\u00f3n que toman sobre la salud de sus ni\u00f1os podr\u00edan tener <strong>consecuencias fatales<\/strong>\u00bb.<\/p>\n<p class=\"v-d-p\" style=\"\">En ocasiones los progenitores rechazan la administraci\u00f3n \u00ab\u00edntegra\u00bb de las inmunizaciones y en otras se niegan solo a algunas, como una especie de \u00abvacunaci\u00f3n a la carta\u00bb, cuenta. Al respecto, la doctora explica que los profesionales intentan \u00absiempre\u00bb, desde el \u00abrespeto\u00bb, conocer los motivos de las negativas y en ocasiones se encuentran con un \u00abhermetismo\u00bb que les \u00abpreocupa\u00bb al no expresar las razones de la decisi\u00f3n. <\/p>\n<p class=\"v-d-p\" style=\"\">En otros casos, alegan la supuesta vinculaci\u00f3n de algunas dosis con el autismo,<strong> \u00abmiedo a efectos secundarios\u00bb<\/strong> y hay familias que piensan que \u00abno es necesaria administrar tanta vacuna, ya que la inmensa mayor\u00eda de la poblaci\u00f3n est\u00e1 inmunizada y por tanto sus hijos no estar\u00e1n expuestos a la enfermedad por la inmunidad de grupo\u00bb.  \u00abSin embargo, esto no es as\u00ed y lo comprobamos cuando aparecen brotes de sarampi\u00f3n cada vez m\u00e1s frecuentes en toda Europa o varios casos de meningitis bacteriana en j\u00f3venes como este invierno en Inglaterra, porque estos enfermos no estaban vacunados\u00bb, apunta.<\/p>\n<p class=\"v-d-p\" style=\"\">En esa misma l\u00ednea, Mart\u00ednez muestra la \u00abpreocupaci\u00f3n\u00bb de los profesionales sobre esa posici\u00f3n de algunos progenitores de \u00abno comunicar\u00bb a su pediatra o su enfermera \u00abcu\u00e1les son sus razones, que las tienen, para no vacunar a sus hijos\u00bb. \u00abEso nos impide conocer sus motivos y preocupaciones y por tanto sacar conclusiones de este<strong> aumento progresivo de familias antivacunas<\/strong>, que en una gran parte de los casos se produce en personas con un buen nivel socioecon\u00f3mico y educativo\u00bb, argumenta. \u00abNo conocemos sus fuentes de informaci\u00f3n, pero seguro que no son los canales cient\u00edficos oficiales\u00bb, insiste.<\/p>\n<p class=\"v-d-p\" style=\"\">La presidenta de la Asociaci\u00f3n de Pediatr\u00eda de Atenci\u00f3n Primaria es muy contundente a la hora de defender la protecci\u00f3n de la poblaci\u00f3n infantil. Es importante, dice, \u00abporque salva vidas, en un nivel muy superior, por ejemplo, al uso de los antibi\u00f3ticos\u00bb. As\u00ed, esgrime tambi\u00e9n que el descubrimiento de las vacunas \u00abes uno de los grandes hitos de la medicina que ha disminuido las enfermedades infectocontagiosas as\u00ed como su mortalidad, especialmente la infantil\u00ab.<\/p>\n<p class=\"v-d-p\" style=\"\">Advierte, adem\u00e1s, de que est\u00e1 demostrado que \u00abcuando decaen las coberturas<strong> aparecen de nuevo enfermedades que no est\u00e1n erradicadas<\/strong>\u00bb. Algo que, asegura, se ha comprobado este 2026 cuando Espa\u00f1a ha perdido el status de pa\u00eds libre de sarampi\u00f3n que se consigui\u00f3 en 2016 y que tiene \u00abuna relaci\u00f3n directa con la bajada en las coberturas vacunales\u00bb.<\/p>\n<p class=\"v-d-p\" style=\"\">Por \u00faltimo, explica que los sanitarios est\u00e1n a disposici\u00f3n de las familias para resolver dudas y aportar informaci\u00f3n. A\u00f1ade que, si en las negativas hay un cambio de actitud, \u00absiempre se est\u00e1 a tiempo de adaptar el calendario vacunal a la edad del ni\u00f1o si deciden vacunarlo a una edad m\u00e1s tard\u00eda\u00bb.<\/p>\n","protected":false},"excerpt":{"rendered":"La Consejer\u00eda de Sanidad no pudo poner el pasado a\u00f1o casi 2.000 vacunas a ni\u00f1os de Castilla y&hellip;\n","protected":false},"author":2,"featured_media":667086,"comment_status":"","ping_status":"","sticky":false,"template":"","format":"standard","meta":{"footnotes":""},"categories":[92],"tags":[996,4107,25,24,165,10884,4108,121532,2269,166,23,1454],"class_list":["post-667085","post","type-post","status-publish","format-standard","has-post-thumbnail","category-salud","tag-996","tag-castilla","tag-es","tag-espana","tag-health","tag-infantiles","tag-leon","tag-rechazos","tag-registra","tag-salud","tag-spain","tag-vacunas"],"share_on_mastodon":{"url":"https:\/\/pubeurope.com\/@es\/116949575709947965","error":""},"_links":{"self":[{"href":"https:\/\/www.europesays.com\/es\/wp-json\/wp\/v2\/posts\/667085","targetHints":{"allow":["GET"]}}],"collection":[{"href":"https:\/\/www.europesays.com\/es\/wp-json\/wp\/v2\/posts"}],"about":[{"href":"https:\/\/www.europesays.com\/es\/wp-json\/wp\/v2\/types\/post"}],"author":[{"embeddable":true,"href":"https:\/\/www.europesays.com\/es\/wp-json\/wp\/v2\/users\/2"}],"replies":[{"embeddable":true,"href":"https:\/\/www.europesays.com\/es\/wp-json\/wp\/v2\/comments?post=667085"}],"version-history":[{"count":0,"href":"https:\/\/www.europesays.com\/es\/wp-json\/wp\/v2\/posts\/667085\/revisions"}],"wp:featuredmedia":[{"embeddable":true,"href":"https:\/\/www.europesays.com\/es\/wp-json\/wp\/v2\/media\/667086"}],"wp:attachment":[{"href":"https:\/\/www.europesays.com\/es\/wp-json\/wp\/v2\/media?parent=667085"}],"wp:term":[{"taxonomy":"category","embeddable":true,"href":"https:\/\/www.europesays.com\/es\/wp-json\/wp\/v2\/categories?post=667085"},{"taxonomy":"post_tag","embeddable":true,"href":"https:\/\/www.europesays.com\/es\/wp-json\/wp\/v2\/tags?post=667085"}],"curies":[{"name":"wp","href":"https:\/\/api.w.org\/{rel}","templated":true}]}}