{"id":667235,"date":"2026-07-20T03:21:33","date_gmt":"2026-07-20T03:21:33","guid":{"rendered":"https:\/\/www.europesays.com\/es\/667235\/"},"modified":"2026-07-20T03:21:33","modified_gmt":"2026-07-20T03:21:33","slug":"los-campeones-de-2010-enloquecen-con-el-gol-de-ferran-torres-casillas-xavi-puyol-e-iniesta-celebran-el-segundo-mundial-de-espana","status":"publish","type":"post","link":"https:\/\/www.europesays.com\/es\/667235\/","title":{"rendered":"Los campeones de 2010 enloquecen con el gol de Ferran Torres: Casillas, Xavi, Puyol e Iniesta celebran el segundo Mundial de Espa\u00f1a"},"content":{"rendered":"<p>20\/07\/2026<\/p>\n<p>Actualizado a las 01:27h.<\/p>\n<p class=\"v-d-p\" style=\"\">Espa\u00f1a se ha proclamado campeona del mundo por segunda vez en su historia. El equipo de Luis de la Fuente ha sufrido para colgarse la segunda estrella en un partido que se ha ido hasta la pr\u00f3rroga. Argentina ha vendido muy cara su piel como era de esperar, planteando un partido duro y \u00e1spero en el que las patadas y las interrupciones han sido m\u00e1s protagonistas que el buen f\u00fatbol.<\/p>\n<p class=\"v-d-p\" style=\"\">Sin embargo, como durante todo el Mundial, la verdad de Espa\u00f1a se termin\u00f3 imponiendo. La Selecci\u00f3n alcanz\u00f3 sus mejores minutos de f\u00fatbol tanto al final del encuentro como llegada la parte trascendental de la pr\u00f3rroga. Y fue ah\u00ed donde consigui\u00f3 hacer cada vez m\u00e1s da\u00f1o a la albiceleste hasta derribar el muro del &#8216;Dibu&#8217; Mart\u00ednez.<\/p>\n<p class=\"v-d-p\" style=\"\">Fue as\u00ed como Nico Williams consigui\u00f3 dar una alegr\u00eda moment\u00e1nea a Espa\u00f1a, ya que el extremo del Athletic fue el primero capaz de perforar la meta argentina. Fue solo un aviso, ya que el &#8216;velocista&#8217; de San Mam\u00e9s ser\u00eda protagonista solo unos minutos m\u00e1s tarde.<\/p>\n<p>\nEl gol que enloquece a un pa\u00eds\n<\/p>\n<p class=\"v-d-p\" style=\"\">El gol de Ferran Torres en el minuto 106 ha sellado el esperado triunfo de la Selecci\u00f3n. Una jugada que ya es parte de la historia del f\u00fatbol nacional. Esa dejada atr\u00e1s de Nico Williams, que volvi\u00f3 a aparecer midiendo su presencia en quilates, y ese remate del jugador del FC Barcelona con la pierna izquierda batiendo al &#8216;Dibu&#8217; Mart\u00ednez ser\u00e1n ya casi tan recordados como el gol de Iniesta en el Soccer City de Johannesburgo.<\/p>\n<p class=\"v-d-p\" style=\"\">En aquella hist\u00f3rica final, la jugada que hizo a Espa\u00f1a tocar el cielo tampoco fue la m\u00e1s elaborada, ya que la asistencia de Cesc F\u00e1bregas vino precedida de un corte de la defensa neerlandesa tras un bal\u00f3n largo de Fernando Torres. Sin embargo, el tanto vali\u00f3 igual. O incluso m\u00e1s.<\/p>\n<p class=\"v-d-p\" style=\"\">Y precisamente Andr\u00e9s, el h\u00e9roe de aquella noche contra Holanda, junto a muchos de sus compa\u00f1eros, ha sido protagonista de una celebraci\u00f3n repleta alegr\u00eda y totalmente carente de protocolos, como procede en este tipo de acontecimientos. Saltos, v\u00edtores, besos y una pasi\u00f3n desmedida, como volviendo a vivir lo que celebraron durante d\u00edas en aquel verano inolvidable del a\u00f1o 2010 que sirvi\u00f3 para unir un pa\u00eds como nunca antes.<\/p>\n<p class=\"v-d-p\" style=\"\">Iker Casillas, Xavi Hern\u00e1ndez, el propio Andr\u00e9s Iniesta, Carles Puyol, Jes\u00fas Navas o Sergio Ramos se abrazaron, gritaron de j\u00fabilo y casi que enloquecieron en las gradas del MetLife Stadium en cuanto el bal\u00f3n de Ferran Torres entr\u00f3 en la porter\u00eda y se confirm\u00f3 que el tanto ten\u00eda validez.<\/p>\n<p>\nVilla y Llorente, dos aficionados m\u00e1s\n<\/p>\n<p class=\"v-d-p\" style=\"\"> Aunque, sin duda alguna, los m\u00e1s efusivos fueron David Villa y Fernando Llorente, quienes se fundieron en un sentido abrazo que reflej\u00f3 la emoci\u00f3n de todo un pa\u00eds que vive otra noche imborrable en el recuerdo. Los dos delanteros, claves en la victoria frente a Portugal en aquel dur\u00edsimo duelo de octavos, se saltaron todo el protocolo, saliendo de sus sitios y ech\u00e1ndose el uno encima del otro. Como si ellos mismos estuvieran sobre el terreno de juego.<\/p>\n<p class=\"v-d-p\" style=\"\">Ellos representaron a todos los aficionados espa\u00f1oles que estaban tambi\u00e9n en el MetLife Stadium de Nueva York viendo a la Selecci\u00f3n ganar su segundo Mundial. Y a los millones y millones de aficionados a &#8216;La Roja&#8217; que celebran por todas las plazas y rincones de un pa\u00eds que vuelve a vivir una noche para la historia.<\/p>\n","protected":false},"excerpt":{"rendered":"20\/07\/2026 Actualizado a las 01:27h. Espa\u00f1a se ha proclamado campeona del mundo por segunda vez en su historia.&hellip;\n","protected":false},"author":2,"featured_media":667236,"comment_status":"","ping_status":"","sticky":false,"template":"","format":"standard","meta":{"footnotes":""},"categories":[5],"tags":[78731,17,18,5926,18540,5187,27727,25,24,13,14,27571,3689,11,26363,19,20,1070,9,10,15,16,60113,1566,23,12,4655,21,22,6278],"class_list":["post-667235","post","type-post","status-publish","format-standard","has-post-thumbnail","category-titulares","tag-78731","tag-breaking-news","tag-breakingnews","tag-campeones","tag-casillas","tag-celebran","tag-enloquecen","tag-es","tag-espana","tag-featured-news","tag-featurednews","tag-ferran","tag-gol","tag-headlines","tag-iniesta","tag-latest-news","tag-latestnews","tag-mundial","tag-news","tag-noticias","tag-noticias-destacadas","tag-noticiasdestacadas","tag-puyol","tag-segundo","tag-spain","tag-titulares","tag-torres","tag-ultimas-noticias","tag-ultimasnoticias","tag-xavi"],"share_on_mastodon":{"url":"https:\/\/pubeurope.com\/@es\/116950157601904404","error":""},"_links":{"self":[{"href":"https:\/\/www.europesays.com\/es\/wp-json\/wp\/v2\/posts\/667235","targetHints":{"allow":["GET"]}}],"collection":[{"href":"https:\/\/www.europesays.com\/es\/wp-json\/wp\/v2\/posts"}],"about":[{"href":"https:\/\/www.europesays.com\/es\/wp-json\/wp\/v2\/types\/post"}],"author":[{"embeddable":true,"href":"https:\/\/www.europesays.com\/es\/wp-json\/wp\/v2\/users\/2"}],"replies":[{"embeddable":true,"href":"https:\/\/www.europesays.com\/es\/wp-json\/wp\/v2\/comments?post=667235"}],"version-history":[{"count":0,"href":"https:\/\/www.europesays.com\/es\/wp-json\/wp\/v2\/posts\/667235\/revisions"}],"wp:featuredmedia":[{"embeddable":true,"href":"https:\/\/www.europesays.com\/es\/wp-json\/wp\/v2\/media\/667236"}],"wp:attachment":[{"href":"https:\/\/www.europesays.com\/es\/wp-json\/wp\/v2\/media?parent=667235"}],"wp:term":[{"taxonomy":"category","embeddable":true,"href":"https:\/\/www.europesays.com\/es\/wp-json\/wp\/v2\/categories?post=667235"},{"taxonomy":"post_tag","embeddable":true,"href":"https:\/\/www.europesays.com\/es\/wp-json\/wp\/v2\/tags?post=667235"}],"curies":[{"name":"wp","href":"https:\/\/api.w.org\/{rel}","templated":true}]}}