{"id":667347,"date":"2026-07-20T05:17:33","date_gmt":"2026-07-20T05:17:33","guid":{"rendered":"https:\/\/www.europesays.com\/es\/667347\/"},"modified":"2026-07-20T05:17:33","modified_gmt":"2026-07-20T05:17:33","slug":"la-ertzaintza-custodia-la-fuente-de-la-plaza-eliptica","status":"publish","type":"post","link":"https:\/\/www.europesays.com\/es\/667347\/","title":{"rendered":"La Ertzaintza custodia la fuente de la Plaza El\u00edptica"},"content":{"rendered":"<p>\n        Despu\u00e9s de que Rodri haya levantado la Copa del Mundo al cielo de Nueva York,<strong> las personas que han seguido la final del Mundial en <\/strong><a href=\"https:\/\/www.deia.eus\/bilbao\/\" title=\"Bilbao\" class=\"link copy\" rel=\"nofollow noopener\" target=\"_blank\"><strong>Bilbao<\/strong><\/a><strong> han acudido a la Plaza El\u00edptica para celebrar el t\u00edtulo. <\/strong>All\u00ed les ha esperado la Ertzaintza y la Polic\u00eda Municipal de Bilbao, los primeros de ellos han estado protegiendo la fuente.\n<\/p>\n<p class=\"article-body__text \">\n        Despu\u00e9s de unos minutos de celebraci\u00f3n y euforia, las personas congregadas han hecho un amago de retirar la valla que se hab\u00eda instalado en la ma\u00f1ana de este s\u00e1bado.<strong> La Ertzaintza ha evitado que esta acci\u00f3n siguiese adelante. <\/strong>Instantes despu\u00e9s, estas personas han colgado una bandera en la valla mientras diferentes patrullas de ambos cuerpos policiales custodian la plaza El\u00edptica.\n<\/p>\n<p class=\"article-body__text \">\n        <strong>\u00abArgentino el que no bote\u00bb o insultos contra Pedro S\u00e1nchez <\/strong>han sido algunas de las frases que han lanzado en la celebraci\u00f3n del t\u00edtulo.\n<\/p>\n<p>  Vallado previo<\/p>\n<p class=\"article-body__text \">\n        La imagen llam\u00f3 la atenci\u00f3n en la ma\u00f1ana de este s\u00e1bado entre quienes pasaron por la -Plaza El\u00edptica de Bilbao. <strong>La emblem\u00e1tica fuente central amaneci\u00f3 rodeada por un vallado met\u00e1lico, <\/strong>una medida de car\u00e1cter preventivo que tiene como objetivo proteger este espacio ante una posible celebraci\u00f3n que da\u00f1e la estructura de esta c\u00e9ntrica fuente.<\/p>\n","protected":false},"excerpt":{"rendered":"Despu\u00e9s de que Rodri haya levantado la Copa del Mundo al cielo de Nueva York, las personas que&hellip;\n","protected":false},"author":2,"featured_media":667348,"comment_status":"","ping_status":"","sticky":false,"template":"","format":"standard","meta":{"footnotes":""},"categories":[8],"tags":[17,18,11231,47806,96694,6246,25,24,13,14,6865,11,19,20,1070,9,10,15,16,1386,23,12,21,22],"class_list":["post-667347","post","type-post","status-publish","format-standard","has-post-thumbnail","category-espana","tag-breaking-news","tag-breakingnews","tag-celebracion","tag-custodia","tag-eliptica","tag-ertzaintza","tag-es","tag-espana","tag-featured-news","tag-featurednews","tag-fuente","tag-headlines","tag-latest-news","tag-latestnews","tag-mundial","tag-news","tag-noticias","tag-noticias-destacadas","tag-noticiasdestacadas","tag-plaza","tag-spain","tag-titulares","tag-ultimas-noticias","tag-ultimasnoticias"],"share_on_mastodon":{"url":"https:\/\/pubeurope.com\/@es\/116950613942061835","error":""},"_links":{"self":[{"href":"https:\/\/www.europesays.com\/es\/wp-json\/wp\/v2\/posts\/667347","targetHints":{"allow":["GET"]}}],"collection":[{"href":"https:\/\/www.europesays.com\/es\/wp-json\/wp\/v2\/posts"}],"about":[{"href":"https:\/\/www.europesays.com\/es\/wp-json\/wp\/v2\/types\/post"}],"author":[{"embeddable":true,"href":"https:\/\/www.europesays.com\/es\/wp-json\/wp\/v2\/users\/2"}],"replies":[{"embeddable":true,"href":"https:\/\/www.europesays.com\/es\/wp-json\/wp\/v2\/comments?post=667347"}],"version-history":[{"count":0,"href":"https:\/\/www.europesays.com\/es\/wp-json\/wp\/v2\/posts\/667347\/revisions"}],"wp:featuredmedia":[{"embeddable":true,"href":"https:\/\/www.europesays.com\/es\/wp-json\/wp\/v2\/media\/667348"}],"wp:attachment":[{"href":"https:\/\/www.europesays.com\/es\/wp-json\/wp\/v2\/media?parent=667347"}],"wp:term":[{"taxonomy":"category","embeddable":true,"href":"https:\/\/www.europesays.com\/es\/wp-json\/wp\/v2\/categories?post=667347"},{"taxonomy":"post_tag","embeddable":true,"href":"https:\/\/www.europesays.com\/es\/wp-json\/wp\/v2\/tags?post=667347"}],"curies":[{"name":"wp","href":"https:\/\/api.w.org\/{rel}","templated":true}]}}