{"id":667382,"date":"2026-07-20T05:51:19","date_gmt":"2026-07-20T05:51:19","guid":{"rendered":"https:\/\/www.europesays.com\/es\/667382\/"},"modified":"2026-07-20T05:51:19","modified_gmt":"2026-07-20T05:51:19","slug":"nicole-kidman-y-naomi-watts-guillermo-de-inglaterra-y-eddie-redmayne-y-otros-famosos-que-fueron-juntos-al-colegio-gente","status":"publish","type":"post","link":"https:\/\/www.europesays.com\/es\/667382\/","title":{"rendered":"Nicole Kidman y Naomi Watts, Guillermo de Inglaterra y Eddie Redmayne y otros famosos que fueron juntos al colegio | Gente"},"content":{"rendered":"<p class=\"\">Matt Damon es <a href=\"https:\/\/elpais.com\/gente\/2026-01-13\/matt-damon-el-colega-que-siempre-estuvo-ahi-para-ben-affleck-durante-sus-divorcios-eso-es-lo-que-significa-ser-un-verdadero-amigo.html\" target=\"_blank\" rel=\"nofollow noopener\" title=\"https:\/\/elpais.com\/gente\/2026-01-13\/matt-damon-el-colega-que-siempre-estuvo-ahi-para-ben-affleck-durante-sus-divorcios-eso-es-lo-que-significa-ser-un-verdadero-amigo.html\">el amigo que ha acompa\u00f1ado a Ben Aflleck<\/a> en todas sus etapas, y viceversa. Su historia comenz\u00f3 mucho antes de compartir pantalla: coincidieron en el mismo instituto cuando Damon ten\u00eda 10 a\u00f1os y Affleck 8. Lo han vivido todo juntos: pasaron de ser unos ni\u00f1os con un sue\u00f1o a compartir piso y una cuenta bancaria, conseguir papeles, ganar varios premios y, finalmente, tener una carrera larga y exitosa en el mundo del cine. <\/p>\n<p class=\"\">Como ellos, decenas de famosos han compartido colegio antes de convertirse en estrellas. Algunos de ellos, como Timoth\u00e9e Chalamet y Lourdes Leon, la hija de Madonna, incluso eran pareja y otros, como Matthew Perry y <a href=\"https:\/\/elpais.com\/gente\/2026-06-09\/katy-perry-y-justin-trudeau-hacen-su-debut-como-pareja-en-una-alfombra-roja.html\" target=\"_blank\" rel=\"nofollow noopener\" title=\"https:\/\/elpais.com\/gente\/2026-06-09\/katy-perry-y-justin-trudeau-hacen-su-debut-como-pareja-en-una-alfombra-roja.html\">Justin Trudeau, el anterior primer ministro de Canad\u00e1<\/a>, no se llevaban muy bien. Estos son algunos de los actores, cantantes, pol\u00edticos y deportistas que compartieron aula.<\/p>\n<p>M\u00e1s informaci\u00f3n1. Cameron Diaz y Snoop Dogg<\/p>\n<p class=\"\">La actriz y el rapero coincidieron en la escuela Long Beach Polytechnic High School en California. \u201cFuimos juntos al instituto\u201d, cont\u00f3 Diaz en el programa de televisi\u00f3n de George Lopez en 2011. \u201c\u00c9l era un a\u00f1o mayor que yo. Me acuerdo de \u00e9l. Hab\u00eda muchas personas, \u00e9ramos como 3.500 ni\u00f1os. <a href=\"https:\/\/elpais.com\/us\/entretenimiento\/2026-05-19\/de-mia-a-nicki-minaj-snoop-dogg-o-lil-wayne-las-claves-que-explican-el-apoyo-de-los-raperos-a-trump-en-estados-unidos.html\" target=\"_blank\" rel=\"nofollow noopener\" title=\"https:\/\/elpais.com\/us\/entretenimiento\/2026-05-19\/de-mia-a-nicki-minaj-snoop-dogg-o-lil-wayne-las-claves-que-explican-el-apoyo-de-los-raperos-a-trump-en-estados-unidos.html\">\u00c9l era muy alto y delgado, y llevaba muchas coletas.<\/a> Estoy casi segura de que le compr\u00e9 marihuana. Tuve que haberlo hecho\u201d, relat\u00f3.<\/p>\n<p class=\"\">Snoop Dogg confirm\u00f3 la historia m\u00e1s tarde en un programa de radio: \u201cFuimos a la misma escuela. Nadie lo sab\u00eda hasta que ella habl\u00f3 en una entrevista y dijo algo como: \u2018S\u00ed, sol\u00eda comprarle hierba\u2019 y con eso abri\u00f3 la caja de Pandora porque s\u00ed, yo sol\u00eda vender alguna cosita\u201d. En 2013 cont\u00f3 a Yahoo que <a href=\"https:\/\/elpais.com\/gente\/2026-05-04\/cameron-diaz-y-benji-madden-anuncian-por-sorpresa-el-nacimiento-de-su-tercer-hijo-nautas.html\" target=\"_blank\" rel=\"nofollow noopener\" title=\"https:\/\/elpais.com\/gente\/2026-05-04\/cameron-diaz-y-benji-madden-anuncian-por-sorpresa-el-nacimiento-de-su-tercer-hijo-nautas.html\">la actriz se juntaba con las animadoras de la escuela.<\/a> \u201cEra muy cool, ten\u00eda estilo y mucho rollo\u201d, record\u00f3.<\/p>\n<p>2. Nicole Kidman y Naomi Watts<\/p>\n<p class=\"\">Las actrices son amigas cercanas desde hace cuatro d\u00e9cadas. Crecieron en Australia y coincidieron en el bachillerato femenino North Shore Sydney Girls\u2019 High School. Su amistad se consolid\u00f3 en 1991 cuando ambas aparecieron en La primera experiencia (Flirting, en ingl\u00e9s). <\/p>\n<p class=\"\">\u201cNos conocemos desde que \u00e9ramos adolescentes\u201d, <a href=\"https:\/\/elpais.com\/gente\/2026-04-13\/una-nueva-ocupacion-para-nicole-kidman-la-actriz-se-esta-formando-como-doula-de-la-muerte.html\" target=\"_blank\" rel=\"nofollow noopener\" title=\"https:\/\/elpais.com\/gente\/2026-04-13\/una-nueva-ocupacion-para-nicole-kidman-la-actriz-se-esta-formando-como-doula-de-la-muerte.html\">dijo Kidman<\/a> a People en 2015. \u201cY somos como hermanas. Es decir, nos conocemos desde hace tanto tiempo y hemos pasado por tantas cosas juntas&#8230; Esto es, en cierto modo, un aspecto paralelo de nuestra vida\u201d.<\/p>\n<p>3. Adam Levine y Jonah Hill<img alt=\"\" decoding=\"auto\" class=\"_re lazyload a_m-h\" height=\"276\"  width=\"414\"  src=\"https:\/\/www.europesays.com\/es\/wp-content\/uploads\/2026\/07\/6DM3DOKCIVBJBIGBA4CBCVEPK4.jpg\" loading=\"lazy\" fetchpriority=\"low\"\/>Adam Levine y Jonah Hill en un juego entre Los Angeles Lakers y los Indiana Pacers, el 6 de enero de 2008, en Los \u00c1ngeles.Noel Vasquez (Getty Images)<\/p>\n<p class=\"\">Levine entabl\u00f3 amistad con el comediante Jonah Hill en el colegio. \u201cNuestros padres se conocieron en la oficina del director en la secundaria. Compart\u00edamos coche para ir al colegio y viv\u00edamos en casa del otro\u201d, cont\u00f3 Hill a Howard Stern en 2014. El cantante y el actor siguen siendo amigos y Hill incluso ofici\u00f3<a href=\"https:\/\/elpais.com\/gente\/2022-09-21\/adam-levine-rompe-su-silencio-sobre-las-acusaciones-de-su-infidelidad-no-he-tenido-ninguna-aventura-pero-cruce-la-linea.html\" target=\"_blank\" rel=\"noreferrer nofollow noopener\" title=\"https:\/\/elpais.com\/gente\/2022-09-21\/adam-levine-rompe-su-silencio-sobre-las-acusaciones-de-su-infidelidad-no-he-tenido-ninguna-aventura-pero-cruce-la-linea.html\"> la boda de Levine con Behati Prinsloo <\/a>en julio de 2014.<\/p>\n<p class=\"\">El cantante tambi\u00e9n fue compa\u00f1ero de Jake Gyllenhaal, quien cont\u00f3 en 2022 que fue a primaria con Levine, y que mantienen una amistad cercana. En el programa The Howard Stern Show, el conductor le pregunta al actor si es cierto que el cantante era feo y ten\u00eda acn\u00e9, como hab\u00eda contado en ocasiones anteriores, a lo que Gyllenhaal contest\u00f3: \u201cEst\u00e1 mintiendo. Ten\u00eda un grano, tal vez\u201d, brome\u00f3. \u201cEn el instituto \u00e9l ya estaba en una banda. Se llamaba Kara\u2019s Flowers\u201d, a\u00f1adi\u00f3.<\/p>\n<p>4. Matthew Perry y Justin Trudeau<img alt=\"\" decoding=\"auto\" class=\"_re lazyload a_m-h\" height=\"233\"  width=\"414\"  src=\"https:\/\/www.europesays.com\/es\/wp-content\/uploads\/2026\/07\/4A7GBLWMEBFFPNS2WMO3VJ7MWM.jpg\" loading=\"lazy\" fetchpriority=\"low\"\/>Matthew Perry y Justin Trudeau.Mike Pont \/ Manny Carabel \/ GettyImages<\/p>\n<p class=\"\">El actor y el anterior primer ministro de Canad\u00e1 no empezaron con el pie derecho. Ellos se conocieron en primaria; ambos estudiaban en la escuela p\u00fablica Rockcliffe Park en Ottawa y en 2017 Perry revel\u00f3 en el programa de Jimmy Kimmel que en el quinto curso, \u00e9l y un amigo le dieron \u201cuna paliza\u201d a Trudeau. \u201cCreo que \u00e9l destacaba en un deporte en el que nosotros no. As\u00ed que, pura envidia\u201d, explic\u00f3 Perry.<\/p>\n<p class=\"\"><a href=\"https:\/\/elpais.com\/smoda\/famosos\/justin-trudeau-matthew-perry-venganza-chandler.html\" target=\"_blank\" rel=\"nofollow noopener\" title=\"https:\/\/elpais.com\/smoda\/famosos\/justin-trudeau-matthew-perry-venganza-chandler.html\">La actual pareja de Katy Perry, respondi\u00f3 con humor m\u00e1s tarde a esa historia<\/a>: \u201cHe estado reflexionando y, \u00bfsaben qu\u00e9?, \u00bfqui\u00e9n no ha querido pegar a Chandler \u2015el m\u00edtico personaje del actor en la serie Friends\u2015? \u00bfQu\u00e9 te parece una revancha, Matthew Perry?\u201d, escribi\u00f3 Trudeau en su cuenta de X. Tras <a href=\"https:\/\/elpais.com\/gente\/2026-05-27\/el-asistente-personal-de-matthew-perry-kenneth-iwamasa-condenado-a-mas-de-tres-anos-de-carcel-por-la-muerte-del-actor.html\" target=\"_blank\" rel=\"nofollow noopener\" title=\"https:\/\/elpais.com\/gente\/2026-05-27\/el-asistente-personal-de-matthew-perry-kenneth-iwamasa-condenado-a-mas-de-tres-anos-de-carcel-por-la-muerte-del-actor.html\">el fallecimiento del int\u00e9rprete en <\/a>2023, el pol\u00edtico le volvi\u00f3 a dedicar un mensaje: \u201cNunca olvidar\u00e9 los juegos en el patio de la escuela, y s\u00e9 que la gente de todo el mundo nunca olvidar\u00e1 la alegr\u00eda que les brind\u00f3. Gracias por todas las risas, Matthew. Eras amado y te echaremos de menos\u201d.<\/p>\n<p>5. El pr\u00edncipe Guillermo, Eddie Redmayne y Tom Hiddleston<\/p>\n<p class=\"\">Este septiembre, <a href=\"https:\/\/elpais.com\/gente\/2026-06-16\/el-principe-jorge-de-inglaterra-estudiara-en-eton-college-a-partir-de-septiembre.html\" target=\"_blank\" rel=\"nofollow noopener\" title=\"https:\/\/elpais.com\/gente\/2026-06-16\/el-principe-jorge-de-inglaterra-estudiara-en-eton-college-a-partir-de-septiembre.html\">el pr\u00edncipe Jorge ingresar\u00e1 en el Eton College<\/a>, la misma escuela privada en Windsor a la que asistieron su padre, el pr\u00edncipe Guillermo, o su t\u00edo, el pr\u00edncipe Enrique. Ah\u00ed el pr\u00edncipe de Gales comparti\u00f3 clases con el actor Eddie Redmayne. Su amistad comenz\u00f3 gracias al rugby: \u201cEstuvimos en el mismo equipo B de los Colts en 1997\u201d, dijo Redmayne a Glamour en 2018. \u201cSiempre sent\u00ed un poco de l\u00e1stima por Will porque todos quer\u00edan placar al futuro rey de Inglaterra para poder decir: \u2018Derrib\u00e9 al pr\u00edncipe Guillermo\u2019. \u00c9l recib\u00eda todos los golpes\u201d y de Enrique asegur\u00f3 que era \u201cencantador\u201d.<\/p>\n<p class=\"\">Con quien tambi\u00e9n se cruzaron en los pasillos fue con Tom Hiddleston. El actor era un a\u00f1o mayor, pero particip\u00f3 en una obra escolar con el protagonista de La chica danesa. \u201cParticip\u00e9 en Pasaje a la India con Eddie Redmayne, quien interpret\u00f3 el protag\u00f3nico femenino\u201d, revel\u00f3 en el programa Graham Norton Show. \u201cYo, en cambio, interpret\u00e9 la pata delantera del elefante que \u00e9l montaba\u201d, cont\u00f3.<\/p>\n<p>6. Timoth\u00e9e Chalamet y Lourdes Leon<\/p>\n<blockquote class=\"twitter-tweet\">\n<p lang=\"en\" dir=\"ltr\">I was today years old when I found out that timothee chalamet and lourdes leon (madonna\u2019s daughter) dated in high school \ud83d\ude2d <a href=\"https:\/\/t.co\/Eypz4wxvJx\" rel=\"nofollow\">pic.twitter.com\/Eypz4wxvJx<\/a><\/p>\n<p>\u2014 reea \u2661 (@lomlgoth) <a href=\"https:\/\/x.com\/lomlgoth\/status\/1256129946596098050?ref_src=twsrc%5Etfw\" rel=\"nofollow\">May 1, 2020<\/a><\/p><\/blockquote>\n<p class=\"\">El actor y la cantante conocida como \u201cLola\u201d, hija de Madonna, no solo fueron compa\u00f1eros de clase en LaGuardia High School en Nueva York, tambi\u00e9n fueron pareja. Se conocieron en la escuela especializada en artes esc\u00e9nicas y estuvieron juntos durante un a\u00f1o en 2013. \u201cLo respeto mucho, tuvimos algo\u201d, dijo la hija de la cantante a Vanity Fair en 2021. \u201cMi primer novio\u201d, record\u00f3.<\/p>\n<p>7<b>. <\/b>Scarlett Johansson y Jack Antonoff<\/p>\n<p class=\"\">La actriz y el m\u00fasico tambi\u00e9n fueron pareja en el instituto y hasta fueron juntos en 2002 al baile de fin de curso, una tradici\u00f3n en los colegios de Estados Unidos. Estuvieron juntos dos a\u00f1os mientras asist\u00edan a la Professional Children\u2019s School en el Upper West Side. \u201cCuando est\u00e1bamos en el instituto, <a href=\"https:\/\/elpais.com\/gente\/2026-07-08\/margaret-qualley-y-jack-antonoff-se-separan-despues-de-tres-anos-de-matrimonio.html\" target=\"_blank\" rel=\"nofollow noopener\" title=\"https:\/\/elpais.com\/gente\/2026-07-08\/margaret-qualley-y-jack-antonoff-se-separan-despues-de-tres-anos-de-matrimonio.html\">Jack estaba completamente obsesionado con ella<\/a>, y ella le rompi\u00f3 el coraz\u00f3n\u201d, cont\u00f3 un amigo del colegio al New York Post. \u201cRompieron poco despu\u00e9s de graduarse\u2026 Ella se dej\u00f3 llevar por el mundo de Hollywood\u00bb, asegur\u00f3.<\/p>\n<p>8. Maya Hawke y Alex Wolff<img alt=\"\" decoding=\"auto\" class=\"_re lazyload a_m-v\" height=\"465\"  width=\"414\"  src=\"https:\/\/www.europesays.com\/es\/wp-content\/uploads\/2026\/07\/5NFFU7SQTFFMLM2CDQIMSHUHYQ.jpg\" loading=\"lazy\" fetchpriority=\"low\"\/>Maya Hawke y Alex Wolff en el estreno de &#8216;Capital Humano&#8217;, el 10 de septiembre de 2019, en Toronto.Rodin Eckenroth (WireImage)<\/p>\n<p class=\"\">Antes de participar en El capital humano (Human Capital) <a href=\"https:\/\/elpais.com\/gente\/2026-02-16\/maya-hawke-hija-de-uma-thurman-e-ethan-hawke-se-casa-en-san-valentin-arropada-por-sus-padres-y-el-elenco-de-stranger-things.html\" target=\"_blank\" rel=\"nofollow noopener\" title=\"https:\/\/elpais.com\/gente\/2026-02-16\/maya-hawke-hija-de-uma-thurman-e-ethan-hawke-se-casa-en-san-valentin-arropada-por-sus-padres-y-el-elenco-de-stranger-things.html\">Maya Hawke<\/a> y Alex Wolff compartieron disfraz de Power Rangers cuando eran peque\u00f1os. Los actores fueron juntos al mismo preescolar en Nueva York. \u201cCreo que Maya va a negar que se disfraz\u00f3 de Power Ranger para Halloween, y quiero dejar constancia de que est\u00e1 mintiendo\u201d, brome\u00f3 Wolff en una <a href=\"https:\/\/variety.com\/2020\/film\/podcasts\/alex-wolff-human-capital-castle-in-the-ground-nicolas-cage-1203516795\/\" target=\"_blank\" rel=\"noreferrer nofollow noopener\" title=\"https:\/\/variety.com\/2020\/film\/podcasts\/alex-wolff-human-capital-castle-in-the-ground-nicolas-cage-1203516795\/\">entrevista de Variety en 2020<\/a>.<\/p>\n<p>8. Jessie J y Adele<img alt=\"\" decoding=\"auto\" class=\"_re lazyload a_m-h\" height=\"233\"  width=\"414\"  src=\"https:\/\/www.europesays.com\/es\/wp-content\/uploads\/2026\/07\/WNQSIXO2PRGINIZWRAXZXN6JEA.jpg\" loading=\"lazy\" fetchpriority=\"low\"\/>Jessie J y Adele  Samir Hussein \/ Stefanie Keenan \/ GettyImages<\/p>\n<p class=\"\">Las cantantes brit\u00e1nicas asist\u00edan a la escuela de artes esc\u00e9nicas y tecnolog\u00eda BRIT en Inglaterra. \u201c\u00a1Est\u00e1bamos en el mismo a\u00f1o!\u201d, cont\u00f3 Jessie J a People en 2020, y a\u00f1adi\u00f3: \u201cSol\u00edamos cantar juntas a la hora del almuerzo. Obviamente, en ese momento no nos imagin\u00e1bamos que las dos llegar\u00edamos a tener nuestra propia m\u00fasica, pero es incre\u00edble. Siempre fue una persona con una energ\u00eda muy positiva en el colegio\u201d.<\/p>\n<p>9. Tupac y Jada Pinkett Smith<\/p>\n<p class=\"\">El rapero y la actriz estudiaron juntos en la Escuela de Arte de Baltimore en Maryland. M\u00e1s tarde, en 1993, los dos aparecieron en la serie Un mundo diferente y consolidaron su amistad. \u201cEra el primer d\u00eda y se acerc\u00f3 a m\u00ed y se present\u00f3\u201d, <a href=\"https:\/\/elpais.com\/gente\/2026-07-07\/will-smith-y-jada-pinkett-vuelven-a-vivir-juntos-tras-anos-de-idas-y-venidas.html\" target=\"_blank\" rel=\"nofollow noopener\" title=\"https:\/\/elpais.com\/gente\/2026-07-07\/will-smith-y-jada-pinkett-vuelven-a-vivir-juntos-tras-anos-de-idas-y-venidas.html\">record\u00f3 Pinkett Smith<\/a> en una entrevista en 2009. \u201cEn la preparatoria, Pac ten\u00eda un aspecto un poco raro. A simple vista, no era el tipo de persona con la que me gustar\u00eda relacionarme. Pero en cuanto se me acerc\u00f3, fue como un im\u00e1n. Una vez que le prestabas atenci\u00f3n, te atra\u00eda. Y conectamos desde ese momento\u2026 No creo que ninguno de los dos pensara que llegar\u00edamos tan lejos, pero sab\u00edamos que \u00edbamos a lograr algo\u201d, cont\u00f3.<\/p>\n<p>10. Jay-Z y Busta Rhymes<img alt=\"\" decoding=\"auto\" class=\"_re lazyload a_m-h\" height=\"350\"  width=\"414\"  src=\"https:\/\/www.europesays.com\/es\/wp-content\/uploads\/2026\/07\/37ZOP6X2SZBSBJIENIUMO6RSIA.jpg\" loading=\"lazy\" fetchpriority=\"low\"\/>Busta Rhymes y Jay Z, el 9 de abril de 2002, en Nueva York.KMazur (WireImage)<\/p>\n<p class=\"\">Los raperos coincidieron en la escuela George Westinghouse Career and Technical Education High School en Brooklyn. \u201cBusta y yo tuvimos una batalla en el comedor\u201d, record\u00f3 Jay-Z en una entrevista con Jimmy Kimmel en 2015. \u201cAmo a Busta Rhymes\u201d, dijo. Los cantantes sol\u00edan enfrentarse y compitieron por el t\u00edtulo de mejores raperos. Y tambi\u00e9n compartieron aula con el rapero Notorious B.I.G. <\/p>\n<p>12. Melendi y Fernando Alonso<img alt=\"\" decoding=\"auto\" class=\"_re lazyload a_m-h\" height=\"233\"  width=\"414\"  src=\"https:\/\/www.europesays.com\/es\/wp-content\/uploads\/2026\/07\/A2TF5OQGMRFN7KBT2UVAO4THOE.jpg\" loading=\"lazy\" fetchpriority=\"low\"\/>Melendi y Fernando AlonsoBeatriz Velasco \/ Marcel van Dorst \/ GettyImages<\/p>\n<p class=\"\">El cantante y el piloto se conocieron en el Instituto Leopoldo Alas Clar\u00edn de Oviedo. La amistad entre los asturianos perdura actualmente y prueba de ello es <a href=\"https:\/\/elpais.com\/gente\/2026-07-15\/melendi-recuerda-el-incidente-que-protagonizo-en-un-avion-y-que-casi-acaba-con-su-carrera-el-mundo-se-me-freno-en-seco.html\" target=\"_blank\" rel=\"nofollow noopener\" title=\"https:\/\/elpais.com\/gente\/2026-07-15\/melendi-recuerda-el-incidente-que-protagonizo-en-un-avion-y-que-casi-acaba-con-su-carrera-el-mundo-se-me-freno-en-seco.html\">la canci\u00f3n El Nano que compuso Melendi<\/a> en honor a Alonso.<\/p>\n<p>13. Lenny Kravitz, Slash y Nicolas Cage<img alt=\"Lenny Kravitz, Slash\" decoding=\"auto\" class=\"_re lazyload a_m-h\" height=\"311\"  width=\"414\"  src=\"https:\/\/www.europesays.com\/es\/wp-content\/uploads\/2026\/07\/INR6RQ2L2FA3TNMBUF43PSMCVE.jpg\" loading=\"lazy\" fetchpriority=\"low\"\/>Lenny Kravitz y Slash en los American Music Awards, el 14 de noviembre de 2004, en Los \u00c1ngeles.KMazur (WireImage via Getty Images)<\/p>\n<p class=\"\">En 2023, Lenny Kravitz record\u00f3 su \u00e9poca en el instituto de Beverly Hills. Nicolas Cage, Gina Gershon y el guitarrista Slash fueron algunos de sus compa\u00f1eros. \u201cHace poco vi a Slash, con quien fui al instituto. Y a Gina Gershon\u201d, dijo en una entrevista con Esquire. \u201cEn aquel entonces se llamaba Nic Coppola\u201d, record\u00f3 Kravitz sobre Cage. \u201cY recuerdo haber participado en una obra de teatro escolar con \u00e9l. \u00a1Oklahoma!, de Richard Rodgers y Oscar Hammerstein II. \u201cYo estaba en la orquesta y Nic en el escenario\u2026 \u00c9l cantaba, bailaba y actuaba, y yo tocaba la bater\u00eda. Fue una \u00e9poca genial\u201d, cont\u00f3.<\/p>\n<p>14. Robert Downey Jr., Sean Penn y Rob Lowe<img alt=\"\" decoding=\"auto\" class=\"_re lazyload a_m-h\" height=\"311\"  width=\"414\"  src=\"https:\/\/www.europesays.com\/es\/wp-content\/uploads\/2026\/07\/T2V5J6272RDNLLPMWMGBQZFPPM.jpg\" loading=\"lazy\" fetchpriority=\"low\"\/>Robert Downey Jr. y Rob Lowe en el Festival Internacional de Cine de Santa B\u00e1rbara, el 9 de febrero de 2024, en California.Rebecca Sapp (Getty Images for SBIFF)<\/p>\n<p class=\"\">El instituto en Santa M\u00f3nica fue sede de grandes actores: Robert Downey Jr., Sean Penn, Emilio Estevez, Charlie Seen y Rob Lowe. \u201cRecuerdo v\u00edvidamente nuestros tuppers en el patio. Charlie fue uno de los primeros en usar chalecos antibalas y colonia Polo\u201d, record\u00f3 Lowe en 2014 en el programa de Howard Stern. Sheen dijo en All the Smoke en 2025: \u201cTodos intent\u00e1bamos hacer cosas normales de adolescentes\u201d, dijo Sheen en 2025. \u201cSean se tomaba su carrera m\u00e1s en serio que el resto de nosotros. Ten\u00eda pasi\u00f3n\u201d, record\u00f3 en All the Smoke sobre Penn, quien comenz\u00f3 a trabajar en el cine a los 13 a\u00f1os. Todos los int\u00e9rpretes comenzaron sus carreras siendo unos ni\u00f1os y Robert Downey Jr fue el que inici\u00f3 m\u00e1s temprano, a los cinco a\u00f1os.<\/p>\n<p>16. Kate Hudson, Zooey Deschanel y Live Tyler<img alt=\"\" decoding=\"auto\" class=\"_re lazyload a_m-h\" height=\"311\"  width=\"414\"  src=\"https:\/\/www.europesays.com\/es\/wp-content\/uploads\/2026\/07\/7SCR6HGSJNFTPCHJCT7KIIAKAY.jpg\" loading=\"lazy\" fetchpriority=\"low\"\/>Zooey Deschanel y Kate Hudson el 10 de enero de 2026, en Los \u00c1ngeles.DUTCH\/Bauer-Griffin (GC Images via Getty Images)<\/p>\n<p class=\"\">Hudson y Deschanel compartieron escenario en un musical escolar de su colegio Crossroads School for Arts &amp; Sciences sin imaginarse que m\u00e1s tarde aparecer\u00edan juntas en la pel\u00edcula Casi Famosos. \u201cUna vez participamos en un musical\u201d,<a href=\"https:\/\/elpais.com\/gente\/2026-01-04\/hugh-jackman-y-kate-hudson-sobre-la-musica-el-amor-las-criticas-y-el-encasillamiento-si-tu-proposito-es-crear-no-importa-lo-que-digan-fuera.html\" target=\"_blank\" rel=\"nofollow noopener\" title=\"https:\/\/elpais.com\/gente\/2026-01-04\/hugh-jackman-y-kate-hudson-sobre-la-musica-el-amor-las-criticas-y-el-encasillamiento-si-tu-proposito-es-crear-no-importa-lo-que-digan-fuera.html\"> record\u00f3 Hudson<\/a> al presentador Andy Cohen. \u201cEst\u00e1bamos audicionando para el papel principal, pero ninguna de las dos lo consigui\u00f3\u201d, dijo.<\/p>\n<p class=\"\">Otra de sus compa\u00f1eras fue <a href=\"https:\/\/elpais.com\/gente\/2025-04-19\/el-regreso-de-liv-tyler-tras-cinco-anos-de-retiro-la-actriz-que-prefiere-planchar-sabanas-en-el-campo-a-dejarse-aplastar-por-hollywood.html\" target=\"_blank\" rel=\"nofollow noopener\" title=\"https:\/\/elpais.com\/gente\/2025-04-19\/el-regreso-de-liv-tyler-tras-cinco-anos-de-retiro-la-actriz-que-prefiere-planchar-sabanas-en-el-campo-a-dejarse-aplastar-por-hollywood.html\">la actriz Liv Tyler<\/a>. \u201cConoc\u00ed a Liv Tyler y para m\u00ed\u2026 una chica de secundaria, quiz\u00e1s en el tercer a\u00f1o de secundaria, era como ella es Liv Tyler\u201d, record\u00f3 Hudson en 2025. La protagonista de C\u00f3mo perder a un chico en 10 d\u00edas estaba impresionada porque Tyler acababa de participar en el videoclip de Crazy de su padre, Steven Tyler, el l\u00edder y vocalista de Aerosmith.<\/p>\n<p><script async src=\"https:\/\/platform.twitter.com\/widgets.js\" charset=\"utf-8\"><\/script><\/p>\n","protected":false},"excerpt":{"rendered":"Matt Damon es el amigo que ha acompa\u00f1ado a Ben Aflleck en todas sus etapas, y viceversa. Su&hellip;\n","protected":false},"author":2,"featured_media":667383,"comment_status":"","ping_status":"","sticky":false,"template":"","format":"standard","meta":{"footnotes":""},"categories":[174],"tags":[1014,3061,255,2027,146,147,25,24,256,260,6585,29837,20186,1670,23,33953],"class_list":["post-667382","post","type-post","status-publish","format-standard","has-post-thumbnail","category-famosos","tag-actores","tag-cantantes","tag-celebrities","tag-colegios","tag-entertainment","tag-entretenimiento","tag-es","tag-espana","tag-famosos","tag-gente","tag-guillermo-de-inglaterra","tag-lenny-kravitz","tag-matthew-perry","tag-politicos","tag-spain","tag-timothee-chalamet"],"share_on_mastodon":{"url":"https:\/\/pubeurope.com\/@es\/116950748870670806","error":""},"_links":{"self":[{"href":"https:\/\/www.europesays.com\/es\/wp-json\/wp\/v2\/posts\/667382","targetHints":{"allow":["GET"]}}],"collection":[{"href":"https:\/\/www.europesays.com\/es\/wp-json\/wp\/v2\/posts"}],"about":[{"href":"https:\/\/www.europesays.com\/es\/wp-json\/wp\/v2\/types\/post"}],"author":[{"embeddable":true,"href":"https:\/\/www.europesays.com\/es\/wp-json\/wp\/v2\/users\/2"}],"replies":[{"embeddable":true,"href":"https:\/\/www.europesays.com\/es\/wp-json\/wp\/v2\/comments?post=667382"}],"version-history":[{"count":0,"href":"https:\/\/www.europesays.com\/es\/wp-json\/wp\/v2\/posts\/667382\/revisions"}],"wp:featuredmedia":[{"embeddable":true,"href":"https:\/\/www.europesays.com\/es\/wp-json\/wp\/v2\/media\/667383"}],"wp:attachment":[{"href":"https:\/\/www.europesays.com\/es\/wp-json\/wp\/v2\/media?parent=667382"}],"wp:term":[{"taxonomy":"category","embeddable":true,"href":"https:\/\/www.europesays.com\/es\/wp-json\/wp\/v2\/categories?post=667382"},{"taxonomy":"post_tag","embeddable":true,"href":"https:\/\/www.europesays.com\/es\/wp-json\/wp\/v2\/tags?post=667382"}],"curies":[{"name":"wp","href":"https:\/\/api.w.org\/{rel}","templated":true}]}}