{"id":667480,"date":"2026-07-20T07:22:16","date_gmt":"2026-07-20T07:22:16","guid":{"rendered":"https:\/\/www.europesays.com\/es\/667480\/"},"modified":"2026-07-20T07:22:16","modified_gmt":"2026-07-20T07:22:16","slug":"semana-clave-para-saber-si-carlos-alcaraz-regresara-a-las-pistas-o-no-en-cincinnati","status":"publish","type":"post","link":"https:\/\/www.europesays.com\/es\/667480\/","title":{"rendered":"Semana clave para saber si Carlos Alcaraz regresar\u00e1 a las pistas o no en Cincinnati"},"content":{"rendered":"<p style=\"\">Carlos Alcaraz retomar\u00e1 esta semana los entrenamientos despu\u00e9s de disfrutar de unos d\u00edas de descanso en la costa amalfitana y un viaje rel\u00e1mpago a Nueva  &#8230; York para ver en directo la final del Mundial. El tenista murciano volver\u00e1 a la pista, probablemente este martes, con el objetivo de preparar la gira norteamericana sobre pista dura. Una vez que su mu\u00f1eca est\u00e1 sana y curada, lo que toca ahora es aumentar cargas y ver c\u00f3mo responde esa mu\u00f1eca cuando Alcaraz empiece a golpear la bola con dureza.<\/p>\n<p class=\"v-d-p\" style=\"\">Carlitos ha pasado el fin de semana en Nueva York, donde asisti\u00f3 a la final del Mundial de f\u00fatbol, siendo el encargado de llevar la copa hasta el c\u00e9sped junto a la actriz surcoreana Jung Ho-yeon. Antes de la final, el n\u00famero tres del mundo tambi\u00e9n estuvo presente en una fiesta privada celebrada en la ciudad estadounidense, en la que coincidi\u00f3 con el rapero Travis Scott, con quien tiene una muy buena relaci\u00f3n. La presencia de ambos en el evento fue ampliamente difundida en las redes sociales a trav\u00e9s de im\u00e1genes y v\u00eddeos compartidos por algunos de los asistentes, reflejando una vez m\u00e1s la creciente proyecci\u00f3n internacional del tenista fuera del \u00e1mbito deportivo.<\/p>\n<p class=\"v-d-p\" style=\"\">Concluido este periodo de descanso, Alcaraz regresar\u00e1 este lunes a casa y volver\u00e1 a trabajar estos d\u00edas junto a su equipo en El Palmar con la mirada puesta en el Masters 1000 de Cincinnati. Est\u00e1 inscrito en el torneo y su objetivo es reaparecer all\u00ed. El plan pasa por aumentar las cargas en su mu\u00f1eca de forma progresiva y completar una buena preparaci\u00f3n antes del inicio de la gira estadounidense, donde tiene que defender una importante cantidad de puntos en el ranking ATP. Su prioridad ahora no es el ranking, pero est\u00e1 claro que despu\u00e9s de cuatro meses parado todo lo que sea mantener puntos es una buena noticia para \u00e9l.<\/p>\n<p>\n\u00abVolver\u00e1 mejor que antes\u00bb\n<\/p>\n<p class=\"v-d-p\" style=\"\">Alcaraz buscar\u00e1 llegar en las mejores condiciones al US Open, \u00faltimo Grand Slam de la temporada. Pero si las cosas no van bien esta semana y hay que parar, la consigna de los m\u00e9dicos es clara: es mejor perderse este US Open y pensar en la pr\u00f3xima temporada que recaer y tener que empezar de cero. En este sentido, Rick Macci, que fue entrenador de Serena Williams, Venus Williams, Andy Roddick, Maria Sharapova y Jennifer Capriati, dio ayer por hecho que Alcaraz regresar\u00e1 en Cincinnati. \u00abHa sabido convertir una situaci\u00f3n negativa en positiva y su forma f\u00edsica es incluso mejor que antes. Ahora solo necesita sentir la presi\u00f3n del combate real y tomarle el pulso a los puntos clave. Si se siente bien en toda la mu\u00f1eca, le veremos levantar el pu\u00f1o en se\u00f1al de victoria\u00bb, dijo quien fuera t\u00e9cnico de cinco tenistas que llegaron al n\u00famero uno.<\/p>\n","protected":false},"excerpt":{"rendered":"Carlos Alcaraz retomar\u00e1 esta semana los entrenamientos despu\u00e9s de disfrutar de unos d\u00edas de descanso en la costa&hellip;\n","protected":false},"author":2,"featured_media":667481,"comment_status":"","ping_status":"","sticky":false,"template":"","format":"standard","meta":{"footnotes":""},"categories":[274],"tags":[4736,2134,12554,168,25,24,15316,21044,10005,773,23,167,327,326],"class_list":["post-667480","post","type-post","status-publish","format-standard","has-post-thumbnail","category-tenis","tag-alcaraz","tag-cincinnati","tag-clave","tag-deportes","tag-es","tag-espana","tag-pistas","tag-regresara","tag-saber","tag-semana","tag-spain","tag-sports","tag-tenis","tag-tennis"],"share_on_mastodon":{"url":"https:\/\/pubeurope.com\/@es\/116951105267725482","error":""},"_links":{"self":[{"href":"https:\/\/www.europesays.com\/es\/wp-json\/wp\/v2\/posts\/667480","targetHints":{"allow":["GET"]}}],"collection":[{"href":"https:\/\/www.europesays.com\/es\/wp-json\/wp\/v2\/posts"}],"about":[{"href":"https:\/\/www.europesays.com\/es\/wp-json\/wp\/v2\/types\/post"}],"author":[{"embeddable":true,"href":"https:\/\/www.europesays.com\/es\/wp-json\/wp\/v2\/users\/2"}],"replies":[{"embeddable":true,"href":"https:\/\/www.europesays.com\/es\/wp-json\/wp\/v2\/comments?post=667480"}],"version-history":[{"count":0,"href":"https:\/\/www.europesays.com\/es\/wp-json\/wp\/v2\/posts\/667480\/revisions"}],"wp:featuredmedia":[{"embeddable":true,"href":"https:\/\/www.europesays.com\/es\/wp-json\/wp\/v2\/media\/667481"}],"wp:attachment":[{"href":"https:\/\/www.europesays.com\/es\/wp-json\/wp\/v2\/media?parent=667480"}],"wp:term":[{"taxonomy":"category","embeddable":true,"href":"https:\/\/www.europesays.com\/es\/wp-json\/wp\/v2\/categories?post=667480"},{"taxonomy":"post_tag","embeddable":true,"href":"https:\/\/www.europesays.com\/es\/wp-json\/wp\/v2\/tags?post=667480"}],"curies":[{"name":"wp","href":"https:\/\/api.w.org\/{rel}","templated":true}]}}