{"id":667537,"date":"2026-07-20T08:09:29","date_gmt":"2026-07-20T08:09:29","guid":{"rendered":"https:\/\/www.europesays.com\/es\/667537\/"},"modified":"2026-07-20T08:09:29","modified_gmt":"2026-07-20T08:09:29","slug":"la-vida-de-pau-cubarsi-su-novia-sus-estudios-y-su-vida-en-barcelona-con-su-hermana-mayor","status":"publish","type":"post","link":"https:\/\/www.europesays.com\/es\/667537\/","title":{"rendered":"La vida de Pau Cubars\u00ed: su novia, sus estudios y su vida en Barcelona con su hermana mayor"},"content":{"rendered":"<p>19\/07\/2026<\/p>\n<p>Actualizado a las 19:32h.<\/p>\n<p class=\"v-d-p\" style=\"\">Espa\u00f1a afronta este domingo el partido m\u00e1s importante de los \u00faltimos diecis\u00e9is a\u00f1os. La selecci\u00f3n de Luis de la Fuente disputar\u00e1 la final de la Copa del Mundo contra Argentina despu\u00e9s de imponerse por 2-0 a Francia en semifinales y alcanzar por segunda vez en su historia el encuentro decisivo del torneo.<\/p>\n<p class=\"v-d-p\" style=\"\">Espa\u00f1a llega al duelo despu\u00e9s de haber ido creciendo con el paso de las eliminatorias y de ofrecer ante Francia una de sus actuaciones m\u00e1s completas. Una de las claves de su camino hasta la final ha sido la solidez de la pareja de centrales formada por Aymeric Laporte y Pau Cubars\u00ed. El primero aporta jerarqu\u00eda y experiencia. El segundo, con solo 19 a\u00f1os, se ha convertido en una de las grandes apariciones del Mundial y en uno de los centrales j\u00f3venes m\u00e1s importantes del mundo. Pero, \u00bfqu\u00e9 sabemos exactamente de \u00e9l?<\/p>\n<p>\nOrigen, infancia y llegada al Bar\u00e7a\n<\/p>\n<p class=\"v-d-p\" style=\"\">Pau Cubars\u00ed Paredes naci\u00f3 el 22 de enero de 2007 en Estanyol, Gerona, donde creci\u00f3 en un entorno familiar, muy alejado del ruido que ahora acompa\u00f1a a su carrera. Sus primeros pasos en el f\u00fatbol llegaron en clubes de base de la zona y despu\u00e9s en el Girona, desde donde el Bar\u00e7a lo incorpor\u00f3 el 1 de julio de 2018, cuando todav\u00eda estaba en edad alev\u00edn.<\/p>\n<p class=\"v-d-p\" style=\"\">Su llegada a La Masia fue el inicio de una progresi\u00f3n muy r\u00e1pida. Cubars\u00ed fue quemando etapas en las categor\u00edas inferiores azulgranas hasta convertirse en uno de los centrales m\u00e1s prometedores de la cantera. Su perfil encajaba perfectamente con lo que hist\u00f3ricamente ha buscado el Bar\u00e7a en esa posici\u00f3n: buena lectura, tranquilidad con bal\u00f3n, capacidad para iniciar la jugada desde atr\u00e1s y personalidad para jugar muchos metros por delante de su porter\u00eda.<\/p>\n<p><img decoding=\"async\" loading=\"lazy\" src=\"https:\/\/www.europesays.com\/es\/wp-content\/uploads\/2026\/07\/11-U23588578527WOR-680x476@diario_abc.PNG\" class=\"v-a-img\" width=\"680\" height=\"478\" alt=\"La familia de Cubars\u00ed durante el 21 cumplea\u00f1os de su hermana mayor.\" data-voc-vtm-id=\"in-text-traffic\"\/><\/p>\n<p>La familia de Cubars\u00ed durante el 21 cumplea\u00f1os de su hermana mayor.<\/p>\n<p class=\"v-d-p\" style=\"\">Pese a su irrupci\u00f3n, Cubars\u00ed ha tratado de mantener una vida bastante normal. Vive en Barcelona con su hermana mayor, Irene, mientras sus padres siguen muy vinculados a Estanyol y le visitan con frecuencia. Tambi\u00e9n ha contado que estudia Administraci\u00f3n y Direcci\u00f3n de Empresas y que en casa hace tareas cotidianas como cocinar o fregar los platos, algo que su entorno considera clave para mantenerle con los pies en el suelo.<\/p>\n<p>\nMartina Riera, la discreta novia de Pau Cubars\u00ed\n<\/p>\n<p class=\"v-d-p\" style=\"\">Cubars\u00ed tambi\u00e9n ha intentado mantener su vida sentimental alejada de los focos. Su pareja actual es Martina Riera, una joven con la que hab\u00eda sido fotografiado durante algunos viajes y momentos de ocio, aunque el futbolista evit\u00f3 durante mucho tiempo mostrarla en sus perfiles. La presentaci\u00f3n p\u00fablica lleg\u00f3 en mayo de 2026, durante la celebraci\u00f3n del t\u00edtulo de Liga del Bar\u00e7a, cuando comparti\u00f3 por primera vez una fotograf\u00eda junto a ella sobre el c\u00e9sped del Camp Nou y con el trofeo.<\/p>\n<p><img decoding=\"async\" loading=\"lazy\" src=\"https:\/\/www.europesays.com\/es\/wp-content\/uploads\/2026\/07\/1-U03377417065bmi-680x575@diario_abc.PNG\" class=\"v-a-img\" width=\"680\" height=\"478\" alt=\"Pau Cubars\u00ed y su novia Martina durante la cena de celebraci\u00f3n del final de temporada del Bar\u00e7a.\" data-voc-vtm-id=\"in-text-traffic\"\/><\/p>\n<p>Pau Cubars\u00ed y su novia Martina durante la cena de celebraci\u00f3n del final de temporada del Bar\u00e7a.<\/p>\n<p>(Instagram)<\/p>\n<p class=\"v-d-p\" style=\"\">Martina tambi\u00e9n ha acompa\u00f1ado al central durante el Mundial de Estados Unidos, donde ha compartido algunos planes con Irene Cubars\u00ed y con las parejas y familiares de otros internacionales espa\u00f1oles. M\u00e1s all\u00e1 de estas apariciones, apenas existen datos sobre ella.<\/p>\n<p>\nSu debut con el Bar\u00e7a\n<\/p>\n<p class=\"v-d-p\" style=\"\">El debut oficial de Cubars\u00ed con el primer equipo del Bar\u00e7a lleg\u00f3 el 18 de enero de 2024, en un partido de Copa del Rey contra Unionistas de Salamanca. Entr\u00f3 al descanso por Andreas Christensen, cuatro d\u00edas antes de cumplir los 17 a\u00f1os, y complet\u00f3 45 minutos que ya dejaron ver muchas de sus virtudes.<\/p>\n<p><img decoding=\"async\" loading=\"lazy\" src=\"https:\/\/www.europesays.com\/es\/wp-content\/uploads\/2026\/07\/11_20260703183552-U83388817121eul-680x476@diario_abc.PNG\" class=\"v-a-img\" width=\"680\" height=\"478\" alt=\"Oriol Romeu felicita a Pau Cubars\u00ed tras su debut con el primer equipo del Bar\u00e7a ante el Unionistas en Salamanca..\" data-voc-vtm-id=\"in-text-traffic\"\/><\/p>\n<p>Oriol Romeu felicita a Pau Cubars\u00ed tras su debut con el primer equipo del Bar\u00e7a ante el Unionistas en Salamanca..<\/p>\n<p>(F.C. Barcelona)<\/p>\n<p class=\"v-d-p\" style=\"\">Tres d\u00edas despu\u00e9s debut\u00f3 tambi\u00e9n en Liga, en el Benito Villamar\u00edn contra el Betis. A partir de ah\u00ed, su crecimiento fue imparable. Con Xavi Hern\u00e1ndez acab\u00f3 gan\u00e1ndose minutos durante la segunda parte de la temporada 2023\/24 y termin\u00f3 el curso con 24 partidos oficiales con el primer equipo. Lo que en un principio parec\u00eda una aparici\u00f3n puntual se convirti\u00f3 enseguida en una realidad.<\/p>\n<p class=\"v-d-p\" style=\"\">Su gran carta de presentaci\u00f3n europea lleg\u00f3 ante el N\u00e1poles, en Champions. Cubars\u00ed fue titular, se convirti\u00f3 en el defensa m\u00e1s joven del Bar\u00e7a en disputar la competici\u00f3n y acab\u00f3 elegido mejor jugador del partido. Aquella noche confirm\u00f3 que no era solo una promesa de futuro, sino un futbolista preparado para competir ya contra delanteros de primer nivel.<\/p>\n<p>\nConsolidaci\u00f3n y salto a la selecci\u00f3n\n<\/p>\n<p class=\"v-d-p\" style=\"\">La temporada 2024\/25 termin\u00f3 de consolidarle en el Bar\u00e7a. Ya con Hansi Flick en el banquillo, Cubars\u00ed disput\u00f3 56 partidos oficiales y form\u00f3 parte del equipo que gan\u00f3 Liga, Copa del Rey y Supercopa de Espa\u00f1a. Adem\u00e1s, marc\u00f3 su primer gol con el primer equipo en una eliminatoria de Copa contra el Atl\u00e9tico de Madrid.<\/p>\n<p class=\"v-d-p\" style=\"\">Su salto a la selecci\u00f3n espa\u00f1ola tambi\u00e9n fue muy precoz. Debut\u00f3 con la absoluta el 22 de marzo de 2024 ante Colombia y se convirti\u00f3, con 17 a\u00f1os y dos meses, en el defensa m\u00e1s joven en vestir la camiseta de Espa\u00f1a. Ese mismo verano se qued\u00f3 fuera de la lista final de la Eurocopa, pero s\u00ed particip\u00f3 en los Juegos Ol\u00edmpicos de Par\u00eds, donde Espa\u00f1a conquist\u00f3 la medalla de oro.<\/p>\n<p><img decoding=\"async\" loading=\"lazy\" src=\"https:\/\/www.europesays.com\/es\/wp-content\/uploads\/2026\/07\/11_20260703183814-U02552015813cAy-680x476@diario_abc.PNG\" class=\"v-a-img\" width=\"680\" height=\"478\" alt=\"Pau Cubars\u00ed junto a Eric Garc\u00eda con la medalla de oro conseguida por Espa\u00f1a en los JJ.OO. de Par\u00eds 2024.\" data-voc-vtm-id=\"in-text-traffic\"\/><\/p>\n<p>Pau Cubars\u00ed junto a Eric Garc\u00eda con la medalla de oro conseguida por Espa\u00f1a en los JJ.OO. de Par\u00eds 2024.<\/p>\n<p>(F.C. Barcelona)<\/p>\n<p class=\"v-d-p\" style=\"\">Ahora, en el Mundial, Cubars\u00ed ha dado otro paso adelante. Su rendimiento junto a Laporte ha sido una de las grandes noticias de la selecci\u00f3n. Espa\u00f1a ha encontrado en esa pareja una mezcla de experiencia y juventud, salida de bal\u00f3n y lectura defensiva . Una f\u00f3rmula que ha permitido a De la Fuente construir un equipo muy fiable desde atr\u00e1s.<\/p>\n<p>\nUn central llamado a marcar una \u00e9poca\n<\/p>\n<p class=\"v-d-p\" style=\"\">Cubars\u00ed no es un central que impresione especialmente por el f\u00edsico, sino por la cabeza. Defiende bien hacia adelante, no se precipita, rara vez parece inc\u00f3modo con bal\u00f3n y entiende muy bien cu\u00e1ndo conducir, cu\u00e1ndo filtrar un pase y cu\u00e1ndo asegurar la posesi\u00f3n. Es un defensa moderno, pero tambi\u00e9n muy sobrio: arriesga cuando debe hacerlo y simplifica cuando el partido lo exige.<\/p>\n<p class=\"v-d-p\" style=\"\">Sus estad\u00edsticas en el Mundial han reforzado esa sensaci\u00f3n. Varios an\u00e1lisis le han situado entre los centrales m\u00e1s fiables del torneo, especialmente por su precisi\u00f3n en el pase y por su capacidad para romper l\u00edneas desde la base de la jugada.<\/p>\n<p><img decoding=\"async\" loading=\"lazy\" src=\"https:\/\/www.europesays.com\/es\/wp-content\/uploads\/2026\/07\/1_20260703184136-U36437272858aCz-680x476@diario_abc.jpg\" class=\"v-a-img\" width=\"680\" height=\"478\" alt=\"Cubars\u00ed tras eliminar a Austria en la ronda de diaciseiavos.\" data-voc-vtm-id=\"in-text-traffic\"\/><\/p>\n<p>Cubars\u00ed tras eliminar a Austria en la ronda de diaciseiavos.<\/p>\n<p>(Eeuters)<\/p>\n<p class=\"v-d-p\" style=\"\">La final contra Argentina ser\u00e1 la mayor prueba de su corta carrera. La vigente campeona del mundo cuenta con futbolistas capaces de castigar cualquier error, pero Cubars\u00ed ya ha demostrado durante el torneo que la dificultad significa poco para \u00e9l. Hace poco m\u00e1s de dos a\u00f1os debutaba con el Bar\u00e7a. Hoy, con 19, es una de las grandes razones por las que Espa\u00f1a se permite so\u00f1ar con conquistar su segunda Copa del Mundo.<\/p>\n","protected":false},"excerpt":{"rendered":"19\/07\/2026 Actualizado a las 19:32h. Espa\u00f1a afronta este domingo el partido m\u00e1s importante de los \u00faltimos diecis\u00e9is a\u00f1os.&hellip;\n","protected":false},"author":2,"featured_media":667538,"comment_status":"","ping_status":"","sticky":false,"template":"","format":"standard","meta":{"footnotes":""},"categories":[274],"tags":[988,82311,48108,5437,1616,168,25,24,5604,4968,23,167,327,326,2606],"class_list":["post-667537","post","type-post","status-publish","format-standard","has-post-thumbnail","category-tenis","tag-anos","tag-comandar","tag-cubarsi","tag-debut","tag-defensa","tag-deportes","tag-es","tag-espana","tag-espectacular","tag-pau","tag-spain","tag-sports","tag-tenis","tag-tennis","tag-vida"],"share_on_mastodon":{"url":"https:\/\/pubeurope.com\/@es\/116951291299104065","error":""},"_links":{"self":[{"href":"https:\/\/www.europesays.com\/es\/wp-json\/wp\/v2\/posts\/667537","targetHints":{"allow":["GET"]}}],"collection":[{"href":"https:\/\/www.europesays.com\/es\/wp-json\/wp\/v2\/posts"}],"about":[{"href":"https:\/\/www.europesays.com\/es\/wp-json\/wp\/v2\/types\/post"}],"author":[{"embeddable":true,"href":"https:\/\/www.europesays.com\/es\/wp-json\/wp\/v2\/users\/2"}],"replies":[{"embeddable":true,"href":"https:\/\/www.europesays.com\/es\/wp-json\/wp\/v2\/comments?post=667537"}],"version-history":[{"count":0,"href":"https:\/\/www.europesays.com\/es\/wp-json\/wp\/v2\/posts\/667537\/revisions"}],"wp:featuredmedia":[{"embeddable":true,"href":"https:\/\/www.europesays.com\/es\/wp-json\/wp\/v2\/media\/667538"}],"wp:attachment":[{"href":"https:\/\/www.europesays.com\/es\/wp-json\/wp\/v2\/media?parent=667537"}],"wp:term":[{"taxonomy":"category","embeddable":true,"href":"https:\/\/www.europesays.com\/es\/wp-json\/wp\/v2\/categories?post=667537"},{"taxonomy":"post_tag","embeddable":true,"href":"https:\/\/www.europesays.com\/es\/wp-json\/wp\/v2\/tags?post=667537"}],"curies":[{"name":"wp","href":"https:\/\/api.w.org\/{rel}","templated":true}]}}