{"id":667545,"date":"2026-07-20T08:14:11","date_gmt":"2026-07-20T08:14:11","guid":{"rendered":"https:\/\/www.europesays.com\/es\/667545\/"},"modified":"2026-07-20T08:14:11","modified_gmt":"2026-07-20T08:14:11","slug":"el-look-de-madonna-para-actuar-junto-a-ronaldo-y-ronaldinho-en-la-final-del-mundial","status":"publish","type":"post","link":"https:\/\/www.europesays.com\/es\/667545\/","title":{"rendered":"El look de Madonna para actuar junto a Ronaldo y Ronaldinho en la final del Mundial"},"content":{"rendered":"<p style=\"\">La hist\u00f3rica victoria de <a href=\"https:\/\/www.abc.es\/deportes\/futbol\/mundial\/espana-alcanza-eternidad-20260719000307-nt.html\" target=\"_self\" data-voc-vtm-id=\"in-text-traffic\" data-mrf-link=\"www.abc.es\" rel=\"nofollow noopener\">Espa\u00f1a frente a Argentina<\/a> en el <strong>Mundial de f\u00fatbol 2026<\/strong> tambi\u00e9n pasar\u00e1 a la historia por ser el primero con una actuaci\u00f3n musical en su descanso, a la misma altura que los grandes espect\u00e1culos americanos de la NFL. Este  &#8230; primer show estuvo protagonizado por <a href=\"https:\/\/www.abc.es\/estilo\/moda\/vestido-200000-cristales-shakira-brillar-final-mundial-20260720073353-nt.html\" target=\"_self\" data-voc-vtm-id=\"in-text-traffic\" data-mrf-link=\"www.abc.es\" rel=\"nofollow noopener\">Shakira<\/a>, <strong>Madonna<\/strong>, <strong>Justin Bieber, Coldplay<\/strong> y <strong>BTS<\/strong>, convertido ya en el primer espect\u00e1culo del descanso de la <strong>Copa del Mundo de la FIFA<\/strong> de la historia.<\/p>\n<p class=\"v-d-p\" style=\"\">Madonna era la encargada de abrir el espect\u00e1culo, apareciendo en las entra\u00f1as del <strong>MetLife Stadium<\/strong> subida en un descapotable y rodeada de un s\u00e9quito de bailarines y caras conocidas entre las que los emblem\u00e1ticos jugadores <strong>Ronaldo Nazario<\/strong> y <strong>Ronaldinho<\/strong> escoltaron a la cantante hasta el terreno de juego, ante la mirada at\u00f3nita de todos los asistentes. <\/p>\n<p class=\"v-d-p\" style=\"\">Al ritmo de &#8216;Music&#8217;, y seguida de &#8216;Bring Your Love&#8217;, Madonna aparec\u00eda en escena con un llamativo estilismo firmado por <strong>Saint Laurent<\/strong> de inspiraci\u00f3n deportiva y con el malva como color protagonista. Un look que tal y como confirmaba su estilista <strong>Rita Melssen<\/strong> a medios estadounidenses, est\u00e1 inspirado en las im\u00e1genes que los paparazzi hac\u00edan a la propia Madonna en los a\u00f1os 90 cuando la protagonista iba y ven\u00eda a sus entrenamientos. <\/p>\n<p>Detalles del estilismo de Madonna en su actuaci\u00f3n en el Mundial.<\/p>\n<p class=\"v-d-p\" style=\"\">Los adornos de <strong>cristal de Swarovski<\/strong>, al igual que en el look escogido por <a href=\"https:\/\/www.abc.es\/estilo\/moda\/vestido-200000-cristales-shakira-brillar-final-mundial-20260720073353-nt.html\" target=\"_self\" data-voc-vtm-id=\"in-text-traffic\" data-mrf-link=\"www.abc.es\" rel=\"nofollow noopener\">Shakira<\/a> en su actuaci\u00f3n, realzan el estilismo poniendo especial \u00e9nfasis en los guantes que porta la cantante para coger su micr\u00f3fono. Se trata de un dise\u00f1o sin dedos hechos a medida para la ocasi\u00f3n y creados en colaboraci\u00f3n con el artista <strong>Le Rhinestud<\/strong>. Los guantes est\u00e1n inspirados en los estampados gr\u00e1ficos de los guantes tradicionales de portero, mientras que un silbato tambi\u00e9n repleto de brillantes, completaba el estilismo de Madonna. <\/p>\n<p class=\"v-d-p\" style=\"\">Por su parte, <strong>Ronaldo<\/strong> y <strong>Ronaldinho<\/strong> se decantaron por lucir distintos colores de una misma versi\u00f3n de ch\u00e1ndal, en amarillo y azul, haciendo un gui\u00f1o a los colores del equipo nacional de <strong>Brasil<\/strong> con el que tanto destacaron.<\/p>\n","protected":false},"excerpt":{"rendered":"La hist\u00f3rica victoria de Espa\u00f1a frente a Argentina en el Mundial de f\u00fatbol 2026 tambi\u00e9n pasar\u00e1 a la&hellip;\n","protected":false},"author":2,"featured_media":667546,"comment_status":"","ping_status":"","sticky":false,"template":"","format":"standard","meta":{"footnotes":""},"categories":[174],"tags":[4669,255,146,147,25,24,256,1058,2326,7486,15547,1070,26303,19712,23],"class_list":["post-667545","post","type-post","status-publish","format-standard","has-post-thumbnail","category-famosos","tag-actuar","tag-celebrities","tag-entertainment","tag-entretenimiento","tag-es","tag-espana","tag-famosos","tag-final","tag-junto","tag-look","tag-madonna","tag-mundial","tag-ronaldinho","tag-ronaldo","tag-spain"],"share_on_mastodon":{"url":"https:\/\/pubeurope.com\/@es\/116951309571965338","error":""},"_links":{"self":[{"href":"https:\/\/www.europesays.com\/es\/wp-json\/wp\/v2\/posts\/667545","targetHints":{"allow":["GET"]}}],"collection":[{"href":"https:\/\/www.europesays.com\/es\/wp-json\/wp\/v2\/posts"}],"about":[{"href":"https:\/\/www.europesays.com\/es\/wp-json\/wp\/v2\/types\/post"}],"author":[{"embeddable":true,"href":"https:\/\/www.europesays.com\/es\/wp-json\/wp\/v2\/users\/2"}],"replies":[{"embeddable":true,"href":"https:\/\/www.europesays.com\/es\/wp-json\/wp\/v2\/comments?post=667545"}],"version-history":[{"count":0,"href":"https:\/\/www.europesays.com\/es\/wp-json\/wp\/v2\/posts\/667545\/revisions"}],"wp:featuredmedia":[{"embeddable":true,"href":"https:\/\/www.europesays.com\/es\/wp-json\/wp\/v2\/media\/667546"}],"wp:attachment":[{"href":"https:\/\/www.europesays.com\/es\/wp-json\/wp\/v2\/media?parent=667545"}],"wp:term":[{"taxonomy":"category","embeddable":true,"href":"https:\/\/www.europesays.com\/es\/wp-json\/wp\/v2\/categories?post=667545"},{"taxonomy":"post_tag","embeddable":true,"href":"https:\/\/www.europesays.com\/es\/wp-json\/wp\/v2\/tags?post=667545"}],"curies":[{"name":"wp","href":"https:\/\/api.w.org\/{rel}","templated":true}]}}