{"id":667585,"date":"2026-07-20T08:45:40","date_gmt":"2026-07-20T08:45:40","guid":{"rendered":"https:\/\/www.europesays.com\/es\/667585\/"},"modified":"2026-07-20T08:45:40","modified_gmt":"2026-07-20T08:45:40","slug":"leire-martinez-ojala-como-sociedad-nos-movieramos-tanto-por-la-libertad-la-igualdad-la-educacion-o-la-sanidad-ademas-de-por-el-futbol","status":"publish","type":"post","link":"https:\/\/www.europesays.com\/es\/667585\/","title":{"rendered":"Leire Mart\u00ednez: \u00abOjal\u00e1 como sociedad nos movi\u00e9ramos tanto por la libertad, la igualdad, la educaci\u00f3n o la sanidad adem\u00e1s de por el f\u00fatbol\u00bb"},"content":{"rendered":"<p>Nadie lo hab\u00eda conseguido en este siglo. Ninguna selecci\u00f3n hab\u00eda levantado dos veces la <b>Copa del Mundo <\/b>desde que empez\u00f3 el nuevo milenio, y Espa\u00f1a acaba de hacerlo. <a title=\"La &#039;Roja&#039; derrot\u00f3 a Argentina por 1-0 \" href=\"https:\/\/www.larazon.es\/deportes\/futbol\/espana-argentina-directo-hoy-horario-donde-ver-ultima-hora-final-mundial-2026_202607196a5c75b11db8de0409974a28.html\" target=\"_blank\" rel=\"nofollow noopener\">La &#8216;Roja&#8217; derrot\u00f3 a Argentina por 1-0 <\/a>en la final disputada en el <b>MetLife <\/b>y se proclam\u00f3 bicampeona del mundo, un hito que convierte a este combinado en el equipo dominante del f\u00fatbol de selecciones en lo que va de siglo XXI. El f\u00fatbol es el tema del d\u00eda, de la semana y de mes, por eso la cantante <b>Leire Mart\u00ednez <\/b>quiso pronunciarse.<\/p>\n<p>La petici\u00f3n de Leire Mart\u00ednez<\/p>\n<p><b>Francia <\/b>y <b>Alemania <\/b>hab\u00edan llegado a m\u00e1s de una final en estos veinticinco a\u00f1os, pero ninguna repiti\u00f3 t\u00edtulo. Hay que mirar m\u00e1s atr\u00e1s para encontrar equipos con ese m\u00e9rito: <b>Italia <\/b>lo hizo en 1934 y 1938, <b>Brasil <\/b>en 1958 y 1962, y <b>Argentina <\/b>persegu\u00eda ese mismo logro esta noche en Nueva Jersey. Espa\u00f1a se lo impidi\u00f3, y el resultado coloca a la &#8216;<b>Roja<\/b>&#8216; en una categor\u00eda que no ocupaba ning\u00fan combinado desde mediados del siglo pasado. Los otros finalistas de este siglo que se fueron con las manos vac\u00edas son Italia en 2006, Pa\u00edses Bajos en 2010 y Croacia en 2018, y Argentina se suma ahora a esa lista con su tercera final mundialista sin poder ganarla, aunque acumula nueve finales en grandes torneos entre <b>Mundiales <\/b>y Copas <b>Am\u00e9rica<\/b>.<\/p>\n<p>La v\u00edspera del partido, en el <b>Pride <\/b>de <b>Barcelona<\/b>,<b> Leire Mart\u00ednez <\/b>tom\u00f3 la palabra. La que fue cantante de L<b>a Oreja de Van Gogh <\/b>lanz\u00f3 un mensaje que reson\u00f3 m\u00e1s all\u00e1 del f\u00fatbol: \u00abOjal\u00e1 como sociedad nos movi\u00e9ramos tanto por la libertad, la igualdad, la educaci\u00f3n o la sanidad adem\u00e1s de por el f\u00fatbol\u00bb, afirm\u00f3, y a\u00f1adi\u00f3: \u00abY a ver si por fin en el f\u00fatbol masculino se empieza a normalizar y visibilizar la homosexualidad\u00bb.<\/p>\n<p>Una hegemon\u00eda construida en cuatro a\u00f1os<\/p>\n<p>Este t\u00edtulo en el <b>MetLife <\/b>es la cuarta final de un gran torneo que disputa <b>Espa\u00f1a <\/b>en los \u00faltimos cuatro a\u00f1os, tras las dos finales de la Liga de Naciones de 2023 y 2025. El recuento total en torneos mayores llega ya a cinco finales, dos Mundiales y tres Eurocopas, todas ellas ganadas o con presencia garantizada en la fase decisiva. A eso se a\u00f1ade que la &#8216;Roja&#8217; encadena Eurocopa y Mundial por segunda vez en su historia, algo que solo hab\u00eda conseguido en 2008 y 2010, cuando aquella generaci\u00f3n de<b> Luis Aragon\u00e9s<\/b> y<b> Vicente del Bosque<\/b> redefini\u00f3 lo que pod\u00eda lograr el f\u00fatbol espa\u00f1ol.<\/p>\n<p>El alcance de lo conseguido va m\u00e1s all\u00e1 del t\u00edtulo individual. <b>Espa\u00f1a <\/b>termina este torneo siendo simult\u00e1neamente campeona del mundo en f\u00fatbol masculino, campeona del mundo en f\u00fatbol femenino y campeona ol\u00edmpica tras el oro conseguido en Par\u00eds 2024. Un triplete de t\u00edtulos activos que no necesita m\u00e1s explicaci\u00f3n para entender por qu\u00e9 la &#8216;Roja&#8217; ocupa hoy una posici\u00f3n sin rival en el f\u00fatbol internacional de selecciones. Ahora, <b>Leire Mart\u00ednez<\/b> quiere que ese \u00e9xito tenga repercusiones sociales, que se aproveche el altavoz<\/p>\n","protected":false},"excerpt":{"rendered":"Nadie lo hab\u00eda conseguido en este siglo. Ninguna selecci\u00f3n hab\u00eda levantado dos veces la Copa del Mundo desde&hellip;\n","protected":false},"author":2,"featured_media":667586,"comment_status":"","ping_status":"","sticky":false,"template":"","format":"standard","meta":{"footnotes":""},"categories":[91],"tags":[146,147,25,24,36729,32463,6544,23],"class_list":["post-667585","post","type-post","status-publish","format-standard","has-post-thumbnail","category-entretenimiento","tag-entertainment","tag-entretenimiento","tag-es","tag-espana","tag-leire-martinez","tag-mundial-2026","tag-seleccion-espanola-de-futbol","tag-spain"],"share_on_mastodon":{"url":"https:\/\/pubeurope.com\/@es\/116951433030979856","error":""},"_links":{"self":[{"href":"https:\/\/www.europesays.com\/es\/wp-json\/wp\/v2\/posts\/667585","targetHints":{"allow":["GET"]}}],"collection":[{"href":"https:\/\/www.europesays.com\/es\/wp-json\/wp\/v2\/posts"}],"about":[{"href":"https:\/\/www.europesays.com\/es\/wp-json\/wp\/v2\/types\/post"}],"author":[{"embeddable":true,"href":"https:\/\/www.europesays.com\/es\/wp-json\/wp\/v2\/users\/2"}],"replies":[{"embeddable":true,"href":"https:\/\/www.europesays.com\/es\/wp-json\/wp\/v2\/comments?post=667585"}],"version-history":[{"count":0,"href":"https:\/\/www.europesays.com\/es\/wp-json\/wp\/v2\/posts\/667585\/revisions"}],"wp:featuredmedia":[{"embeddable":true,"href":"https:\/\/www.europesays.com\/es\/wp-json\/wp\/v2\/media\/667586"}],"wp:attachment":[{"href":"https:\/\/www.europesays.com\/es\/wp-json\/wp\/v2\/media?parent=667585"}],"wp:term":[{"taxonomy":"category","embeddable":true,"href":"https:\/\/www.europesays.com\/es\/wp-json\/wp\/v2\/categories?post=667585"},{"taxonomy":"post_tag","embeddable":true,"href":"https:\/\/www.europesays.com\/es\/wp-json\/wp\/v2\/tags?post=667585"}],"curies":[{"name":"wp","href":"https:\/\/api.w.org\/{rel}","templated":true}]}}