{"id":667614,"date":"2026-07-20T09:12:34","date_gmt":"2026-07-20T09:12:34","guid":{"rendered":"https:\/\/www.europesays.com\/es\/667614\/"},"modified":"2026-07-20T09:12:34","modified_gmt":"2026-07-20T09:12:34","slug":"shakira-sorprende-en-la-final-del-mundial-con-un-vestido-a-medida-inspirado-en-los-atardeceres-mas-de-200-000-cristales-y-120-horas-de-trabajo","status":"publish","type":"post","link":"https:\/\/www.europesays.com\/es\/667614\/","title":{"rendered":"Shakira sorprende en la final del Mundial con un vestido a medida: inspirado en los atardeceres, m\u00e1s de 200.000 cristales y 120 horas de trabajo"},"content":{"rendered":"<p id=\"eH9T-wBH-8N\" data-wc=\"123\">Ha pasado poco m\u00e1s de un mes desde que el f\u00fatbol volvi\u00f3 a hacer de las suyas y consigui\u00f3 captar (casi) todas las miradas del mundo, tanto las de los aficionados m\u00e1s fieles como las de quienes solo se dejan conquistar por las grandes citas. Millones de espa\u00f1oles nos unimos por una misma causa:<strong>\u00a0<\/strong><a class=\"hm-link ho-link\" href=\"https:\/\/www.hola.com\/us-es\/entretenimiento\/20260719913686\/mundial-2026-final-espana-campeon-trofeo\/\" data-mrf-recirculation=\"article-body-link\" rel=\"nofollow noopener\" target=\"_blank\">volver a ganar la Copa del Mundo<\/a> y, por supuesto, bordar esa so\u00f1ada segunda estrella. La final, m\u00e1s intensa que nunca y con <strong>Espa\u00f1a y Argentina\u00a0<\/strong>dispuestas a darlo todo sobre el terreno de juego, no decepcion\u00f3. Al contrario, estuvo llena de emoci\u00f3n, sorpresas y <a class=\"hm-link ho-link\" href=\"https:\/\/www.hola.com\/actualidad\/20260719913684\/show-final-mundial-tom-cruise-madonna-shakira-barrio-sesamo\/\" data-mrf-recirculation=\"article-body-link\" rel=\"nofollow noopener\" target=\"_blank\">un ic\u00f3nico espect\u00e1culo de medio tiempo<\/a> \u2014el primero en la historia de este torneo\u2014 que tuvo entre sus protagonistas a <strong>la cantante colombiana Shakira.<\/strong><\/p>\n<p>Te recomendamosSeguir leyendo<br \/>\n <img src=\"https:\/\/www.europesays.com\/es\/wp-content\/uploads\/2026\/07\/69048722b82f-gettyimages-2286795657.jpg\"   width=\"682\" height=\"1024\" loading=\"lazy\" decoding=\"async\" alt=\"Shakira, durante el espect\u00e1culo de medio tiempo de la final del Mundial de 2026, en Nueva Jersey (julio de 2026).\" fetchpriority=\"auto\" class=\"image ho-image\"\/>\u00a9 Getty Images<br \/>\nUna puesta en escena cargada de simbolismo<\/p>\n<p id=\"e4iooqO2i3X\" data-wc=\"103\">La int\u00e9rprete de\u00a0<a class=\"hm-link ho-link\" href=\"https:\/\/www.hola.com\/actualidad\/20260719913586\/shakira-lanza-un-adelanto-del-dai-dai-en-espanol\/\" data-mrf-recirculation=\"article-body-link\" rel=\"nofollow noopener\" target=\"_blank\"><strong>Dai Dai<\/strong><strong>,<\/strong><\/a><strong> la canci\u00f3n oficial del Mundial<\/strong> que comparte con Burna Boy, protagoniz\u00f3 una aparici\u00f3n especial en la que estuvo acompa\u00f1ada por bailarines de diferentes partes del mundo. Cada uno de ellos representaba a su pa\u00eds y, al mismo tiempo, reforzaba el mensaje que daba sentido a todo el show: paz, amor y unidad. Y, por supuesto, para una ocasi\u00f3n as\u00ed, Shakira volvi\u00f3 a convertir la moda en una parte esencial de su puesta en escena con <strong>un espectacular look firmado por Roberto Cavalli<\/strong> y su director creativo, Fausto Puglisi, quien cre\u00f3 un dise\u00f1o a medida para la colombiana.<\/p>\n<p> <img src=\"https:\/\/www.europesays.com\/es\/wp-content\/uploads\/2026\/07\/16bef144b123-saveclipapp752674348186233976100111901388094610803371974n.jpg\"   width=\"1080\" height=\"1800\" loading=\"lazy\" decoding=\"async\" alt=\"Shakira, durante el espect\u00e1culo de medio tiempo de la final del Mundial de 2026, en Nueva Jersey (julio de 2026).\" fetchpriority=\"auto\" class=\"image ho-image\"\/>\u00a9 @shakira<br \/>\nUn vestido con movimiento, tonos vibrantes y detalles MUY especiales<\/p>\n<p id=\"ej-oYhj6HG\" data-wc=\"110\">Inspirado en <strong>los tonos del atardecer y en las coloridas fachadas de la colonia Condesa<\/strong>, en Ciudad de M\u00e9xico, el look mezclaba el naranja, el amarillo y el rosa intenso, una combinaci\u00f3n vibrante que captaba todas las miradas. Se trataba de una reinterpretaci\u00f3n de una silueta de la colecci\u00f3n Resort 2025 de <a class=\"hm-link ho-link\" href=\"https:\/\/www.hola.com\/fashion\/tendencias\/2024041377185\/roberto-cavalli-trayectoria-musas-inspiracion\/\" data-mrf-recirculation=\"article-body-link\" rel=\"nofollow noopener\" target=\"_blank\">Roberto Cavalli<\/a>, con un pronunciado escote cruzado con cordones, aberturas laterales y una falda construida a partir de largas tiras de tejido que acompa\u00f1aban cada movimiento. El acabado m\u00e1s espectacular lo aportaban los <strong data-gid=\"ej53h895sM\">m\u00e1s de 200.000 cristales de Swarovski colocados a mano durante aproximadamente 120 horas<\/strong>, un trabajo minucioso y muy significativo que elevaba (todav\u00eda m\u00e1s) el resultado.<\/p>\n<p> <img src=\"https:\/\/www.europesays.com\/es\/wp-content\/uploads\/2026\/07\/7d32ae400de7-unnamed.jpg\"   width=\"576\" height=\"1024\" loading=\"lazy\" decoding=\"async\" alt=\"Roberto Cavalli x Shakira\" fetchpriority=\"auto\" class=\"image ho-image\"\/>\u00a9 Roberto Cavalli<\/p>\n<p id=\"eS5Thy0qrn\" data-wc=\"68\">Aunque a primera vista parec\u00eda un vestido, en realidad se trataba de un <strong>conjunto de dos piezas\u00a0<\/strong>creado exclusivamente para ella. El body se completaba con una falda drapeada mediante la t\u00e9cnica del moulage, confeccionada en gasa de sat\u00e9n bordada y rematada con flecos. Todo el estilismo incorporaba <strong>el estampado Ray of Sunset, desarrollado para Shakira\u00a0<\/strong>a partir del ic\u00f3nico motivo Ray of Gold de la casa italiana.<\/p>\n<p> <img src=\"https:\/\/www.europesays.com\/es\/wp-content\/uploads\/2026\/07\/a0cb6d97ca2d-gettyimages-102809905.jpg\"   width=\"649\" height=\"1024\" loading=\"lazy\" decoding=\"async\" alt=\"Shakira, durante la ceremonia de clausura del Mundial de Sud\u00e1frica de 2010 (julio de 2010)\" fetchpriority=\"auto\" class=\"image ho-image\"\/>\u00a9 Getty Images<br \/>\nEl homenaje oculto tras el ic\u00f3nico dise\u00f1o de Roberto Cavalli<\/p>\n<p id=\"eg8S0KH2Fl\" data-wc=\"94\">Esta acertada elecci\u00f3n escond\u00eda un<strong> <\/strong><a class=\"hm-link ho-link\" href=\"https:\/\/www.hola.com\/actualidad\/20191104153098\/shakira-waka-waka-hijos\/\" data-mrf-recirculation=\"article-body-link\" rel=\"nofollow noopener\" target=\"_blank\">homenaje muy personal a la trayectoria de Shakira<\/a> y a su estrecho v\u00ednculo con el Mundial, ya que el dise\u00f1o hac\u00eda un gui\u00f1o al colorido estilismo, tambi\u00e9n firmado por Roberto Cavalli, que luci\u00f3 durante la ceremonia de clausura de<strong>\u00a0Sud\u00e1frica 2010 para interpretar\u00a0<\/strong><strong>Waka Waka<\/strong>. As\u00ed, diecis\u00e9is a\u00f1os despu\u00e9s, la colombiana recuperaba aquella misma energ\u00eda en una propuesta m\u00e1s sofisticada, luminosa y teatral que, a juzgar por el resultado del partido, se sumaba a la larga lista de amuletos de la suerte que acompa\u00f1aron a Espa\u00f1a en Nueva York.<\/p>\n<p> <img src=\"https:\/\/www.europesays.com\/es\/wp-content\/uploads\/2026\/07\/af6d173d43a1-saveclipapp752169351186233975890111906114409888754474516n.jpg\"   width=\"819\" height=\"1024\" loading=\"lazy\" decoding=\"async\" alt=\"Shakira, durante el espect\u00e1culo de medio tiempo de la final del Mundial de 2026, en Nueva Jersey (julio de 2026).\" fetchpriority=\"auto\" class=\"image ho-image\"\/>\u00a9 @shakira<br \/>\nFiel a su imagen m\u00e1s natural y desenfadada<\/p>\n<p id=\"ef3j4QvyCw\" data-wc=\"91\">Para su propuesta de belleza, <a class=\"hm-link ho-link\" href=\"https:\/\/www.hola.com\/belleza\/20220616211819\/shakira-evolucion-looks\/\" data-mrf-recirculation=\"article-body-link\" rel=\"nofollow noopener\" target=\"_blank\">Shakira<\/a> volvi\u00f3 a apostar por esa <strong>imagen m\u00e1s natural y desenfadada<\/strong> que tanto la representa. As\u00ed, dej\u00f3 su<strong>\u00a0melena suelta, con ondas amplias y definidas<\/strong>, mucho volumen y un acabado ligeramente deshecho que reforzaba ese aire relajado tan ligado a su estilo. En cuanto al maquillaje, la propuesta part\u00eda de una piel luminosa y ligeramente bronceada, mientras que la mirada ganaba intensidad con sombras rosadas, delineado negro y pesta\u00f1as marcadas. \u00bfEl toque final? Un labial rosa de <strong>acabado brillante y jugoso<\/strong>, que aportaba frescura al resultado.<\/p>\n","protected":false},"excerpt":{"rendered":"Ha pasado poco m\u00e1s de un mes desde que el f\u00fatbol volvi\u00f3 a hacer de las suyas y&hellip;\n","protected":false},"author":2,"featured_media":667615,"comment_status":"","ping_status":"","sticky":false,"template":"","format":"standard","meta":{"footnotes":""},"categories":[91],"tags":[1024,253,146,147,25,24,54123,1023,338,12504,23,5732],"class_list":["post-667614","post","type-post","status-publish","format-standard","has-post-thumbnail","category-entretenimiento","tag-actualidad-moda","tag-discover","tag-entertainment","tag-entretenimiento","tag-es","tag-espana","tag-looks","tag-moda","tag-portada","tag-shakira","tag-spain","tag-vestidos"],"share_on_mastodon":{"url":"https:\/\/pubeurope.com\/@es\/116951539570740496","error":""},"_links":{"self":[{"href":"https:\/\/www.europesays.com\/es\/wp-json\/wp\/v2\/posts\/667614","targetHints":{"allow":["GET"]}}],"collection":[{"href":"https:\/\/www.europesays.com\/es\/wp-json\/wp\/v2\/posts"}],"about":[{"href":"https:\/\/www.europesays.com\/es\/wp-json\/wp\/v2\/types\/post"}],"author":[{"embeddable":true,"href":"https:\/\/www.europesays.com\/es\/wp-json\/wp\/v2\/users\/2"}],"replies":[{"embeddable":true,"href":"https:\/\/www.europesays.com\/es\/wp-json\/wp\/v2\/comments?post=667614"}],"version-history":[{"count":0,"href":"https:\/\/www.europesays.com\/es\/wp-json\/wp\/v2\/posts\/667614\/revisions"}],"wp:featuredmedia":[{"embeddable":true,"href":"https:\/\/www.europesays.com\/es\/wp-json\/wp\/v2\/media\/667615"}],"wp:attachment":[{"href":"https:\/\/www.europesays.com\/es\/wp-json\/wp\/v2\/media?parent=667614"}],"wp:term":[{"taxonomy":"category","embeddable":true,"href":"https:\/\/www.europesays.com\/es\/wp-json\/wp\/v2\/categories?post=667614"},{"taxonomy":"post_tag","embeddable":true,"href":"https:\/\/www.europesays.com\/es\/wp-json\/wp\/v2\/tags?post=667614"}],"curies":[{"name":"wp","href":"https:\/\/api.w.org\/{rel}","templated":true}]}}