{"id":667709,"date":"2026-07-20T10:26:09","date_gmt":"2026-07-20T10:26:09","guid":{"rendered":"https:\/\/www.europesays.com\/es\/667709\/"},"modified":"2026-07-20T10:26:09","modified_gmt":"2026-07-20T10:26:09","slug":"los-vecinos-de-petilla-de-aragon-pueden-volver-a-sus-casas-tras-ser-desalojados-por-el-incendio-de-cinco-villas","status":"publish","type":"post","link":"https:\/\/www.europesays.com\/es\/667709\/","title":{"rendered":"Los vecinos de Petilla de Arag\u00f3n pueden volver a sus casas tras ser desalojados por el incendio de Cinco Villas"},"content":{"rendered":"<p class=\"paragraph\">Los vecinos de <b>Petilla de Arag\u00f3n<\/b>, localidad navarra ubicada en territorio aragon\u00e9s, ya pueden volver a sus casas despu\u00e9s de ser desalojadas el pasado jueves por el incendio iniciado en <b>Cinco Villas (Zaragoza).<\/b><\/p>\n<p class=\"paragraph\">El municipio perteneciente a la Comunidad foral fue evacuado por la cercan\u00eda del fuego, que <b>ha afectado en torno a 16.000 hect\u00e1reas<\/b> desde el mi\u00e9rcoles 15 de julio y que fue dado por estabilizado este domingo.<\/p>\n<p class=\"paragraph\">Los efectivos del Servicio de Bomberos de Navarra que han trabajado en la zona de Petilla de Arag\u00f3n durante la noche de este lunes han recibido por la ma\u00f1ana el relevo de efectivos de refresco.\u00a0<\/p>\n<p class=\"paragraph\">En estos momentos permanece en el lugar un ret\u00e9n del parque de Peralta. Dada la evoluci\u00f3n favorable de la extinci\u00f3n,<b> no est\u00e1 previsto destinar medios a\u00e9reos ni maquinaria pesada a la zona este lunes.\u00a0<\/b><\/p>\n<p class=\"paragraph\">Por su parte, Protecci\u00f3n Civil ha desescalado la activaci\u00f3n del Plan Especial de Protecci\u00f3n Civil por Incendios Forestales (INFONA), que vuelve a la fase de<b> Pre-emergencia, Situaci\u00f3n Operativa 0<\/b>, una vez estabilizado el per\u00edmetro del incendio y dadas las condiciones para el regreso seguro de la poblaci\u00f3n.<\/p>\n","protected":false},"excerpt":{"rendered":"Los vecinos de Petilla de Arag\u00f3n, localidad navarra ubicada en territorio aragon\u00e9s, ya pueden volver a sus casas&hellip;\n","protected":false},"author":2,"featured_media":667710,"comment_status":"","ping_status":"","sticky":false,"template":"","format":"standard","meta":{"footnotes":""},"categories":[8],"tags":[4499,17,18,3738,25,24,13,14,11,19,20,9,10,15,16,121628,23,12,21,22,3096,865],"class_list":["post-667709","post","type-post","status-publish","format-standard","has-post-thumbnail","category-espana","tag-aragon","tag-breaking-news","tag-breakingnews","tag-casas","tag-es","tag-espana","tag-featured-news","tag-featurednews","tag-headlines","tag-latest-news","tag-latestnews","tag-news","tag-noticias","tag-noticias-destacadas","tag-noticiasdestacadas","tag-petilla","tag-spain","tag-titulares","tag-ultimas-noticias","tag-ultimasnoticias","tag-vecinos","tag-volver"],"share_on_mastodon":{"url":"","error":""},"_links":{"self":[{"href":"https:\/\/www.europesays.com\/es\/wp-json\/wp\/v2\/posts\/667709","targetHints":{"allow":["GET"]}}],"collection":[{"href":"https:\/\/www.europesays.com\/es\/wp-json\/wp\/v2\/posts"}],"about":[{"href":"https:\/\/www.europesays.com\/es\/wp-json\/wp\/v2\/types\/post"}],"author":[{"embeddable":true,"href":"https:\/\/www.europesays.com\/es\/wp-json\/wp\/v2\/users\/2"}],"replies":[{"embeddable":true,"href":"https:\/\/www.europesays.com\/es\/wp-json\/wp\/v2\/comments?post=667709"}],"version-history":[{"count":0,"href":"https:\/\/www.europesays.com\/es\/wp-json\/wp\/v2\/posts\/667709\/revisions"}],"wp:featuredmedia":[{"embeddable":true,"href":"https:\/\/www.europesays.com\/es\/wp-json\/wp\/v2\/media\/667710"}],"wp:attachment":[{"href":"https:\/\/www.europesays.com\/es\/wp-json\/wp\/v2\/media?parent=667709"}],"wp:term":[{"taxonomy":"category","embeddable":true,"href":"https:\/\/www.europesays.com\/es\/wp-json\/wp\/v2\/categories?post=667709"},{"taxonomy":"post_tag","embeddable":true,"href":"https:\/\/www.europesays.com\/es\/wp-json\/wp\/v2\/tags?post=667709"}],"curies":[{"name":"wp","href":"https:\/\/api.w.org\/{rel}","templated":true}]}}