{"id":667729,"date":"2026-07-20T10:45:20","date_gmt":"2026-07-20T10:45:20","guid":{"rendered":"https:\/\/www.europesays.com\/es\/667729\/"},"modified":"2026-07-20T10:45:20","modified_gmt":"2026-07-20T10:45:20","slug":"el-mensaje-de-felicitacion-de-shakira-a-espana-por-el-mundial-2026-es-increible-las-cosas-que-hemos-vivido-juntos","status":"publish","type":"post","link":"https:\/\/www.europesays.com\/es\/667729\/","title":{"rendered":"El mensaje de felicitaci\u00f3n de Shakira a Espa\u00f1a por el Mundial 2026: \u00abEs incre\u00edble las cosas que hemos vivido juntos&#8230;\u00bb"},"content":{"rendered":"<p style=\"\">El Mundial 2026 ha concluido con la selecci\u00f3n espa\u00f1ola como brillante vencedora tras ganar 1-0 a Argentina en la final y sumar as\u00ed la segunda estrella para su camiseta. Y en plena oleada de elogios a la campeona, ahora <a href=\"https:\/\/www.abc.es\/gente\/shakira-anos-dieta-desayuno-almuerzo-cena-siempre-20260719140020-nt.html\" target=\"_self\" data-voc-vtm-id=\"in-text-traffic\" data-mrf-link=\"www.abc.es\" rel=\"nofollow noopener\">Shakira<\/a> se ha querido  &#8230; sumar a las felicitaciones con un mensaje inequ\u00edvoco en sus redes sociales. \u00abEs incre\u00edble las cosas que hemos vivido juntos\u00bb, ha dicho.<\/p>\n<p class=\"v-d-p\" style=\"\">Como en ocasiones precedentes, <a href=\"https:\/\/www.abc.es\/gente\/decision-shakira-tras-verse-envuelta-oleada-imagenes-20260710102626-nt.html\" target=\"_self\" data-voc-vtm-id=\"in-text-traffic\" data-mrf-link=\"www.abc.es\" rel=\"nofollow noopener\">Shakira<\/a> tambi\u00e9n ha sido estrella de un Mundial porque ella ha sido encargada de poner voz al himno del torneo y tambi\u00e9n de protagonizar sendas actuaciones tanto en la ceremonia inaugural como en el encuentro de la final. Adem\u00e1s, ha estado presente en varios partidos junto a sus hijos. <\/p>\n<p class=\"v-d-p\" style=\"\">Ahora, la exmujer de Gerard Piqu\u00e9, presente tambi\u00e9n en la final, ha querido transmitir su felicitaci\u00f3n a todos los espa\u00f1oles a trav\u00e9s de un mensaje publicado en sus redes sociales en el que se ha mostrado muy emocionada por el triunfo de la selecci\u00f3n de Luis de la Fuente en el Mundial. A trav\u00e9s de su cuenta oficial de Instagram, Shakira comparti\u00f3 una imagen en las historias temporales sosteniendo el trofeo de mejor jugador del partido junto a un emocionado Ferran Torres, el autor del tanto del triunfo.<\/p>\n<ul class=\"v-cmp-rld__u\">\n<li class=\"v-cmp-rld__l\">\n<p><a class=\"v-a-lnk\" href=\"http:\/\/www.abc.es\/estilo\/moda\/vestido-200000-cristales-shakira-brillar-final-mundial-20260720073353-nt.html#vtm_modulosEngag=noticiasrelacionadas-cmp-uno:gente:noticia:1\" data-voc-vtm-id=\"in-text-traffic\" rel=\"nofollow noopener\" target=\"_blank\"><br \/>\n<img decoding=\"async\" loading=\"lazy\" src=\"https:\/\/www.europesays.com\/es\/wp-content\/uploads\/2026\/07\/shakira-apertura-ok-U62505065453YSl-366x256@diario_abc.JPG\" class=\"v-a-img\" width=\"258\" height=\"180\" alt=\"El vestido con 200.000 cristales de Shakira para brillar en la final del Mundial\"\/><br \/>\n<\/a><\/p>\n<\/li>\n<\/ul>\n<p>\n\u00abLes doy un poco de suerte\u00bb\n<\/p>\n<p class=\"v-d-p\" style=\"\">\u00abMuy feliz de acompa\u00f1ar a Ferr\u00e1n Torres como el hombre del partido y a Espa\u00f1a en este momento hist\u00f3rico\u00bb, escrib\u00eda la cantante en el mensaje antes de compartir otro v\u00eddeo en el que se la pod\u00eda escuchar diciendo: \u00ab\u00a1Felicidades Espa\u00f1a!\u00bb. Y a\u00f1ad\u00eda. \u00abFelicidades a mi gente de Espa\u00f1a. Es incre\u00edble las cosas que hemos vivido juntos a trav\u00e9s de la m\u00fasica\u00bb.<\/p>\n<p class=\"v-a-t\">\n\u00abMuy feliz de acompa\u00f1ar a Ferr\u00e1n Torres como el hombre del partido y a Espa\u00f1a en este momento hist\u00f3rico\u00bb, escrib\u00eda Shakira en el mensaje\n<\/p>\n<p class=\"v-d-p\" style=\"\">La colombiana confesaba que se sent\u00eda \u00aborgullosa\u00bb de acompa\u00f1ar a la selecci\u00f3n espa\u00f1ola de nuevo en este Mundial y volv\u00eda a enfatizar ese \u00ab\u00a1felicidades!\u00bb en una nueva muestra de empat\u00eda y agradecimiento al pa\u00eds en el que nacieron sus hijos. \u00abCreo que, evidentemente, les doy un poco de suerte\u00bb, hab\u00eda dicho la cantante antes de que comenzase el partido. Y no se equivoc\u00f3.<\/p>\n<p>\nUn nuevo hito\n<\/p>\n<p class=\"v-d-p\" style=\"\">No obstante, Shakira es toda una profesional de la comunicaci\u00f3n y no hay nada que se le escape. Con todos sabe quedar bien. Por eso tambi\u00e9n se acord\u00f3 de la perdedora, la selecci\u00f3n argentina, que al final cedi\u00f3 en la pr\u00f3rroga despu\u00e9s de pasarse todo el partido defendiendo su propia porter\u00eda. \u00ab\u00a1A mi gente de Argentina! Estoy muy orgullosa de ustedes, de Leo Messi, el m\u00e1s grande, y agradecida por habernos representado tan bien a todos los latinos en este Mundial 2026. \u00a1Siempre en mi coraz\u00f3n!\u00bb, dijo la colombiana.<\/p>\n<p class=\"v-d-p\" style=\"\">Shakira volvi\u00f3 a hacer historia en un Mundial que por primera vez incluy\u00f3 un show en el descanso a la manera de los grandes eventos deportivos estadounidenses. Actuaron artistas como Madonna, Justin Bieber o la propia colombiana, que volvi\u00f3 a cantar &#8216;Dai Dai&#8217;, el himno del Mundial 2026. Un nuevo \u00e9xito en su carrera.<\/p>\n","protected":false},"excerpt":{"rendered":"El Mundial 2026 ha concluido con la selecci\u00f3n espa\u00f1ola como brillante vencedora tras ganar 1-0 a Argentina en&hellip;\n","protected":false},"author":2,"featured_media":667730,"comment_status":"","ping_status":"","sticky":false,"template":"","format":"standard","meta":{"footnotes":""},"categories":[91],"tags":[3076,146,147,25,24,23387,7982,1300,8079,1070,12504,23,3447],"class_list":["post-667729","post","type-post","status-publish","format-standard","has-post-thumbnail","category-entretenimiento","tag-3076","tag-entertainment","tag-entretenimiento","tag-es","tag-espana","tag-felicitacion","tag-increible","tag-juntos","tag-mensaje","tag-mundial","tag-shakira","tag-spain","tag-vivido"],"share_on_mastodon":{"url":"https:\/\/pubeurope.com\/@es\/116951904284005919","error":""},"_links":{"self":[{"href":"https:\/\/www.europesays.com\/es\/wp-json\/wp\/v2\/posts\/667729","targetHints":{"allow":["GET"]}}],"collection":[{"href":"https:\/\/www.europesays.com\/es\/wp-json\/wp\/v2\/posts"}],"about":[{"href":"https:\/\/www.europesays.com\/es\/wp-json\/wp\/v2\/types\/post"}],"author":[{"embeddable":true,"href":"https:\/\/www.europesays.com\/es\/wp-json\/wp\/v2\/users\/2"}],"replies":[{"embeddable":true,"href":"https:\/\/www.europesays.com\/es\/wp-json\/wp\/v2\/comments?post=667729"}],"version-history":[{"count":0,"href":"https:\/\/www.europesays.com\/es\/wp-json\/wp\/v2\/posts\/667729\/revisions"}],"wp:featuredmedia":[{"embeddable":true,"href":"https:\/\/www.europesays.com\/es\/wp-json\/wp\/v2\/media\/667730"}],"wp:attachment":[{"href":"https:\/\/www.europesays.com\/es\/wp-json\/wp\/v2\/media?parent=667729"}],"wp:term":[{"taxonomy":"category","embeddable":true,"href":"https:\/\/www.europesays.com\/es\/wp-json\/wp\/v2\/categories?post=667729"},{"taxonomy":"post_tag","embeddable":true,"href":"https:\/\/www.europesays.com\/es\/wp-json\/wp\/v2\/tags?post=667729"}],"curies":[{"name":"wp","href":"https:\/\/api.w.org\/{rel}","templated":true}]}}