{"id":667737,"date":"2026-07-20T10:49:17","date_gmt":"2026-07-20T10:49:17","guid":{"rendered":"https:\/\/www.europesays.com\/es\/667737\/"},"modified":"2026-07-20T10:49:17","modified_gmt":"2026-07-20T10:49:17","slug":"el-juez-peinado-acelera-y-da-cinco-dias-para-presentar-los-escritos-de-acusacion-contra-begona-gomez-ante-la-decision-de-la-audiencia-provincial","status":"publish","type":"post","link":"https:\/\/www.europesays.com\/es\/667737\/","title":{"rendered":"El juez Peinado acelera y da cinco d\u00edas para presentar los escritos de acusaci\u00f3n contra Bego\u00f1a G\u00f3mez ante la decisi\u00f3n de la Audiencia Provincial"},"content":{"rendered":"<p class=\"article-text\">\n        El juez Juan Carlos Peinado acelera el paso en el caso Bego\u00f1a G\u00f3mez y ha acordado en una providencia firmada este domingo dar cinco d\u00edas a las acusaciones para que rehagan y vuelvan a presentar sus escritos de acusaci\u00f3n pero teniendo en cuenta la decisi\u00f3n de la Audiencia Provincial de Madrid. Los cinco magistrados de la Secci\u00f3n 23 decidieron anular parcialmente el auto por el que el magistrado entend\u00eda que el procedimiento deb\u00eda seguir por el Tribunal del Jurado y, de hecho, acord\u00f3 eliminar los delitos de apropiaci\u00f3n indebida y corrupci\u00f3n en los negocios.\n    <\/p>\n<p>    <a href=\"https:\/\/www.eldiario.es\/politica\/presidenta-seccion-avalado-juez-peinado-begona-gomez-aspira-sala-penal-supremo_1_13380053.html\" data-mrf-recirculation=\"saber-mas\" data-dl-event=\"saber-mas\" rel=\"nofollow noopener\" target=\"_blank\"><\/p>\n<p class=\"know-more__title\">La presidenta de la Secci\u00f3n que ha avalado al juez Peinado contra Bego\u00f1a G\u00f3mez aspira a la Sala de lo Penal del Supremo<\/p>\n<p>            <img decoding=\"async\" class=\"lazy\" loading=\"lazy\" data-src=\"https:\/\/static.eldiario.es\/clip\/0c01d807-bbed-4a53-a2a9-8c9a6eb3cf69_16-9-aspect-ratio_default_0_x1003y787.jpg\" src=\"data:image\/svg+xml,%3Csvg xmlns=\" http:=\"\" viewbox=\"0 0 880 495\" alt=\"La presidenta de la Secci\u00f3n que ha avalado al juez Peinado contra Bego\u00f1a G\u00f3mez aspira a la Sala de lo Penal del Supremo\"\/><\/p>\n<p>                        <\/a><\/p>\n<p class=\"article-text\">\n        En esa resoluci\u00f3n, a la que ha tenido acceso elDiario.es, el juez lamenta haberse enterado por la prensa de la decisi\u00f3n de la Sala y recuerda que \u201cconforme lo acordado en la resoluci\u00f3n indicada, al haberse revocado parcialmente el auto de continuaci\u00f3n del procedimiento del Tribunal del Jurado y habi\u00e9ndose fijado los delitos y la participaci\u00f3n en los mismos de las investigadas Bego\u00f1a G\u00f3mez y Cristina \u00c1lvarez dese nuevo traslado (&#8230;) a la acusaci\u00f3n popular unificada, al Ministerio Fiscal y a la Universidad Complutense de Madrid para que presenten escrito de conclusiones provisionales en el plazo de 5 d\u00edas\u201d.\n    <\/p>\n<p>    <a href=\"https:\/\/www.eldiario.es\/politica\/audiencia-madrid-avala-peinado-ordena-juzgar-begona-gomez-tribunal-jurado-delitos_1_13380532.html\" data-mrf-recirculation=\"saber-mas-abajo\" data-dl-event=\"saber-mas-abajo\" rel=\"nofollow noopener\" target=\"_blank\"><\/p>\n<p class=\"know-more__title\">La Audiencia de Madrid avala a Peinado y ordena juzgar a Bego\u00f1a G\u00f3mez ante un jurado pero le devuelve el pasaporte<\/p>\n<p>            <img decoding=\"async\" class=\"lazy\" loading=\"lazy\" data-src=\"https:\/\/static.eldiario.es\/clip\/a4419a18-3a83-4444-9a72-a8de175fe3bb_16-9-aspect-ratio_default_0_x1350y560.jpg\" src=\"data:image\/svg+xml,%3Csvg xmlns=\" http:=\"\" viewbox=\"0 0 880 495\" alt=\"La Audiencia de Madrid avala a Peinado y ordena juzgar a Bego\u00f1a G\u00f3mez ante un jurado pero le devuelve el pasaporte\"\/><\/p>\n<p>                        <\/a><\/p>\n<p class=\"article-text\">\n        Por otro lado, sobre la situaci\u00f3n procesal del empresario Juan Carlos Barrab\u00e9s, se\u00f1ala que debe deducirse testimonio de las actuaciones y se debe remitir todo al Servicio Com\u00fan General de Registro y Reparto para que sea enviado de nuevo a su juzgado para que contin\u00fae el procedimiento por el cauce correspondiente.  Cumple as\u00ed con lo que mandataba la Audiencia Provincial.\n    <\/p>\n","protected":false},"excerpt":{"rendered":"El juez Juan Carlos Peinado acelera el paso en el caso Bego\u00f1a G\u00f3mez y ha acordado en una&hellip;\n","protected":false},"author":2,"featured_media":667738,"comment_status":"","ping_status":"","sticky":false,"template":"","format":"standard","meta":{"footnotes":""},"categories":[8],"tags":[14603,29524,4294,17,18,5810,7164,2347,960,25,1631,24,13,14,11,1664,19,20,9,10,15,16,24182,2564,5794,23,12,21,22],"class_list":["post-667737","post","type-post","status-publish","format-standard","has-post-thumbnail","category-espana","tag-acelera","tag-acusacion","tag-audiencia","tag-breaking-news","tag-breakingnews","tag-cinco","tag-da","tag-decision","tag-dias","tag-es","tag-escritos","tag-espana","tag-featured-news","tag-featurednews","tag-headlines","tag-juez","tag-latest-news","tag-latestnews","tag-news","tag-noticias","tag-noticias-destacadas","tag-noticiasdestacadas","tag-peinado","tag-presentar","tag-provincial","tag-spain","tag-titulares","tag-ultimas-noticias","tag-ultimasnoticias"],"share_on_mastodon":{"url":"https:\/\/pubeurope.com\/@es\/116951919426533455","error":""},"_links":{"self":[{"href":"https:\/\/www.europesays.com\/es\/wp-json\/wp\/v2\/posts\/667737","targetHints":{"allow":["GET"]}}],"collection":[{"href":"https:\/\/www.europesays.com\/es\/wp-json\/wp\/v2\/posts"}],"about":[{"href":"https:\/\/www.europesays.com\/es\/wp-json\/wp\/v2\/types\/post"}],"author":[{"embeddable":true,"href":"https:\/\/www.europesays.com\/es\/wp-json\/wp\/v2\/users\/2"}],"replies":[{"embeddable":true,"href":"https:\/\/www.europesays.com\/es\/wp-json\/wp\/v2\/comments?post=667737"}],"version-history":[{"count":0,"href":"https:\/\/www.europesays.com\/es\/wp-json\/wp\/v2\/posts\/667737\/revisions"}],"wp:featuredmedia":[{"embeddable":true,"href":"https:\/\/www.europesays.com\/es\/wp-json\/wp\/v2\/media\/667738"}],"wp:attachment":[{"href":"https:\/\/www.europesays.com\/es\/wp-json\/wp\/v2\/media?parent=667737"}],"wp:term":[{"taxonomy":"category","embeddable":true,"href":"https:\/\/www.europesays.com\/es\/wp-json\/wp\/v2\/categories?post=667737"},{"taxonomy":"post_tag","embeddable":true,"href":"https:\/\/www.europesays.com\/es\/wp-json\/wp\/v2\/tags?post=667737"}],"curies":[{"name":"wp","href":"https:\/\/api.w.org\/{rel}","templated":true}]}}