{"id":667804,"date":"2026-07-20T11:49:22","date_gmt":"2026-07-20T11:49:22","guid":{"rendered":"https:\/\/www.europesays.com\/es\/667804\/"},"modified":"2026-07-20T11:49:22","modified_gmt":"2026-07-20T11:49:22","slug":"antena-3-gritos-contra-pedro-sanchez-boicotean-el-directo-del-informativo-matinal-de-antena-3-desde-nueva-york","status":"publish","type":"post","link":"https:\/\/www.europesays.com\/es\/667804\/","title":{"rendered":"Antena 3: Gritos contra Pedro S\u00e1nchez &#8216;boicotean&#8217; el directo del Informativo matinal de Antena 3 desde Nueva York"},"content":{"rendered":"<p style=\"\">Las celebraciones por el campeonato del mundo conseguido por la selecci\u00f3n espa\u00f1ola contin\u00faan por todo el planeta. As\u00ed, esta ma\u00f1ana, desde bien temprano, los Informativos desplegaban todos sus esfuerzos por llevar la mejor cobertura a los telespectadores. El Telediario matinal de Antena 3 ha sido  &#8230; uno de los que ha tenido reporteros desplazados a los distintos puntos &#8216;calientes&#8217; de la jornada y, precisamente, ha sido el corresponsal de Nueva York el que ha visto c\u00f3mo un grupo de aficionados espa\u00f1oles le &#8216;boicoteaba&#8217; la conexi\u00f3n con gritos contra el presidente del Gobierno, Pedro S\u00e1nchez.<\/p>\n<p class=\"v-d-p\" style=\"\">El Informativo matinal de Antena 3 dedicaba gran parte de su tiempo a la victoria de Espa\u00f1a sobre Argentina en la gran final del Mundial, cuando pasaba a conectar con los distintos reporteros que ten\u00eda desplegados por los puntos neur\u00e1lgicos del d\u00eda. <\/p>\n<p class=\"v-d-p\" style=\"\">\u00abBueno, estamos en directo en Nueva York, donde muchos espa\u00f1oles continuan a esta hora todav\u00eda de fiesta, tambi\u00e9n en el pueblo de Lamine Yamal, en el aeropuerto de Barajas, aqu\u00ed tenemos a todos nuestros compa\u00f1eros, en Barajas esperando ya a la selecci\u00f3n y en Cibeles donde ya est\u00e1 todo preparado para la gran fiesta\u00bb, comentaba ante las c\u00e1maras el presentador del Telediario de Antena 3. \u00abPero nos vamos primero a Nueva York, una ciudad que estar\u00e1 ya para siempre ligada a nuestra historia, menuda noche hemos vivido, Jos\u00e9 \u00c1ngel Abad. Todav\u00eda siguen de fiesta algunos\u00bb, manifestaba la presentadora del Informativo que pasaba a conectar con el corresponsal de la cadena de Atresmedia.<\/p>\n<p class=\"v-d-p\" style=\"\">\u00abTodav\u00eda siguen de fiesta algunos\u00bb, comenzaba narrando Abad a sus compa\u00f1eros. \u00abSiguen llegando hornadas de espa\u00f1oles. \u00bfC\u00f3mo est\u00e1is pasando la noche?\u00bb, le preguntaba el periodista de Antena 3 a un grupo de aficionados espa\u00f1oles que ten\u00eda a sus espaldas. \u00abEsto es una locura, agradecidos con Dios, con Espa\u00f1a, \u00a1Viva Espa\u00f1a!\u00bb, exclamaba uno de los j\u00f3venes que luc\u00eda la camiseta de la selecci\u00f3n.<\/p>\n<p class=\"v-d-p\" style=\"\">\u00abY tenemos m\u00e1s por este lado\u00bb, comentaba el corresponsal haci\u00e9ndose eco de otro grupo de hinchas. \u00abLo cierto es que a ellos no les importa que la selecci\u00f3n se haya ido, saben que lo conseguido es una proeza deportiva llena de satisfacci\u00f3n&#8230; Han hecho de Times Square una verdadera plaza espa\u00f1ola\u00bb, describ\u00eda Jos\u00e9 \u00c1ngel Abad a los telespectadores del Informativo matinal de Antena 3 que apuntaba que los aficionados de &#8216;La Roja&#8217; se hab\u00edan apropiado \u00aben cierto modo\u00bb de las calles, a pesar que  la \u00abmayor\u00eda de los seguidores eran argentinos\u00bb. <\/p>\n<p class=\"v-d-p\" style=\"\">La intervenci\u00f3n del corresponsal de Antena 3 la hizo con los aficionados espa\u00f1oles cantando el cl\u00e1sico \u00abcampeones, campeones\u00bb, pero de repente, la consigna cambi\u00f3 y empezaron a espetar el ya conocido \u00abPedro S\u00e1nchez, hijo de puta\u00bb. La consigna contra el presidente del Gobierno no cesaba y Jos\u00e9 \u00c1ngel Abad intent\u00f3 zafarse de alg\u00fan hincha que intentaba ponerse por delante de la c\u00e1mara. <\/p>\n<p class=\"v-d-p\" style=\"\">No obstante, no pudo hacer nada por callar los gritos contra Pedro S\u00e1nchez, por lo que sigui\u00f3 con el final de su cr\u00f3nica y termin\u00f3 como si nada. <\/p>\n","protected":false},"excerpt":{"rendered":"Las celebraciones por el campeonato del mundo conseguido por la selecci\u00f3n espa\u00f1ola contin\u00faan por todo el planeta. As\u00ed,&hellip;\n","protected":false},"author":2,"featured_media":667805,"comment_status":"","ping_status":"","sticky":false,"template":"","format":"standard","meta":{"footnotes":""},"categories":[171],"tags":[9692,39452,2125,146,147,25,24,11823,10188,14053,795,1822,199,23,214,5867],"class_list":["post-667804","post","type-post","status-publish","format-standard","has-post-thumbnail","category-tv","tag-antena","tag-boicotean","tag-directo","tag-entertainment","tag-entretenimiento","tag-es","tag-espana","tag-gritos","tag-informativo","tag-matinal","tag-nueva","tag-pedro","tag-sanchez","tag-spain","tag-tv","tag-york"],"share_on_mastodon":{"url":"https:\/\/pubeurope.com\/@es\/116952155240669640","error":""},"_links":{"self":[{"href":"https:\/\/www.europesays.com\/es\/wp-json\/wp\/v2\/posts\/667804","targetHints":{"allow":["GET"]}}],"collection":[{"href":"https:\/\/www.europesays.com\/es\/wp-json\/wp\/v2\/posts"}],"about":[{"href":"https:\/\/www.europesays.com\/es\/wp-json\/wp\/v2\/types\/post"}],"author":[{"embeddable":true,"href":"https:\/\/www.europesays.com\/es\/wp-json\/wp\/v2\/users\/2"}],"replies":[{"embeddable":true,"href":"https:\/\/www.europesays.com\/es\/wp-json\/wp\/v2\/comments?post=667804"}],"version-history":[{"count":0,"href":"https:\/\/www.europesays.com\/es\/wp-json\/wp\/v2\/posts\/667804\/revisions"}],"wp:featuredmedia":[{"embeddable":true,"href":"https:\/\/www.europesays.com\/es\/wp-json\/wp\/v2\/media\/667805"}],"wp:attachment":[{"href":"https:\/\/www.europesays.com\/es\/wp-json\/wp\/v2\/media?parent=667804"}],"wp:term":[{"taxonomy":"category","embeddable":true,"href":"https:\/\/www.europesays.com\/es\/wp-json\/wp\/v2\/categories?post=667804"},{"taxonomy":"post_tag","embeddable":true,"href":"https:\/\/www.europesays.com\/es\/wp-json\/wp\/v2\/tags?post=667804"}],"curies":[{"name":"wp","href":"https:\/\/api.w.org\/{rel}","templated":true}]}}