{"id":66785,"date":"2025-08-23T11:35:07","date_gmt":"2025-08-23T11:35:07","guid":{"rendered":"https:\/\/www.europesays.com\/es\/66785\/"},"modified":"2025-08-23T11:35:07","modified_gmt":"2025-08-23T11:35:07","slug":"muere-a-los-47-anos-un-asistente-de-direccion-de-emily-in-paris-al-desplomarse-mientras-preparaba-una-escena-la-voz-de-galicia","status":"publish","type":"post","link":"https:\/\/www.europesays.com\/es\/66785\/","title":{"rendered":"Muere a los 47 a\u00f1os un asistente de direcci\u00f3n de \u00abEmily in Paris\u00bb al desplomarse mientras preparaba una escena &#8211; La Voz de Galicia"},"content":{"rendered":"<ol>\n<li><a href=\"https:\/\/news.google.com\/rss\/articles\/CBMi9gFBVV95cUxQMlVIN3l6WEZBV2hVZEVZd0c3eXZ5VWsxX0RfWWt1NWZXbE5Vc1YySE56QkduNDFhbHB4U0hUR0diMXIxT2lMRmI1Y3pQSmRYYmtULXo3YkphSVFJNkVwaHhaTGtBeUdCblFwV3ZCaTg4T0RRQnRSaFU3NWJ4Q0ZVd2cyLWJ2UEFhMVBPNDFwdkN3dlNzcXY3U2hPaldsQ2JFTFV5dWhHcGhGZVpyZ2pTYWNnb3dIa0xlVkJUaU5IYTRrLW5XWDVCWGJXdTNXYUNNc3lkQ3Rod3VmZ29Hb1o4QjA3RFhJZmNaVmNCT25zTkNXeTVPQ2fSAZICQVVfeXFMUHYzRFAybzhlVTNaUTZVcGZHRVl4T2NBQjhHc0YtZk5rNi1rX2ZrTDdUbXBMUDBOU1A2QlJDQTVteS1SOTh6b1VxQUxYQUV3SG9YbVB3QVQwRExxOVY0R190dzhKeGEzcVZJUUZmSVJUZU5QT0gzb0tpYkVQMHQ0eUtUUk5zZ1FZRllWTUl3YU9WZFNtNGl0NWRxZm1uM2ZucjAtQ0tHbnQ0SmIzWERUXzc2OGVXd2JFOENSWVRqWWFiWGg1YWJUOG9iT253aFMxQkstYUc3aENrazJ4d3FjcDRVcjdjandQS0w5QVFxWkRxR3lKd0NxWHNRb1BJZlNlNDlxZTNnX19xWUIxNF9PSG9MZw?oc=5\" target=\"_blank\" rel=\"nofollow noopener\">Muere a los 47 a\u00f1os un asistente de direcci\u00f3n de \u00abEmily in Paris\u00bb al desplomarse mientras preparaba una escena<\/a>&nbsp;&nbsp;La Voz de Galicia<\/li>\n<li><a href=\"https:\/\/news.google.com\/rss\/articles\/CBMie0FVX3lxTFBSSzcxT3R6bzd2VW1sNnUyaTcyZG8tYWs4aXdlSGg5LW1hV1pWeVRRQWdrbVJzeDVhVWN2a1EwZzhPWG1VODZUTFk4Z3NlRUdfMThIQklmSlRjTTdERC05MGRXdjF3T2o3US1jclczSUtDd0pPdGltQ0hRVdIBe0FVX3lxTE5iaUUzQ3F0Ql9yTkhQSnhxVXdnS3FlYjR3UnpiQTExYXZja2tpUk14MmZfMFpFLTBSc3BYQ21ud1dQR1JMVExLSDh4M0Y5RXE3NFJYR29VV3VqTXVkZ0g3RkR3X3NWYnJNb2JZS1c2UGxPc2ZrRFRNemJJMA?oc=5\" target=\"_blank\" rel=\"nofollow noopener\">Muere a los 47 a\u00f1os el asistente de direcci\u00f3n de Emily in Paris durante la grabaci\u00f3n de la quinta temporada<\/a>&nbsp;&nbsp;El Mundo<\/li>\n<li><a href=\"https:\/\/news.google.com\/rss\/articles\/CBMirgFBVV95cUxNeG1jS2lXR1hOVWViRVBzbzBLNE55OUdLaXgwNW9UWlRqZlZVR1BxWWt4eDVOVlZHa0cyR2I4X3Qxam5qS0o1RXJ6LWprOHBZVnVzOFBHWllmLVJza29BZmNhUWtpYTh3NEpJSnN6Wngza3k3eDRCdjdOTkpSWmRRTGRveE5ZRVNHM1I0N0ViUV9nY3lCdjBJYWJZX0ZfaW1EUzE1NFNlRl9NTnVEV2c?oc=5\" target=\"_blank\" rel=\"nofollow noopener\">Tragedia en &#8216;Emily en Par\u00eds&#8217;: Diego Borella, asistente de direcci\u00f3n de la serie de Netflix, muere repentinamente a los 47 a\u00f1os<\/a>&nbsp;&nbsp;HOLA<\/li>\n<li><a href=\"https:\/\/news.google.com\/rss\/articles\/CBMixgFBVV95cUxOS1N1MDFhSzRKMUNocHZfNXhKVnJ3YWJDUmpZU3V0WkE0d2p6Z0ViNDdkWE5iX01KZjQ0bXBuMWszeVg5SkVwSVk5OWtueVlBb2NNT2lpS0FYcWp0ZXpnT1NXc0JGbTFOcmpsaDFBWjljY08yR0lucGs5SXVvWVdLUjZEOWNkQ1o4ekxpdzJnQXdnbm1pOWdJRmY1QW1xNWxfMDMwdzRyVlNQZzB3Q2htdWJaLWhvUWhJT0RzM2NubnVXYjgzQnc?oc=5\" target=\"_blank\" rel=\"nofollow noopener\">Muere durante el rodaje de &#8216;Emily in Paris&#8217; el asistente de direcci\u00f3n Diego Borella a los 47 a\u00f1os<\/a>&nbsp;&nbsp;La Vanguardia<\/li>\n<li><a href=\"https:\/\/news.google.com\/rss\/articles\/CBMisAFBVV95cUxNeXZrVXRrbnpDNTVBZnlicXR4RGlyTGtqV0szT0FVakYxMlAtcFVMdlh4LXZodFhkTjVzZXJhTDNoMFV5Uk1fbHdzOThHWjM0S2J4YTFmUUpwYmNuc0lrU1ZycXg2Q2x0Q2RmanNlemc0MWNRb3NZcHVseV93V1lhNlhxUDkyZHVJdG5IbFhaVlBEQUh4c19QSnRuckhjUWJwdXgxZU1jcS1sWnhFbUNibdIBvAFBVV95cUxQb05sUWFfZTg5QU9XSV9Dc0RDMTIwSkJucGR2THFaSjdKcHpiMkVDd09HSnVPbG1DSDFOZHZEdmdCYWMzbDkzdUN2SnJINDAwREgyUy1LR2doS3YyQTcyU1dyYVItRzlzaTctX0ZDN3JSVzdnQTlhM2xiSnFZaFdhTFdveDZNU2ttZWwwZ0lhNEhhSDFQd0YyeFhydEJDM0VBU1ZIaF90X19XS2dPT21ERDZ0dlQxVHNpM0NPZQ?oc=5\" target=\"_blank\" rel=\"nofollow noopener\">Muere Diego Borella, asistente de direcci\u00f3n de &#8216;Emily in Par\u00eds&#8217;, a sus 47 a\u00f1os<\/a>&nbsp;&nbsp;Telecinco<\/li>\n<\/ol>\n","protected":false},"excerpt":{"rendered":"Muere a los 47 a\u00f1os un asistente de direcci\u00f3n de \u00abEmily in Paris\u00bb al desplomarse mientras preparaba una&hellip;\n","protected":false},"author":2,"featured_media":66786,"comment_status":"","ping_status":"","sticky":false,"template":"","format":"standard","meta":{"footnotes":""},"categories":[91],"tags":[146,147,25,24,628,152,23,9490],"class_list":{"0":"post-66785","1":"post","2":"type-post","3":"status-publish","4":"format-standard","5":"has-post-thumbnail","7":"category-entretenimiento","8":"tag-entertainment","9":"tag-entretenimiento","10":"tag-es","11":"tag-espana","12":"tag-italia","13":"tag-netflix","14":"tag-spain","15":"tag-venecia"},"share_on_mastodon":{"url":"","error":""},"_links":{"self":[{"href":"https:\/\/www.europesays.com\/es\/wp-json\/wp\/v2\/posts\/66785","targetHints":{"allow":["GET"]}}],"collection":[{"href":"https:\/\/www.europesays.com\/es\/wp-json\/wp\/v2\/posts"}],"about":[{"href":"https:\/\/www.europesays.com\/es\/wp-json\/wp\/v2\/types\/post"}],"author":[{"embeddable":true,"href":"https:\/\/www.europesays.com\/es\/wp-json\/wp\/v2\/users\/2"}],"replies":[{"embeddable":true,"href":"https:\/\/www.europesays.com\/es\/wp-json\/wp\/v2\/comments?post=66785"}],"version-history":[{"count":0,"href":"https:\/\/www.europesays.com\/es\/wp-json\/wp\/v2\/posts\/66785\/revisions"}],"wp:featuredmedia":[{"embeddable":true,"href":"https:\/\/www.europesays.com\/es\/wp-json\/wp\/v2\/media\/66786"}],"wp:attachment":[{"href":"https:\/\/www.europesays.com\/es\/wp-json\/wp\/v2\/media?parent=66785"}],"wp:term":[{"taxonomy":"category","embeddable":true,"href":"https:\/\/www.europesays.com\/es\/wp-json\/wp\/v2\/categories?post=66785"},{"taxonomy":"post_tag","embeddable":true,"href":"https:\/\/www.europesays.com\/es\/wp-json\/wp\/v2\/tags?post=66785"}],"curies":[{"name":"wp","href":"https:\/\/api.w.org\/{rel}","templated":true}]}}