{"id":667916,"date":"2026-07-20T13:21:30","date_gmt":"2026-07-20T13:21:30","guid":{"rendered":"https:\/\/www.europesays.com\/es\/667916\/"},"modified":"2026-07-20T13:21:30","modified_gmt":"2026-07-20T13:21:30","slug":"gibeller-102-anos-de-confianza-diseno-y-compromiso-con-alicante","status":"publish","type":"post","link":"https:\/\/www.europesays.com\/es\/667916\/","title":{"rendered":"Gibeller, 102 a\u00f1os de confianza, dise\u00f1o y compromiso con Alicante"},"content":{"rendered":"<p class=\"ft-text\">Hay compa\u00f1\u00edas que no solo construyen una marca, sino que terminan formando parte de la identidad de un territorio. En Alicante, el nombre de <a class=\"ft-link ft-link--decoration themonetise\" href=\"https:\/\/www.gibeller.es\/\" rel=\"sponsored nofollow noopener\" target=\"_blank\"><strong>Gibeller <\/strong><\/a><strong>va mucho m\u00e1s all\u00e1 del dise\u00f1o, el interiorismo o los materiales de construcci\u00f3n<\/strong>. Hablar de Gibeller es hablar de una <strong>empresa familiar centenaria<\/strong> que ha sabido evolucionar con el tiempo, adaptarse a las necesidades de cada \u00e9poca y mantener intacto su v\u00ednculo con la provincia.<\/p>\n<p class=\"ft-text\">Con <strong>102 a\u00f1os de trayectoria<\/strong>, la compa\u00f1\u00eda alicantina se ha consolidado como una referencia en el sector del <strong>dise\u00f1o, la cer\u00e1mica, los ba\u00f1os, las cocinas y las soluciones para proyectos de interiorismo y arquitectura<\/strong>. Su historia comenz\u00f3 en <strong>1924<\/strong>, cuando Jos\u00e9 Torregrosa adquiri\u00f3 un peque\u00f1o negocio dedicado a la venta de materiales de construcci\u00f3n. Desde entonces, varias generaciones de la familia Torregrosa han dado continuidad a un proyecto empresarial que ha crecido sin perder sus ra\u00edces.<\/p>\n<p><img decoding=\"async\" src=\"https:\/\/www.europesays.com\/es\/wp-content\/uploads\/2026\/07\/bec63e7d-d777-4ccd-a024-efc664546136_alta-libre-aspect-ratio_default_0_x600y225.jpg\" width=\"1200\" height=\"675\" alt=\"Tradici\u00f3n, innovaci\u00f3n y compromiso definen los 102 a\u00f1os de trayectoria de Gibeller.\" class=\"ft-helper-img-rd\" loading=\"lazy\" fetchpriority=\"auto\"\/><\/p>\n<p class=\"ft-helper-fontColor-quaternary ft-helper-fontSize-body-S ft-helper-spacer-t-xxs\">Tradici\u00f3n, innovaci\u00f3n y compromiso definen los 102 a\u00f1os de trayectoria de Gibeller.  \/ INFORMACI\u00d3N<\/p>\n<p class=\"ft-text\">Hoy, Gibeller es mucho m\u00e1s que una empresa familiar centenaria. Es una marca asociada a la <strong>confianza, al conocimiento t\u00e9cnico, al servicio personalizado<\/strong> y a la capacidad de acompa\u00f1ar a clientes particulares y profesionales en la creaci\u00f3n de espacios bien pensados, funcionales y duraderos. Su valor no reside \u00fanicamente en haber cumplido m\u00e1s de un siglo de vida, sino en haber sabido transformar esa experiencia en una <strong>propuesta actual, competitiva y adaptada a las demandas del mercado<\/strong>.<\/p>\n<p class=\"ft-text\">La incorporaci\u00f3n de Gibeller al <strong>Club de Empresas Centenarias de la provincia de Alicante<\/strong> representa un reconocimiento especialmente relevante. Formar parte del Club de Empresas Centenarias de la provincia de Alicante, que actualmente re\u00fane a <strong>48 socios dentro de un tejido empresarial de 145.106 empresas activas<\/strong>, supone una clara diferenciaci\u00f3n y pone de manifiesto la <strong>capacidad de permanencia, adaptaci\u00f3n y compromiso de Gibeller con su entorno<\/strong>. No se trata solo de una distinci\u00f3n hist\u00f3rica, sino de un s\u00edmbolo de solidez empresarial.<\/p>\n<p><img decoding=\"async\" src=\"https:\/\/www.europesays.com\/es\/wp-content\/uploads\/2026\/07\/9f9f880b-f0b5-4982-a728-57c2d1262a84_alta-libre-aspect-ratio_default_0_x600y225.jpg\" width=\"1200\" height=\"675\" alt=\"Luis Torregrosa recibi\u00f3 el premio de AEFA por Manuel Pel\u00e1ez, fundador y primer presidente de AEFA.\" class=\"ft-helper-img-rd\" loading=\"lazy\" fetchpriority=\"auto\"\/><\/p>\n<p class=\"ft-helper-fontColor-quaternary ft-helper-fontSize-body-S ft-helper-spacer-t-xxs\">Luis Torregrosa recibi\u00f3 el premio de AEFA por Manuel Pel\u00e1ez, fundador y primer presidente de AEFA.  \/ INFORMACI\u00d3N<\/p>\n<p class=\"ft-text\">A este hito se suma el reconocimiento recibido por parte de la <a class=\"ft-link ft-link--decoration themonetise\" href=\"https:\/\/asociacionaefa.es\/\" rel=\"sponsored nofollow noopener\" target=\"_blank\"><strong>Asociaci\u00f3n de la Empresa Familiar de Alicante<\/strong><\/a><strong>, AEFA<\/strong>, durante la gala de su 30\u00ba aniversario, celebrada en Punta Piedra ante m\u00e1s de 300 empresarios e invitados. En este encuentro, Gibeller fue distinguida por sus <strong>m\u00e1s de 25 a\u00f1os como empresa asociada<\/strong>, un homenaje que reforz\u00f3 el valor de su contribuci\u00f3n al tejido econ\u00f3mico alicantino y record\u00f3 la figura de Luis Torregrosa, clave en la modernizaci\u00f3n del negocio familiar y en la consolidaci\u00f3n de una cultura empresarial basada en la constancia, la visi\u00f3n y la cohesi\u00f3n.<\/p>\n<p class=\"ft-text\">Pero el verdadero valor de Gibeller no est\u00e1 solo en su pasado. Est\u00e1, sobre todo, en su <strong>capacidad para seguir avanzando<\/strong>. La compa\u00f1\u00eda ha evolucionado desde sus or\u00edgenes ligados a la comercializaci\u00f3n y el transporte de materiales de construcci\u00f3n hasta convertirse en un <strong>partner especializado para proyectos de viviendas, hoteles, restaurantes, comercios y espacios p\u00fablicos<\/strong>. Su propuesta actual integra <strong>dise\u00f1o, asesoramiento t\u00e9cnico, producto de calidad y una atenci\u00f3n cercana<\/strong>, orientada a resolver las necesidades reales de cada cliente.<\/p>\n<p class=\"ft-text\">Desde su sede principal en <strong>Sant Joan d\u2019Alacant<\/strong>, Gibeller ofrece un <strong>modelo de servicio integral<\/strong> que acompa\u00f1a cada proyecto desde la idea inicial hasta la instalaci\u00f3n final. La compa\u00f1\u00eda trabaja tanto con profesionales de la arquitectura, el interiorismo y la construcci\u00f3n como con clientes particulares que buscan soluciones fiables, est\u00e9ticas y duraderas para sus espacios. Esta capacidad de adaptaci\u00f3n le ha permitido ampliar su presencia m\u00e1s all\u00e1 del \u00e1mbito local, manteniendo al mismo tiempo una fuerte conexi\u00f3n con Alicante.<\/p>\n<p class=\"ft-text\">Uno de los grandes pilares de esta evoluci\u00f3n ha sido su <strong>equipo humano<\/strong>. Arquitectos, dise\u00f1adores, t\u00e9cnicos, asesores comerciales y profesionales de atenci\u00f3n al cliente forman parte de una estructura que combina <strong>experiencia, especializaci\u00f3n y vocaci\u00f3n de servicio<\/strong>. En un sector cada vez m\u00e1s exigente, donde el cliente busca seguridad, criterio y acompa\u00f1amiento, Gibeller aporta una ventaja diferencial: <strong>conocimiento experto y confianza construida durante generaciones<\/strong>.<\/p>\n<p class=\"ft-text\">Su cat\u00e1logo actual refleja esa evoluci\u00f3n. La empresa ofrece <strong>soluciones de alta gama para ba\u00f1os<\/strong>, con ba\u00f1eras tipo oasis, duchas funcionales de dise\u00f1o avanzado, lavabos elaborados con materiales exclusivos y mobiliario elegante. Tambi\u00e9n cuenta con <strong>equipamiento completo para cocinas<\/strong>, incluyendo superficies, grifer\u00eda, electrodom\u00e9sticos, complementos y mobiliario especializado. A ello se suma una <strong>marca propia centrada en spas y jacuzzis<\/strong>, que refuerza su posicionamiento en el \u00e1mbito del bienestar y el dise\u00f1o de espacios exclusivos.<\/p>\n<p class=\"ft-text\">En todos sus proyectos, Gibeller mantiene una filosof\u00eda clara: <strong>cada espacio debe combinar est\u00e9tica, resistencia, funcionalidad y sostenibilidad<\/strong>. Esta visi\u00f3n permite ofrecer soluciones adaptadas a distintos usos y estilos, siempre con el respaldo de un asesoramiento personalizado y del cumplimiento de los criterios t\u00e9cnicos que exige cada intervenci\u00f3n.<\/p>\n<p>Ubicaci\u00f3n de Gibeller Alicante en Google Maps.<\/p>\n<p class=\"ft-text\">Desde Sant Joan d\u2019Alacant, la compa\u00f1\u00eda mantiene vivo su v\u00ednculo con Alicante y con el territorio, pero con una mirada claramente orientada al futuro. Su reto ya no es solo conservar una historia centenaria, sino proyectarla hacia adelante con una <strong>marca s\u00f3lida, especializada y preparada para seguir siendo referente en dise\u00f1o, interiorismo y soluciones para espacios contempor\u00e1neos<\/strong>.<\/p>\n","protected":false},"excerpt":{"rendered":"Hay compa\u00f1\u00edas que no solo construyen una marca, sino que terminan formando parte de la identidad de un&hellip;\n","protected":false},"author":2,"featured_media":667917,"comment_status":"","ping_status":"","sticky":false,"template":"","format":"standard","meta":{"footnotes":""},"categories":[173],"tags":[108643,2206,988,229,233,231,230,3092,232,234,53113,146,147,25,24,121653,23],"class_list":["post-667916","post","type-post","status-publish","format-standard","has-post-thumbnail","category-arte-y-diseno","tag-108643","tag-alicante","tag-anos","tag-arte","tag-arte-y-diseno","tag-arts","tag-arts-and-design","tag-confianza","tag-design","tag-diseno","tag-empresa-familiar","tag-entertainment","tag-entretenimiento","tag-es","tag-espana","tag-gibeller","tag-spain"],"share_on_mastodon":{"url":"https:\/\/pubeurope.com\/@es\/116952516821372518","error":""},"_links":{"self":[{"href":"https:\/\/www.europesays.com\/es\/wp-json\/wp\/v2\/posts\/667916","targetHints":{"allow":["GET"]}}],"collection":[{"href":"https:\/\/www.europesays.com\/es\/wp-json\/wp\/v2\/posts"}],"about":[{"href":"https:\/\/www.europesays.com\/es\/wp-json\/wp\/v2\/types\/post"}],"author":[{"embeddable":true,"href":"https:\/\/www.europesays.com\/es\/wp-json\/wp\/v2\/users\/2"}],"replies":[{"embeddable":true,"href":"https:\/\/www.europesays.com\/es\/wp-json\/wp\/v2\/comments?post=667916"}],"version-history":[{"count":0,"href":"https:\/\/www.europesays.com\/es\/wp-json\/wp\/v2\/posts\/667916\/revisions"}],"wp:featuredmedia":[{"embeddable":true,"href":"https:\/\/www.europesays.com\/es\/wp-json\/wp\/v2\/media\/667917"}],"wp:attachment":[{"href":"https:\/\/www.europesays.com\/es\/wp-json\/wp\/v2\/media?parent=667916"}],"wp:term":[{"taxonomy":"category","embeddable":true,"href":"https:\/\/www.europesays.com\/es\/wp-json\/wp\/v2\/categories?post=667916"},{"taxonomy":"post_tag","embeddable":true,"href":"https:\/\/www.europesays.com\/es\/wp-json\/wp\/v2\/tags?post=667916"}],"curies":[{"name":"wp","href":"https:\/\/api.w.org\/{rel}","templated":true}]}}