{"id":66793,"date":"2025-08-23T11:39:10","date_gmt":"2025-08-23T11:39:10","guid":{"rendered":"https:\/\/www.europesays.com\/es\/66793\/"},"modified":"2025-08-23T11:39:10","modified_gmt":"2025-08-23T11:39:10","slug":"muere-un-hombre-natural-de-irun-tres-dias-despues-de-participar-como-voluntario-en-un-fuego-forestal-en-salamanca","status":"publish","type":"post","link":"https:\/\/www.europesays.com\/es\/66793\/","title":{"rendered":"Muere un hombre, natural de Irun, tres d\u00edas despu\u00e9s de participar como voluntario en un fuego forestal en Salamanca"},"content":{"rendered":"<p>Un hombre de 45 a\u00f1os, natural de Irun, falleci\u00f3 este martes en el hospital de Valladolid cinco d\u00edas despu\u00e9s de participar en las labores de  &#8230; extinci\u00f3n del incendio de Cip\u00e9rez (Salamanca), municipio cercano a Monleras, su lugar habitual de residencia. El var\u00f3n particip\u00f3 el jueves de la semana pasada en el operativo que luch\u00f3 contra el fuego y, seg\u00fan sus allegados, ese d\u00eda se empez\u00f3 a encontrar mal, si bien en su entorno no imaginaban que los s\u00edntomas evolucionar\u00edan hasta el punto de costarle la muerte.<\/p>\n<p class=\"v-p\">Tres d\u00edas despu\u00e9s de enfrentarse a las llamas y el humo, el domingo, se le paraliz\u00f3 temporalmente su pierna derecha y sufri\u00f3 una infecci\u00f3n de garganta, y fue el martes cuando not\u00f3 que su estado de salud se agravaba. Acudi\u00f3 al ambulatorio de su localidad y de all\u00ed le derivaron al hospital de Salamanca, donde vieron que necesitaba una intervenci\u00f3n por fisura en una arteria. Al tener a los cirujanos operando en ese momento, le mandaron con urgencia a Valladolid, a donde lleg\u00f3 en un estado muy cr\u00edtico hasta el punto de que en el centro hospitalario no pudieron m\u00e1s que certificar su fallecimiento.<\/p>\n<p class=\"v-p\">El portavoz de Vox en las Cortes de Castilla y Le\u00f3n, David Hierro, que conoc\u00eda al irundarra por haber compartido trabajos de arqueolog\u00eda con \u00e9l, fue quien m\u00e1s directamente vincul\u00f3 su fallecimiento con su participaci\u00f3n en las labores de extinci\u00f3n del incendio. No obstante, la Gerencia Regional de Salud de Castilla y Le\u00f3n (Sacyl) ha salido al paso de esta declaraci\u00f3n para asegurar que el fallecimiento \u00abno est\u00e1 relacionado con la inhalaci\u00f3n de humo\u00bb. Para dejarlo claro, en un comunicado ha a\u00f1adido que \u00abhasta el momento en Castilla y Le\u00f3n se han confirmado tres fallecimientos relacionados con los incendios producidos estos d\u00edas en la Comunidad\u00bb.<\/p>\n<p><img decoding=\"async\" loading=\"lazy\" src=\"https:\/\/www.europesays.com\/es\/wp-content\/uploads\/2025\/08\/107858519.jpg\" class=\"v-a-img\" width=\"1800\" height=\"1800\" alt=\"\" data-voc-vtm-id=\"in-text-traffic\"\/><\/p>\n<p><img loading=\"lazy\" decoding=\"async\" src=\"https:\/\/www.europesays.com\/es\/wp-content\/uploads\/2025\/08\/107858519.jpg\" class=\"v-mdl__img-z\" width=\"1800\" height=\"1800\" alt=\"\"\/><\/p>\n<p class=\"v-p\"><strong>\u00abEra muy querido aqu\u00ed\u00bb<\/strong><\/p>\n<p class=\"v-p\">El fallecido, Javier San Vicente, era una persona muy conocida en Irun, localidad que ha acogido con consternaci\u00f3n su muerte. Su padre, natural de Estella, y su madre, oriunda de Salamanca, se casaron en la localidad fronteriza guipuzcoana, donde nacieron sus dos hijos, Javier e I\u00f1igo. Viven en el barrio del Pinar, en Bera kalea, aunque pasan algunas temporadas en Salamanca.<\/p>\n<p class=\"v-p\">El padre, tambi\u00e9n de nombre Javier, ha convivido con varias generaciones de irundarras ya que fue muchos a\u00f1os profesor en Leka-enea, donde estudi\u00f3 tambi\u00e9n su hijo fallecido antes de completar su formaci\u00f3n en P\u00edo Baroja y marcharse a estudiar Arqueolog\u00eda a Salamanca. El otro hermano, I\u00f1igo, vive en Madrid pero tambi\u00e9n guarda muchas amistades en Irun, sobre todo en el entorno del club de tenis de mesa de Leka Enea en el que jug\u00f3 durante muchos a\u00f1os.<\/p>\n<p class=\"v-p\">El tr\u00e1gico suceso ha tenido lugar cuando toda la familia se encontraba en Salamanca, donde estos d\u00edas se celebraban las fiestas patronales de varios pueblos. El cuerpo fue trasladado al tanatorio de Sard\u00f3n de los Frailes, localidad de su madre, donde el jueves fue enterrado con presencia de sus seres queridos.<\/p>\n<p class=\"v-p\">Mientras tanto, en el municipio de Monleras, varios vecinos declaraban a este peri\u00f3dico que \u00abJavi era muy conocido y muy querido aqu\u00ed, sobre todo porque se involucraba en los asuntos del pueblo y, c\u00f3mo no, tambi\u00e9n en estas fechas en la extinci\u00f3n del fuego que nos ha asolado con tanta virulencia. El pasado jueves se march\u00f3 a combatirlo al pueblo de El Groo, que est\u00e1 aqu\u00ed al lado, donde necesitaban ayuda\u00bb.<\/p>\n<p class=\"v-p\">Tambi\u00e9n era reconocido en el \u00e1mbito de la arqueolog\u00eda. Hab\u00eda participado en trabajos del Museo de la Siderurgia y la Miner\u00eda de Castilla y Le\u00f3n. Lider\u00f3 proyectos de recuperaci\u00f3n de los antiguos hornos altos de la Ferrer\u00eda de San Blas, en el municipio leon\u00e9s de Sabero.<\/p>\n<p class=\"v-p\">La autopsia determinar\u00e1 la causa de un fallecimiento del que se habl\u00f3 incluso en la Diputaci\u00f3n Permanente de las Cortes de Castilla y Le\u00f3n, que acordaron la comparecencia extraordinaria del presidente de la Junta, Alfonso Fern\u00e1ndez Ma\u00f1ueco, para abordar su gesti\u00f3n de los incendios. El representante de la UPL, Luis Mariano Santos, primero, y posteriormente el portavoz de Vox, David Hierro, aludieron a la muerte del irundarra y la vincularon con su participaci\u00f3n en las labores de extinci\u00f3n del incendio de Cip\u00e9rez.<\/p>\n<p class=\"v-p\">En la reuni\u00f3n de la Diputaci\u00f3n Permanente se guard\u00f3 un minuto de silencio por los fallecidos (tres seg\u00fan la Junta y cuatro para las formaciones UPL y Vox) y se dio luz verde a la petici\u00f3n, por parte de una quinta parte de los miembros de la C\u00e1mara, de celebrar un Pleno monogr\u00e1fico con la comparecencia de Ma\u00f1ueco en periodo extraordinario, es decir, antes de que comience septiembre.<\/p>\n","protected":false},"excerpt":{"rendered":"Un hombre de 45 a\u00f1os, natural de Irun, falleci\u00f3 este martes en el hospital de Valladolid cinco d\u00edas&hellip;\n","protected":false},"author":2,"featured_media":66794,"comment_status":"","ping_status":"","sticky":false,"template":"","format":"standard","meta":{"footnotes":""},"categories":[8],"tags":[17,18,25,24,13,14,21034,4513,11,19,20,8938,9,10,15,16,27065,3614,23,12,21,22,7674,12590],"class_list":{"0":"post-66793","1":"post","2":"type-post","3":"status-publish","4":"format-standard","5":"has-post-thumbnail","7":"category-espana","8":"tag-breaking-news","9":"tag-breakingnews","10":"tag-es","11":"tag-espana","12":"tag-featured-news","13":"tag-featurednews","14":"tag-forestal","15":"tag-fuego","16":"tag-headlines","17":"tag-latest-news","18":"tag-latestnews","19":"tag-muere","20":"tag-news","21":"tag-noticias","22":"tag-noticias-destacadas","23":"tag-noticiasdestacadas","24":"tag-participo","25":"tag-salamanca","26":"tag-spain","27":"tag-titulares","28":"tag-ultimas-noticias","29":"tag-ultimasnoticias","30":"tag-vasco","31":"tag-voluntario"},"share_on_mastodon":{"url":"","error":""},"_links":{"self":[{"href":"https:\/\/www.europesays.com\/es\/wp-json\/wp\/v2\/posts\/66793","targetHints":{"allow":["GET"]}}],"collection":[{"href":"https:\/\/www.europesays.com\/es\/wp-json\/wp\/v2\/posts"}],"about":[{"href":"https:\/\/www.europesays.com\/es\/wp-json\/wp\/v2\/types\/post"}],"author":[{"embeddable":true,"href":"https:\/\/www.europesays.com\/es\/wp-json\/wp\/v2\/users\/2"}],"replies":[{"embeddable":true,"href":"https:\/\/www.europesays.com\/es\/wp-json\/wp\/v2\/comments?post=66793"}],"version-history":[{"count":0,"href":"https:\/\/www.europesays.com\/es\/wp-json\/wp\/v2\/posts\/66793\/revisions"}],"wp:featuredmedia":[{"embeddable":true,"href":"https:\/\/www.europesays.com\/es\/wp-json\/wp\/v2\/media\/66794"}],"wp:attachment":[{"href":"https:\/\/www.europesays.com\/es\/wp-json\/wp\/v2\/media?parent=66793"}],"wp:term":[{"taxonomy":"category","embeddable":true,"href":"https:\/\/www.europesays.com\/es\/wp-json\/wp\/v2\/categories?post=66793"},{"taxonomy":"post_tag","embeddable":true,"href":"https:\/\/www.europesays.com\/es\/wp-json\/wp\/v2\/tags?post=66793"}],"curies":[{"name":"wp","href":"https:\/\/api.w.org\/{rel}","templated":true}]}}