{"id":66799,"date":"2025-08-23T11:42:08","date_gmt":"2025-08-23T11:42:08","guid":{"rendered":"https:\/\/www.europesays.com\/es\/66799\/"},"modified":"2025-08-23T11:42:08","modified_gmt":"2025-08-23T11:42:08","slug":"clovis-se-alza-con-el-bolsin-taurino-de-nimes-metropole","status":"publish","type":"post","link":"https:\/\/www.europesays.com\/es\/66799\/","title":{"rendered":"Clovis se alza con el Bols\u00edn Taurino de N\u00eemes M\u00e9tropole"},"content":{"rendered":"<ul>\n<li style=\"text-align: justify;\"><strong>En la final, el novillero franc\u00e9s cort\u00f3 un total de tres orejas en su lote<\/strong><\/li>\n<\/ul>\n<p style=\"text-align: justify;\">El Jueves se celebr\u00f3 en la Ganader\u00eda de La Paluna el Tentadero clasificatorio, con los 14 novilleros que fueron seleccionados para el Bols\u00edn Taurino de N\u00eemes M\u00e9tropole 2025.<\/p>\n<p style=\"text-align: justify;\">De esta clasificatoria pasaron a la Semifinal celebrada tambi\u00e9n en la Ganader\u00eda de La Paluna el Viernes en sesi\u00f3n matinal: Clovis (Escuela Taurina de B\u00e9ziers-M\u00e9diterran\u00e9e), Hugo Casado (Escuela Taurina de Catalu\u00f1a), Isaac Galv\u00edn (Escuela Taurina de San Fernando), Hugo Tarbelli (Escuela Taurina de Navas del Rey), Esteban Navarro (Escuela Taurina de B\u00e9ziers-M\u00e9diterran\u00e9e) y Cristian Restrepo (Escuela Taurina de Navas del Rey).<\/p>\n<p style=\"text-align: justify;\"><strong>Clovis, Cristian Restrepo y Hugo Tarbelli<\/strong> fueron los <strong>tres novilleros<\/strong> que se <strong>clasificaron<\/strong> para la <strong>Final<\/strong> del Certamen, celebrada en la Plaza de Toros de Saint-Gilles, lidi\u00e1ndose erales de Fran\u00e7ois Andr\u00e9 y Bernard Taurelle.\u00a0<\/p>\n<p style=\"text-align: justify;\">Finalizado el festejo y tras el recuento de las papeletas emitidas por el p\u00fablico, <strong>Clovis fue declarado como ganador del Bols\u00edn.<\/strong><\/p>\n<p><strong>Bols\u00edn Taurino N\u00eemes M\u00e9tropole<\/strong><\/p>\n<p>VIERNES 22 DE AGOSTO \u2013 Gran Final<\/p>\n<p><strong>Plaza de Toros de Saint-Gilles<\/strong><\/p>\n<p>Ganader\u00edas de Fran\u00e7ois Andr\u00e9 y Bernard Taurelle<\/p>\n<p><strong>Clovis Germain<\/strong> (ET B\u00e9ziers): <strong>o<\/strong><strong>reja y dos orejas<\/strong><\/p>\n<p><strong>Cristian Restrepo<\/strong> (ET Navas del Rey): <strong>ovaci\u00f3n y ovaci\u00f3n<\/strong><\/p>\n<p><strong>Hugo Tarbelli<\/strong> (ET Navas del Rey): <strong>ovaci\u00f3n<\/strong><strong> y oreja<\/strong><\/p>\n<p style=\"text-align: right;\">Foto: <strong>Anthony Maurin<\/strong><\/p>\n<p>\n\tRelacionado<\/p>\n","protected":false},"excerpt":{"rendered":"En la final, el novillero franc\u00e9s cort\u00f3 un total de tres orejas en su lote El Jueves se&hellip;\n","protected":false},"author":2,"featured_media":66800,"comment_status":"","ping_status":"","sticky":false,"template":"","format":"standard","meta":{"footnotes":""},"categories":[277],"tags":[27066,373,4579,168,25,24,317,27067,23,167,374],"class_list":{"0":"post-66799","1":"post","2":"type-post","3":"status-publish","4":"format-standard","5":"has-post-thumbnail","7":"category-toreo","8":"tag-bolsu00edn-de-nu00eemes-mu00e9tropole","9":"tag-bullfighting","10":"tag-clovis-germain","11":"tag-deportes","12":"tag-es","13":"tag-espana","14":"tag-francia","15":"tag-saint-guilles","16":"tag-spain","17":"tag-sports","18":"tag-toreo"},"share_on_mastodon":{"url":"","error":""},"_links":{"self":[{"href":"https:\/\/www.europesays.com\/es\/wp-json\/wp\/v2\/posts\/66799","targetHints":{"allow":["GET"]}}],"collection":[{"href":"https:\/\/www.europesays.com\/es\/wp-json\/wp\/v2\/posts"}],"about":[{"href":"https:\/\/www.europesays.com\/es\/wp-json\/wp\/v2\/types\/post"}],"author":[{"embeddable":true,"href":"https:\/\/www.europesays.com\/es\/wp-json\/wp\/v2\/users\/2"}],"replies":[{"embeddable":true,"href":"https:\/\/www.europesays.com\/es\/wp-json\/wp\/v2\/comments?post=66799"}],"version-history":[{"count":0,"href":"https:\/\/www.europesays.com\/es\/wp-json\/wp\/v2\/posts\/66799\/revisions"}],"wp:featuredmedia":[{"embeddable":true,"href":"https:\/\/www.europesays.com\/es\/wp-json\/wp\/v2\/media\/66800"}],"wp:attachment":[{"href":"https:\/\/www.europesays.com\/es\/wp-json\/wp\/v2\/media?parent=66799"}],"wp:term":[{"taxonomy":"category","embeddable":true,"href":"https:\/\/www.europesays.com\/es\/wp-json\/wp\/v2\/categories?post=66799"},{"taxonomy":"post_tag","embeddable":true,"href":"https:\/\/www.europesays.com\/es\/wp-json\/wp\/v2\/tags?post=66799"}],"curies":[{"name":"wp","href":"https:\/\/api.w.org\/{rel}","templated":true}]}}